{"id":17475,"date":"2026-01-11T18:08:08","date_gmt":"2026-01-11T18:08:08","guid":{"rendered":"https:\/\/www.europesays.com\/africa\/17475\/"},"modified":"2026-01-11T18:08:08","modified_gmt":"2026-01-11T18:08:08","slug":"touba-serigne-mbacke-mara-appelle-a-une-reforme-profonde-de-l-etat-civil-et-du-code-de-la-famille-juges-anachroniques-fragiles-et-mediocres-a-bien-des-niveaux","status":"publish","type":"post","link":"https:\/\/www.europesays.com\/africa\/17475\/","title":{"rendered":"TOUBA \u2013 Serigne Mback\u00e9 Mara appelle \u00e0 une r\u00e9forme profonde de l \u00bb\u2019\u00e9tat civil et du code de la famille jug\u00e9s anachroniques, fragiles et m\u00e9diocres \u00e0 bien des niveaux \u00bb"},"content":{"rendered":"<p>\t\t\t\t\t Serigne Mback\u00e9 Mara, Pr\u00e9sident de \u00ab\u00a0 Solidarit\u00e9 Sans Fronti\u00e8res \u00bb\u00a0 et conseiller municipal a la commune de Touba, a plaid\u00e9 c ce week-end , pour une r\u00e9novation urgente du code de la famille du S\u00e9n\u00e9gal et une r\u00e9forme en profondeur du syst\u00e8me d\u2019\u00e9tat civil. Selon lui, le pays ne peut plus continuer \u00e0 s\u2019appuyer sur des \u00ab r\u00e9alit\u00e9s occidentales \u00bb alors qu\u2019il dispose de ses propres r\u00e9f\u00e9rences culturelles. <\/p>\n<p>Une impasse institutionnelle <\/p>\n<p>Le responsable religieux estime que l\u2019\u00e9tat civil s\u00e9n\u00e9galais traverse une \u00ab impasse terrible \u00bb, et que l\u2019ex\u00e9cutif, le l\u00e9gislatif et le parlement ont chacun une responsabilit\u00e9 \u00e0 assumer pour sortir de cette crise. <\/p>\n<p>La situation des enfants de parents \u00e9trangers <\/p>\n<p>Il a insist\u00e9 sur la n\u00e9cessit\u00e9 de clarifier les r\u00e8gles concernant les enfants n\u00e9s au S\u00e9n\u00e9gal de parents \u00e9trangers. Ces derniers doivent pouvoir d\u00e9clarer leurs enfants dans les mairies, avec des proc\u00e9dures transparentes et accessibles. Il a \u00e9galement soulign\u00e9 que les conditions d\u2019acquisition de la nationalit\u00e9 s\u00e9n\u00e9galaise pour les \u00e9trangers restent floues et doivent \u00eatre revues. <\/p>\n<p>Les cartes d\u2019identit\u00e9 biom\u00e9triques <\/p>\n<p>Serigne Mback\u00e9 Mara a alert\u00e9 sur l\u2019\u00e9ch\u00e9ance de 2027, date \u00e0 laquelle 80 % des cartes d\u2019identit\u00e9 biom\u00e9triques seront caduques. Pour le renouvellement, il propose d\u2019exiger des extraits de naissance, voire des certificats de nationalit\u00e9 en cas de doute, afin d\u2019\u00e9viter que des non-S\u00e9n\u00e9galais ne puissent obtenir des documents officiels. <\/p>\n<p>Num\u00e9risation : s\u00e9curiser avant de digitaliser <\/p>\n<p>Alors que le gouvernement a annonc\u00e9 l\u2019acc\u00e9l\u00e9ration de la digitalisation de l\u2019\u00e9tat civil, Serigne Mback\u00e9 Mara met en garde contre les risques li\u00e9s \u00e0 la num\u00e9risation d\u2019actes falsifi\u00e9s ou erron\u00e9s. \u00ab Avant de num\u00e9riser, il faut s\u00e9curiser les donn\u00e9es personnelles \u00bb, a-t-il insist\u00e9, \u00e9voquant un enjeu s\u00e9curitaire majeur. Il recommande une indexation fiable, une v\u00e9rification des archives et une formation renforc\u00e9e des agents. <\/p>\n<p>Les limites du personnel et du programme NEKAL <\/p>\n<p>Le chef religieux a \u00e9galement d\u00e9nonc\u00e9 la pr\u00e9carit\u00e9 du personnel de l\u2019\u00e9tat civil, souvent nomm\u00e9 par les maires pour des raisons politiques et r\u00e9mun\u00e9r\u00e9 \u00e0 hauteur de 70 000 francs CFA par mois. Il appelle \u00e0 une int\u00e9gration dans la fonction publique locale et \u00e0 une r\u00e9vision du programme NEKAL, mis en place par l\u2019Agence nationale de l\u2019\u00e9tat civil (ANEC). <\/p>\n<p>En r\u00e9sum\u00e9 <\/p>\n<p>Pour Serigne Mback\u00e9 Mara, l\u2019\u00c9tat doit : <\/p>\n<p>* Revoir la nomination des agents et officiers d\u2019\u00e9tat civil, trop d\u00e9pendants des maires en exercice. <br \/>* Clarifier les conditions d\u2019acquisition de la nationalit\u00e9 pour les \u00e9trangers r\u00e9sidant au S\u00e9n\u00e9gal. <br \/>* Encadrer l\u2019int\u00e9gration des enfants de parents \u00e9trangers. <br \/>* S\u00e9curiser la num\u00e9risation des donn\u00e9es avant toute digitalisation massive. <br \/>* Garantir des conditions de travail d\u00e9centes aux agents de l\u2019\u00e9tat civil.\n\t\t\t\t <\/p>\n","protected":false},"excerpt":{"rendered":"Serigne Mback\u00e9 Mara, Pr\u00e9sident de \u00ab\u00a0 Solidarit\u00e9 Sans Fronti\u00e8res \u00bb\u00a0 et conseiller municipal a la commune de Touba,&hellip;\n","protected":false},"author":2,"featured_media":17476,"comment_status":"","ping_status":"","sticky":false,"template":"","format":"standard","meta":{"footnotes":""},"categories":[48],"tags":[64,274,279,273,277,278,271,281,283,272,280,276,275,159,282],"class_list":{"0":"post-17475","1":"post","2":"type-post","3":"status-publish","4":"format-standard","5":"has-post-thumbnail","7":"category-senegal","8":"tag-afrique","9":"tag-aliou-cisse","10":"tag-amadou-ba","11":"tag-apr","12":"tag-bassirou-diomaye-faye","13":"tag-bathelemy-dias","14":"tag-dakar","15":"tag-el-malick-ndiaye","16":"tag-guy-marius-sagna","17":"tag-macky-sall","18":"tag-madiambal-diagne","19":"tag-ousmane-sonko","20":"tag-pastef","21":"tag-senegal","22":"tag-ziguinchor"},"share_on_mastodon":{"url":"","error":""},"_links":{"self":[{"href":"https:\/\/www.europesays.com\/africa\/wp-json\/wp\/v2\/posts\/17475","targetHints":{"allow":["GET"]}}],"collection":[{"href":"https:\/\/www.europesays.com\/africa\/wp-json\/wp\/v2\/posts"}],"about":[{"href":"https:\/\/www.europesays.com\/africa\/wp-json\/wp\/v2\/types\/post"}],"author":[{"embeddable":true,"href":"https:\/\/www.europesays.com\/africa\/wp-json\/wp\/v2\/users\/2"}],"replies":[{"embeddable":true,"href":"https:\/\/www.europesays.com\/africa\/wp-json\/wp\/v2\/comments?post=17475"}],"version-history":[{"count":0,"href":"https:\/\/www.europesays.com\/africa\/wp-json\/wp\/v2\/posts\/17475\/revisions"}],"wp:featuredmedia":[{"embeddable":true,"href":"https:\/\/www.europesays.com\/africa\/wp-json\/wp\/v2\/media\/17476"}],"wp:attachment":[{"href":"https:\/\/www.europesays.com\/africa\/wp-json\/wp\/v2\/media?parent=17475"}],"wp:term":[{"taxonomy":"category","embeddable":true,"href":"https:\/\/www.europesays.com\/africa\/wp-json\/wp\/v2\/categories?post=17475"},{"taxonomy":"post_tag","embeddable":true,"href":"https:\/\/www.europesays.com\/africa\/wp-json\/wp\/v2\/tags?post=17475"}],"curies":[{"name":"wp","href":"https:\/\/api.w.org\/{rel}","templated":true}]}}