{"id":17477,"date":"2026-01-11T18:09:15","date_gmt":"2026-01-11T18:09:15","guid":{"rendered":"https:\/\/www.europesays.com\/africa\/17477\/"},"modified":"2026-01-11T18:09:15","modified_gmt":"2026-01-11T18:09:15","slug":"les-cascades-dimouzzer-ida-outanane-renaissent-et-attirent-visiteurs-et-touristes","status":"publish","type":"post","link":"https:\/\/www.europesays.com\/africa\/17477\/","title":{"rendered":"Les cascades d\u2019Imouzzer Ida-Outanane renaissent et attirent visiteurs et touristes"},"content":{"rendered":"<p class=\"default__StyledText-sc-10mj2vp-0 CxBBS body-paragraph\">Les r\u00e9centes pr\u00e9cipitations ont redonn\u00e9 vie aux cascades d\u2019Imouzzer Ida-Outanane, situ\u00e9es dans l\u2019arri\u00e8re-pays d\u2019Agadir, apr\u00e8s plus de quatre ann\u00e9es d\u2019ass\u00e8chement caus\u00e9 par une s\u00e9cheresse persistante. Ce retour de l\u2019eau a transform\u00e9 la r\u00e9gion en un p\u00f4le d\u2019attraction majeur, aussi bien pour les visiteurs marocains que pour les touristes \u00e9trangers de diff\u00e9rentes nationalit\u00e9s, relan\u00e7ant l\u2019activit\u00e9 touristique et \u00e9conomique locale.<\/p>\n<p class=\"default__StyledText-sc-10mj2vp-0 CxBBS body-paragraph\">Avec la reprise de l\u2019\u00e9coulement des cascades, les paysages ont retrouv\u00e9 leur \u00e9clat naturel. Les montagnes verdoyantes, les chutes d\u2019eau et le climat temp\u00e9r\u00e9 offrent d\u00e9sormais un d\u00e9cor particuli\u00e8rement appr\u00e9ci\u00e9 des amateurs de nature et de tourisme de montagne. Cette dynamique nouvelle se refl\u00e8te dans l\u2019affluence croissante observ\u00e9e ces derni\u00e8res semaines.<\/p>\n<p class=\"default__StyledText-sc-10mj2vp-0 CxBBS body-paragraph\">Germaine, une touriste fran\u00e7aise en visite dans la r\u00e9gion, se dit ravie de d\u00e9couvrir Imouzzer Ida-Outanane, qu\u2019elle d\u00e9crit comme un espace riche en atouts naturels. Elle souligne la beaut\u00e9 des montagnes, la fra\u00eecheur des cascades, la verdure environnante ainsi que la simplicit\u00e9 et l\u2019hospitalit\u00e9 de la population locale, qui contribuent, selon elle, \u00e0 rendre le s\u00e9jour particuli\u00e8rement agr\u00e9able.<\/p>\n<p class=\"default__StyledText-sc-10mj2vp-0 CxBBS body-paragraph\">Elle pr\u00e9cise toutefois que l\u2019acc\u00e8s aux cascades constitue une v\u00e9ritable aventure pour les visiteurs, en raison de l\u2019\u00e9troitesse de la route et de son \u00e9tat, fragilis\u00e9 par les r\u00e9centes pluies. Malgr\u00e9 ces contraintes, elle affirme ressentir une grande joie en parcourant les sites touristiques du Royaume, estimant que ces difficult\u00e9s font partie du charme du voyage.<\/p>\n<p class=\"interstitial-link block-margin-bottom\">Lire aussi : <a href=\"https:\/\/fr.le360.ma\/economie\/les-barrages-font-le-plein-10-infrastructures-hydrauliques-atteignent-leur-capacite-maximale_6C4WOKVBSNH5JCHN24EAYWZTDY\/\" aria-label=\"Ouvrir un article associ\u00e9\" class=\"default__StyledLink-sc-10mj2vp-1 kkYPzd\" rel=\"nofollow noopener\" target=\"_blank\">Les barrages font le plein: 10 infrastructures hydrauliques atteignent leur capacit\u00e9 maximale<\/a><\/p>\n<p class=\"default__StyledText-sc-10mj2vp-0 CxBBS body-paragraph\">De son c\u00f4t\u00e9, Angela, une touriste allemande venue au Maroc accompagn\u00e9e de son \u00e9poux, explique avoir choisi Imouzzer Ida-Outanane pour ses sp\u00e9cificit\u00e9s touristiques, notamment en mati\u00e8re de tourisme de montagne. Elle se dit impressionn\u00e9e par la renaissance des cascades gr\u00e2ce aux pluies et par l\u2019atmosph\u00e8re g\u00e9n\u00e9rale qui r\u00e8gne dans la r\u00e9gion, qu\u2019elle qualifie de paisible et revitalisante.<\/p>\n<p class=\"default__StyledText-sc-10mj2vp-0 CxBBS body-paragraph\">Les habitants locaux se f\u00e9licitent \u00e9galement de cette transformation. Ibrahim Barra, r\u00e9sident d\u2019Imouzzer Ida-Outanane, indique que les pluies ont redonn\u00e9 vie aux cascades les plus embl\u00e9matiques de la r\u00e9gion de Souss-Massa, apr\u00e8s une interruption de plus de quatre ans. Selon lui, ce renouveau naturel a eu un impact direct sur la fr\u00e9quentation touristique.<\/p>\n<p lang=\"fr\">\u0634\u0644\u0627\u0644\u0627\u062a \u0625\u064a\u0645\u0648\u0632\u0627\u0631 \u0625\u062f\u0627\u0648\u062a\u0646\u0627\u0646 \u0628\u0639\u062f \u0627\u0644\u0623\u0645\u0637\u0627\u0631 \u0627\u0644\u063a\u0632\u064a\u0631\u0629<\/p>\n<p><img loading=\"lazy\" decoding=\"async\" src=\"https:\/\/fr.le360.ma\/pf\/resources\/images\/back.svg?d=289\" width=\"10\" height=\"20\"\/><img loading=\"lazy\" decoding=\"async\" src=\"https:\/\/fr.le360.ma\/pf\/resources\/images\/next.svg?d=289\" width=\"10\" height=\"20\"\/><img loading=\"lazy\" decoding=\"async\" src=\"https:\/\/fr.le360.ma\/pf\/resources\/images\/fullscreen.svg?d=289\" width=\"28\" height=\"28\"\/><img loading=\"lazy\" decoding=\"async\" src=\"https:\/\/fr.le360.ma\/pf\/resources\/images\/pause.svg?d=289\" width=\"30\" height=\"30\"\/><\/p>\n<p class=\"default__StyledText-sc-10mj2vp-0 CxBBS body-paragraph\">Il invite les visiteurs \u00e0 d\u00e9couvrir ces sites, estimant que la r\u00e9gion r\u00e9unit toutes les conditions n\u00e9cessaires pour un s\u00e9jour r\u00e9ussi. Il met en avant l\u2019existence d\u2019infrastructures d\u2019accueil vari\u00e9es, telles que des h\u00f4tels, des maisons d\u2019h\u00f4tes, des restaurants et des caf\u00e9s, capables de satisfaire diff\u00e9rents go\u00fbts, tout en conservant une touche locale authentique.<\/p>\n<p class=\"default__StyledText-sc-10mj2vp-0 CxBBS body-paragraph\">La reprise de l\u2019activit\u00e9 des cascades appara\u00eet ainsi comme un v\u00e9ritable levier de relance pour Imouzzer Ida-Outanane. Au-del\u00e0 de l\u2019aspect environnemental, ce ph\u00e9nom\u00e8ne naturel contribue \u00e0 revitaliser l\u2019\u00e9conomie locale, offrant de nouvelles perspectives aux habitants et confirmant le potentiel touristique durable de la r\u00e9gion.<\/p>\n","protected":false},"excerpt":{"rendered":"Les r\u00e9centes pr\u00e9cipitations ont redonn\u00e9 vie aux cascades d\u2019Imouzzer Ida-Outanane, situ\u00e9es dans l\u2019arri\u00e8re-pays d\u2019Agadir, apr\u00e8s plus de quatre&hellip;\n","protected":false},"author":2,"featured_media":17478,"comment_status":"","ping_status":"","sticky":false,"template":"","format":"standard","meta":{"footnotes":""},"categories":[41],"tags":[11028,11027,158,393,2561],"class_list":{"0":"post-17477","1":"post","2":"type-post","3":"status-publish","4":"format-standard","5":"has-post-thumbnail","7":"category-maroc","8":"tag-cascades","9":"tag-imouzzer","10":"tag-maroc","11":"tag-pluies","12":"tag-secheresse"},"share_on_mastodon":{"url":"","error":""},"_links":{"self":[{"href":"https:\/\/www.europesays.com\/africa\/wp-json\/wp\/v2\/posts\/17477","targetHints":{"allow":["GET"]}}],"collection":[{"href":"https:\/\/www.europesays.com\/africa\/wp-json\/wp\/v2\/posts"}],"about":[{"href":"https:\/\/www.europesays.com\/africa\/wp-json\/wp\/v2\/types\/post"}],"author":[{"embeddable":true,"href":"https:\/\/www.europesays.com\/africa\/wp-json\/wp\/v2\/users\/2"}],"replies":[{"embeddable":true,"href":"https:\/\/www.europesays.com\/africa\/wp-json\/wp\/v2\/comments?post=17477"}],"version-history":[{"count":0,"href":"https:\/\/www.europesays.com\/africa\/wp-json\/wp\/v2\/posts\/17477\/revisions"}],"wp:featuredmedia":[{"embeddable":true,"href":"https:\/\/www.europesays.com\/africa\/wp-json\/wp\/v2\/media\/17478"}],"wp:attachment":[{"href":"https:\/\/www.europesays.com\/africa\/wp-json\/wp\/v2\/media?parent=17477"}],"wp:term":[{"taxonomy":"category","embeddable":true,"href":"https:\/\/www.europesays.com\/africa\/wp-json\/wp\/v2\/categories?post=17477"},{"taxonomy":"post_tag","embeddable":true,"href":"https:\/\/www.europesays.com\/africa\/wp-json\/wp\/v2\/tags?post=17477"}],"curies":[{"name":"wp","href":"https:\/\/api.w.org\/{rel}","templated":true}]}}