{"id":17512,"date":"2026-01-11T18:38:07","date_gmt":"2026-01-11T18:38:07","guid":{"rendered":"https:\/\/www.europesays.com\/africa\/17512\/"},"modified":"2026-01-11T18:38:07","modified_gmt":"2026-01-11T18:38:07","slug":"lalgerie-saisit-la-fifa-contre-larbitrage-du-match-contre-le-nigeria","status":"publish","type":"post","link":"https:\/\/www.europesays.com\/africa\/17512\/","title":{"rendered":"l\u2019Alg\u00e9rie saisit la Fifa contre l\u2019arbitrage du match contre le Nigeria"},"content":{"rendered":"<p>            <img decoding=\"async\" alt=\"L'\u00e9quipe alg\u00e9rienne avant le match contre le Nigeria.\" src=\"https:\/\/www.europesays.com\/africa\/wp-content\/uploads\/2026\/01\/068_aa_10012026_2597543-2.jpg\" width=\"375\" height=\"250\" loading=\"lazy\"\/><\/p>\n<p>\n    L&#8217;\u00e9quipe alg\u00e9rienne avant le match contre le Nigeria.<\/p>\n<p>                AFP<br \/>\n                                        \/<br \/>\n                                                    \u00a9 Abu Adem Muhammed \/ ANADOLU<\/p>\n<p>Une d\u00e9faite difficile \u00e0 avaler. La F\u00e9d\u00e9ration alg\u00e9rienne de football (FAF) a d\u00e9pos\u00e9 une r\u00e9clamation aupr\u00e8s de la Conf\u00e9d\u00e9ration africaine de football (CAF) et de la Fifa concernant l\u2019arbitrage du quart de finale de la CAN, disput\u00e9 ce samedi \u00e0 Marrakech, lors duquel <a href=\"https:\/\/www.lejdd.fr\/politique\/vous-avez-ete-les-colons-la-nouvelle-diatribe-pro-algerie-de-jean-luc-melenchon-165736\" rel=\"nofollow noopener\" target=\"_blank\">l\u2019Alg\u00e9rie<\/a> s\u2019est inclin\u00e9e face au Nigeria (0-2).<\/p>\n<p>Pour les Alg\u00e9riens qui sont d\u00e9sormais \u00e9limin\u00e9s de la comp\u00e9tition, certains faits de jeu ont pes\u00e9 sur l\u2019issue du match. Parmi eux, une main dans la surface non sanctionn\u00e9e en tout d\u00e9but de rencontre. Cette d\u00e9cision a suscit\u00e9 de vives r\u00e9actions au sein de l\u2019\u00e9quipe alg\u00e9rienne, tr\u00e8s nerveuse tout au long de la rencontre. Au coup de sifflet final, les joueurs sont m\u00eame all\u00e9s demander des comptes au corps arbitral, obligeant la s\u00e9curit\u00e9 \u00e0 intervenir pour calmer les esprits. Luca Zidane s\u2019est par exemple expliqu\u00e9 brutalement face \u00e0 Fisayo Dele-Bashiru.<\/p>\n<p>    La suite apr\u00e8s cette publicit\u00e9<\/p>\n<p>\u00ab\u00a0L\u2019arbitrage\u00a0? Tout le monde l\u2019a vu\u00a0\u00bb<\/p>\n<p>En zone mixte, plus de deux heures apr\u00e8s la fin du match \u2013 retard d\u00fb \u00e0 de vives \u00e9chauffour\u00e9es entre journalistes \u2013 les joueurs alg\u00e9riens se sont finalement pr\u00e9sent\u00e9s et n\u2019ont pas manqu\u00e9 de tancer l\u2019arbitrage du jour.<\/p>\n<p>    La suite apr\u00e8s cette publicit\u00e9<\/p>\n<p>\u00ab\u00a0L\u2019arbitrage\u00a0? Tout le monde l\u2019a vu. L\u2019arbitre donnait des cartons jaunes tr\u00e8s facilement, alors que quand c\u2019\u00e9taient des fautes sur nous, il ne les sortait pas. Ce sont des petits d\u00e9tails, et le football se joue sur des petits d\u00e9tails. Maintenant, comme j\u2019ai dit, c\u2019est le football. Inch\u2019Allah que la prochaine g\u00e9n\u00e9ration fasse de meilleures choses que nous en Afrique\u00a0\u00bb, a d\u00e9clar\u00e9 l\u2019attaquant alg\u00e9rien Riyad Mahrez.<\/p>\n","protected":false},"excerpt":{"rendered":"L&#8217;\u00e9quipe alg\u00e9rienne avant le match contre le Nigeria. AFP \/ \u00a9 Abu Adem Muhammed \/ ANADOLU Une d\u00e9faite&hellip;\n","protected":false},"author":2,"featured_media":17513,"comment_status":"","ping_status":"","sticky":false,"template":"","format":"standard","meta":{"footnotes":""},"categories":[254],"tags":[255],"class_list":{"0":"post-17512","1":"post","2":"type-post","3":"status-publish","4":"format-standard","5":"has-post-thumbnail","7":"category-algerie","8":"tag-algerie"},"share_on_mastodon":{"url":"","error":""},"_links":{"self":[{"href":"https:\/\/www.europesays.com\/africa\/wp-json\/wp\/v2\/posts\/17512","targetHints":{"allow":["GET"]}}],"collection":[{"href":"https:\/\/www.europesays.com\/africa\/wp-json\/wp\/v2\/posts"}],"about":[{"href":"https:\/\/www.europesays.com\/africa\/wp-json\/wp\/v2\/types\/post"}],"author":[{"embeddable":true,"href":"https:\/\/www.europesays.com\/africa\/wp-json\/wp\/v2\/users\/2"}],"replies":[{"embeddable":true,"href":"https:\/\/www.europesays.com\/africa\/wp-json\/wp\/v2\/comments?post=17512"}],"version-history":[{"count":0,"href":"https:\/\/www.europesays.com\/africa\/wp-json\/wp\/v2\/posts\/17512\/revisions"}],"wp:featuredmedia":[{"embeddable":true,"href":"https:\/\/www.europesays.com\/africa\/wp-json\/wp\/v2\/media\/17513"}],"wp:attachment":[{"href":"https:\/\/www.europesays.com\/africa\/wp-json\/wp\/v2\/media?parent=17512"}],"wp:term":[{"taxonomy":"category","embeddable":true,"href":"https:\/\/www.europesays.com\/africa\/wp-json\/wp\/v2\/categories?post=17512"},{"taxonomy":"post_tag","embeddable":true,"href":"https:\/\/www.europesays.com\/africa\/wp-json\/wp\/v2\/tags?post=17512"}],"curies":[{"name":"wp","href":"https:\/\/api.w.org\/{rel}","templated":true}]}}