{"id":17532,"date":"2026-01-11T18:52:05","date_gmt":"2026-01-11T18:52:05","guid":{"rendered":"https:\/\/www.europesays.com\/africa\/17532\/"},"modified":"2026-01-11T18:52:05","modified_gmt":"2026-01-11T18:52:05","slug":"can-2025-la-faf-saisit-la-caf-et-la-fifa-contre-larbitrage-du-match-algerie","status":"publish","type":"post","link":"https:\/\/www.europesays.com\/africa\/17532\/","title":{"rendered":"CAN 2025 : la FAF saisit la CAF et la FIFA contre l\u2019arbitrage du match Alg\u00e9rie"},"content":{"rendered":"<p class=\"p1\">La r\u00e9action de <a href=\"https:\/\/www.tsa-algerie.com\/alerte-can-2025-lalgerie-saisit-la-caf-et-la-fifa-contre-larbitrage\/\" rel=\"nofollow noopener\" target=\"_blank\">l\u2019Alg\u00e9rie<\/a> n\u2019a pas tard\u00e9 apr\u00e8s l\u2019arbitrage scandaleux qui a entach\u00e9 le quart de finale de la Coupe d\u2019Afrique des nations 2025, samedi face au Nigeria (0-2).<\/p>\n<p class=\"p1\">L\u2019arbitre s\u00e9n\u00e9galais Issa Sy s\u2019est distingu\u00e9 par des d\u00e9cisions tr\u00e8s contest\u00e9es et un comportement in\u00e9l\u00e9gant envers les joueurs alg\u00e9riens. L\u2019\u00e9quipe nationale n\u2019a pas bien jou\u00e9 pendant cette rencontre mais beaucoup estiment que <a href=\"https:\/\/www.tsa-algerie.com\/can-2025-algerie-nigeria-le-geste-meprisant-de-larbitre-envers-redouane-berkane\/\" rel=\"nofollow noopener\" target=\"_blank\">l\u2019arbitrage<\/a> a contribu\u00e9 \u00e0 d\u00e9concentrer les joueurs et \u00e0 les faire sortir du match.\u00a0<\/p>\n<p class=\"a-lire-box\" style=\"&#13;&#10;                    margin:20px 0;&#13;&#10;                    padding:12px 0;&#13;&#10;                    border-top:1px solid #ddd;&#13;&#10;                    border-bottom:1px solid #ddd;&#13;&#10;                    line-height:1.8;&#13;&#10;                 \">&#13;<br \/>\n                    A lire aussi :&#13;<br \/>\n                    <a href=\"https:\/\/www.tsa-algerie.com\/imane-khelif-dement-sa-retraite-et-accuse-son-ex-manager-de-trahison\/\" class=\"a-lire-link\" style=\"color:#000;text-decoration:none;font-weight:600;\" rel=\"nofollow noopener\" target=\"_blank\">&#13;<br \/>\n                        Imane Khelif d\u00e9ment sa retraite et accuse son ex-manager de trahison&#13;<br \/>\n                    <\/a>&#13;\n                <\/p>\n<p class=\"p1\">Issa Sy n\u2019a pas siffl\u00e9 un <a href=\"https:\/\/www.tsa-algerie.com\/can-2025-algerie-nigeria-les-fennecs-prives-dun-penalty-flagrant\/\" rel=\"nofollow noopener\" target=\"_blank\">penalty flagrant<\/a> pour les Verts en premi\u00e8re mi-temps apr\u00e8s une main dans la surface d\u2019un d\u00e9fenseur Nig\u00e9rian. Il a aussi averti cinq joueurs alg\u00e9riens, parfois s\u00e9v\u00e8rement. Pendant toute la rencontre, il a omis de siffler \u00e0 plusieurs reprises des fautes commises par les Nig\u00e9rians.\u00a0<\/p>\n<p class=\"a-lire-box\" style=\"&#13;&#10;                    margin:20px 0;&#13;&#10;                    padding:12px 0;&#13;&#10;                    border-top:1px solid #ddd;&#13;&#10;                    border-bottom:1px solid #ddd;&#13;&#10;                    line-height:1.8;&#13;&#10;                 \">&#13;<br \/>\n                    A lire aussi :&#13;<br \/>\n                    <a href=\"https:\/\/www.tsa-algerie.com\/sporting-portugal-slimani-dans-la-tourmente\/\" class=\"a-lire-link\" style=\"color:#000;text-decoration:none;font-weight:600;\" rel=\"nofollow noopener\" target=\"_blank\">&#13;<br \/>\n                        Sporting Portugal : Slimani dans la tourmente&#13;<br \/>\n                    <\/a>&#13;\n                <\/p>\n<p>Arbitrage scandaleux contre l\u2019Alg\u00e9rie : la FAF riposte\u00a0<\/p>\n<p class=\"p1\">Contact\u00e9e par TSA, une source de la F\u00e9d\u00e9ration alg\u00e9rienne de football (FAF) a fait savoir que l\u2019instance f\u00e9d\u00e9rale a d\u00e9pos\u00e9 ce dimanche 11 janvier une requ\u00eate aupr\u00e8s de la Conf\u00e9d\u00e9ration africaine (CAF) et de la F\u00e9d\u00e9ration internationale (FIFA) contre l\u2019arbitrage de ce quart de finale Alg\u00e9rie \u2013 Nigeria.\u00a0<\/p>\n<p class=\"p1\">La f\u00e9d\u00e9ration alg\u00e9rienne de football (FAF) ne conteste pas seulement les d\u00e9cisions scandaleuses de l\u2019arbitre lors de la rencontre. Elle conteste aussi, selon la m\u00eame source, le comportent de l\u2019arbitre Issa Sy et de ses assistants envers les joueurs alg\u00e9riens.\u00a0<\/p>\n<p class=\"a-lire-box\" style=\"&#13;&#10;                    margin:20px 0;&#13;&#10;                    padding:12px 0;&#13;&#10;                    border-top:1px solid #ddd;&#13;&#10;                    border-bottom:1px solid #ddd;&#13;&#10;                    line-height:1.8;&#13;&#10;                 \">&#13;<br \/>\n                    A lire aussi :&#13;<br \/>\n                    <a href=\"https:\/\/www.tsa-algerie.com\/imane-khelif-disparition-inquietante-des-rings-de-la-championne-algerienne\/\" class=\"a-lire-link\" style=\"color:#000;text-decoration:none;font-weight:600;\" rel=\"nofollow noopener\" target=\"_blank\">&#13;<br \/>\n                        Imane Khelif : disparition inqui\u00e9tante des rings de la championne alg\u00e9rienne&#13;<br \/>\n                    <\/a>&#13;\n                <\/p>\n<p class=\"p1\">Le S\u00e9n\u00e9galais a notamment refus\u00e9 de serrer la main du joueur alg\u00e9rien Berkane en fin de match, avant d\u2019aller saluer le plus normalement du monde les joueurs du Nigeria. \u201cComme si tout \u00e9tait pr\u00e9m\u00e9dit\u00e9\u201d, d\u00e9nonce notre source.\u00a0<\/p>\n<p class=\"p1\">L\u2019Alg\u00e9rie n\u2019est pas la premi\u00e8re nation \u00e0 \u00eatre l\u00e9s\u00e9e par l\u2019arbitrage pendant cette coupe d\u2019Afrique des nations organis\u00e9e au Maroc. Plusieurs \u00e9quipes ont subi un arbitrage scandaleux, notamment le Mali, la Tanzanie et le Cameroun, \u00e0 chaque contre le pays h\u00f4te.\u00a0<\/p>\n","protected":false},"excerpt":{"rendered":"La r\u00e9action de l\u2019Alg\u00e9rie n\u2019a pas tard\u00e9 apr\u00e8s l\u2019arbitrage scandaleux qui a entach\u00e9 le quart de finale de&hellip;\n","protected":false},"author":2,"featured_media":17533,"comment_status":"","ping_status":"","sticky":false,"template":"","format":"standard","meta":{"footnotes":""},"categories":[254],"tags":[255],"class_list":{"0":"post-17532","1":"post","2":"type-post","3":"status-publish","4":"format-standard","5":"has-post-thumbnail","7":"category-algerie","8":"tag-algerie"},"share_on_mastodon":{"url":"","error":""},"_links":{"self":[{"href":"https:\/\/www.europesays.com\/africa\/wp-json\/wp\/v2\/posts\/17532","targetHints":{"allow":["GET"]}}],"collection":[{"href":"https:\/\/www.europesays.com\/africa\/wp-json\/wp\/v2\/posts"}],"about":[{"href":"https:\/\/www.europesays.com\/africa\/wp-json\/wp\/v2\/types\/post"}],"author":[{"embeddable":true,"href":"https:\/\/www.europesays.com\/africa\/wp-json\/wp\/v2\/users\/2"}],"replies":[{"embeddable":true,"href":"https:\/\/www.europesays.com\/africa\/wp-json\/wp\/v2\/comments?post=17532"}],"version-history":[{"count":0,"href":"https:\/\/www.europesays.com\/africa\/wp-json\/wp\/v2\/posts\/17532\/revisions"}],"wp:featuredmedia":[{"embeddable":true,"href":"https:\/\/www.europesays.com\/africa\/wp-json\/wp\/v2\/media\/17533"}],"wp:attachment":[{"href":"https:\/\/www.europesays.com\/africa\/wp-json\/wp\/v2\/media?parent=17532"}],"wp:term":[{"taxonomy":"category","embeddable":true,"href":"https:\/\/www.europesays.com\/africa\/wp-json\/wp\/v2\/categories?post=17532"},{"taxonomy":"post_tag","embeddable":true,"href":"https:\/\/www.europesays.com\/africa\/wp-json\/wp\/v2\/tags?post=17532"}],"curies":[{"name":"wp","href":"https:\/\/api.w.org\/{rel}","templated":true}]}}