{"id":17779,"date":"2026-01-11T22:59:09","date_gmt":"2026-01-11T22:59:09","guid":{"rendered":"https:\/\/www.europesays.com\/africa\/17779\/"},"modified":"2026-01-11T22:59:09","modified_gmt":"2026-01-11T22:59:09","slug":"la-story-piquante-de-kays-ruiz-atil-apres-lelimination-de-lalgerie","status":"publish","type":"post","link":"https:\/\/www.europesays.com\/africa\/17779\/","title":{"rendered":"la story piquante de Kays Ruiz-Atil apr\u00e8s l\u2019\u00e9limination de l\u2019Alg\u00e9rie"},"content":{"rendered":"<p>La carri\u00e8re de Kays Ruiz-Atil n\u2019a jamais d\u00e9coll\u00e9. Ancien grand espoir du football fran\u00e7ais apr\u00e8s ses passages \u00e0 l\u2019OL, le Bar\u00e7a et le PSG, le milieu offensif n\u2019a jamais perc\u00e9. Malgr\u00e9 quelques apparitions en professionnel avec le club de la capitale, le natif de Lyon fait d\u00e9sormais plus parler de lui pour ses d\u00e9boires extrasportifs que pour ses performances neutres avec Francs-Borains en deuxi\u00e8me division belge. <\/p>\n<p>            La suite apr\u00e8s cette publicit\u00e9<\/p>\n<p>Ce samedi, le joueur de 23 ans a encore fait parler de lui. Sur sa story Snapchat, le Franco-Marocain s\u2019est amus\u00e9 de l\u2019\u00e9limination de l\u2019Alg\u00e9rie en quarts de finale de la <a href=\"https:\/\/www.footmercato.net\/afrique\/coupe-dafrique-des-nations\/\" rel=\"nofollow noopener\" target=\"_blank\">CAN<\/a> face au Nigeria. Sur deux vid\u00e9os, Kays Ruiz-Atil s\u2019est moqu\u00e9 des Fennecs en disant &#8220;continuez \u00e0 comparer le <a href=\"https:\/\/www.footmercato.net\/selection\/maroc\/\" rel=\"nofollow noopener\" target=\"_blank\">Maroc<\/a> et l\u2019Alg\u00e9rie&#8221; et &#8220;Air Alg\u00e9rie&#8221;. Des d\u00e9clarations qui risquent de faire grincer des dents\u2026<\/p>\n<p>\n    Pub. le 11\/01\/2026 20:58<br \/>\n            &#8211; MAJ le 11\/01\/2026 23:58\n    <\/p>\n","protected":false},"excerpt":{"rendered":"La carri\u00e8re de Kays Ruiz-Atil n\u2019a jamais d\u00e9coll\u00e9. Ancien grand espoir du football fran\u00e7ais apr\u00e8s ses passages \u00e0&hellip;\n","protected":false},"author":2,"featured_media":17780,"comment_status":"","ping_status":"","sticky":false,"template":"","format":"standard","meta":{"footnotes":""},"categories":[254],"tags":[255],"class_list":{"0":"post-17779","1":"post","2":"type-post","3":"status-publish","4":"format-standard","5":"has-post-thumbnail","7":"category-algerie","8":"tag-algerie"},"share_on_mastodon":{"url":"","error":""},"_links":{"self":[{"href":"https:\/\/www.europesays.com\/africa\/wp-json\/wp\/v2\/posts\/17779","targetHints":{"allow":["GET"]}}],"collection":[{"href":"https:\/\/www.europesays.com\/africa\/wp-json\/wp\/v2\/posts"}],"about":[{"href":"https:\/\/www.europesays.com\/africa\/wp-json\/wp\/v2\/types\/post"}],"author":[{"embeddable":true,"href":"https:\/\/www.europesays.com\/africa\/wp-json\/wp\/v2\/users\/2"}],"replies":[{"embeddable":true,"href":"https:\/\/www.europesays.com\/africa\/wp-json\/wp\/v2\/comments?post=17779"}],"version-history":[{"count":0,"href":"https:\/\/www.europesays.com\/africa\/wp-json\/wp\/v2\/posts\/17779\/revisions"}],"wp:featuredmedia":[{"embeddable":true,"href":"https:\/\/www.europesays.com\/africa\/wp-json\/wp\/v2\/media\/17780"}],"wp:attachment":[{"href":"https:\/\/www.europesays.com\/africa\/wp-json\/wp\/v2\/media?parent=17779"}],"wp:term":[{"taxonomy":"category","embeddable":true,"href":"https:\/\/www.europesays.com\/africa\/wp-json\/wp\/v2\/categories?post=17779"},{"taxonomy":"post_tag","embeddable":true,"href":"https:\/\/www.europesays.com\/africa\/wp-json\/wp\/v2\/tags?post=17779"}],"curies":[{"name":"wp","href":"https:\/\/api.w.org\/{rel}","templated":true}]}}