{"id":17796,"date":"2026-01-11T23:16:15","date_gmt":"2026-01-11T23:16:15","guid":{"rendered":"https:\/\/www.europesays.com\/africa\/17796\/"},"modified":"2026-01-11T23:16:15","modified_gmt":"2026-01-11T23:16:15","slug":"en-images-la-neige-sublime-les-montagnes-environnantes-doujda-un-spectacle-naturel-rare","status":"publish","type":"post","link":"https:\/\/www.europesays.com\/africa\/17796\/","title":{"rendered":"En images: la neige sublime les montagnes environnantes d\u2019Oujda, un spectacle naturel rare"},"content":{"rendered":"<p class=\"default__StyledText-sc-10mj2vp-0 CxBBS body-paragraph\">Les images a\u00e9riennes d\u00e9voilent des sommets montagneux drap\u00e9s d\u2019un manteau d\u2019un blanc \u00e9clatant, sillonn\u00e9s de pistes escarp\u00e9es et de vall\u00e9es, offrant une harmonie visuelle remarquable. La nature y appara\u00eet dans toute sa splendeur, m\u00ealant le silence feutr\u00e9 de la neige, la majest\u00e9 des montagnes et l\u2019immensit\u00e9 de l\u2019horizon, procurant un sentiment \u00e0 la fois de s\u00e9r\u00e9nit\u00e9 et de grandeur. <\/p>\n<p class=\"default__StyledText-sc-10mj2vp-0 CxBBS body-paragraph\">Ces images traduisent l\u2019ampleur des pr\u00e9cipitations neigeuses qu\u2019a connues la province d\u2019Oujda durant cette p\u00e9riode, dans un spectacle inhabituel mais attractif.<\/p>\n<p class=\"default__StyledText-sc-10mj2vp-0 CxBBS body-paragraph\">Ce manteau blanc a \u00e9galement permis de mettre en lumi\u00e8re les potentialit\u00e9s naturelles encore m\u00e9connues des r\u00e9gions de Tinissane et de A\u00efn Almou, longtemps rest\u00e9es \u00e0 l\u2019\u00e9cart des circuits touristiques, malgr\u00e9 leurs paysages montagneux spectaculaires et leur riche diversit\u00e9 naturelle. <\/p>\n<p class=\"default__StyledText-sc-10mj2vp-0 CxBBS body-paragraph\">Avec la neige, ces espaces se transforment en une destination potentielle pour les amateurs de montagne, de photographie et de tourisme de nature, en qu\u00eate d\u2019exp\u00e9riences nouvelles hors des sentiers touristiques traditionnels.<\/p>\n<p class=\"default__StyledText-sc-10mj2vp-0 CxBBS body-paragraph\">Ces sc\u00e8nes hivernales viennent bousculer l\u2019image d\u2019Oujda dans l\u2019imaginaire touristique national. La province n\u2019appara\u00eet plus seulement comme un espace de transit ou un p\u00f4le urbain, mais comme une destination de nature \u00e0 part enti\u00e8re, susceptible de s\u00e9duire des visiteurs, notamment en saison froide.<\/p>\n<p class=\"default__StyledText-sc-10mj2vp-0 CxBBS body-paragraph\">Cette diversit\u00e9 climatique et g\u00e9ographique confirme, en outre, que l\u2019Oriental dispose d\u2019atouts touristiques r\u00e9els et prometteurs, comparables \u00e0 ceux des autres territoires montagneux du Royaume d\u00e9j\u00e0 bien identifi\u00e9s sur la carte du tourisme hivernal.<\/p>\n<p class=\"default__StyledText-sc-10mj2vp-0 CxBBS body-paragraph\">La neige a, par ailleurs, conf\u00e9r\u00e9 une dimension esth\u00e9tique singuli\u00e8re au milieu rural environnant, o\u00f9 les douars et les espaces agricoles voisins se sont retrouv\u00e9s envelopp\u00e9s de blanc. Un tableau qui illustre la coexistence harmonieuse entre l\u2019homme et la nature, et qui conf\u00e8re \u00e0 la r\u00e9gion une valeur touristique et humaine suppl\u00e9mentaire, susceptible d\u2019\u00eatre valoris\u00e9e dans le cadre d\u2019un tourisme durable respectueux des sp\u00e9cificit\u00e9s locales.<\/p>\n","protected":false},"excerpt":{"rendered":"Les images a\u00e9riennes d\u00e9voilent des sommets montagneux drap\u00e9s d\u2019un manteau d\u2019un blanc \u00e9clatant, sillonn\u00e9s de pistes escarp\u00e9es et&hellip;\n","protected":false},"author":2,"featured_media":17797,"comment_status":"","ping_status":"","sticky":false,"template":"","format":"standard","meta":{"footnotes":""},"categories":[41],"tags":[158,2148,11192,1188,11191,4772],"class_list":{"0":"post-17796","1":"post","2":"type-post","3":"status-publish","4":"format-standard","5":"has-post-thumbnail","7":"category-maroc","8":"tag-maroc","9":"tag-meteo","10":"tag-montagne","11":"tag-neige","12":"tag-oriental","13":"tag-oujda"},"share_on_mastodon":{"url":"","error":""},"_links":{"self":[{"href":"https:\/\/www.europesays.com\/africa\/wp-json\/wp\/v2\/posts\/17796","targetHints":{"allow":["GET"]}}],"collection":[{"href":"https:\/\/www.europesays.com\/africa\/wp-json\/wp\/v2\/posts"}],"about":[{"href":"https:\/\/www.europesays.com\/africa\/wp-json\/wp\/v2\/types\/post"}],"author":[{"embeddable":true,"href":"https:\/\/www.europesays.com\/africa\/wp-json\/wp\/v2\/users\/2"}],"replies":[{"embeddable":true,"href":"https:\/\/www.europesays.com\/africa\/wp-json\/wp\/v2\/comments?post=17796"}],"version-history":[{"count":0,"href":"https:\/\/www.europesays.com\/africa\/wp-json\/wp\/v2\/posts\/17796\/revisions"}],"wp:featuredmedia":[{"embeddable":true,"href":"https:\/\/www.europesays.com\/africa\/wp-json\/wp\/v2\/media\/17797"}],"wp:attachment":[{"href":"https:\/\/www.europesays.com\/africa\/wp-json\/wp\/v2\/media?parent=17796"}],"wp:term":[{"taxonomy":"category","embeddable":true,"href":"https:\/\/www.europesays.com\/africa\/wp-json\/wp\/v2\/categories?post=17796"},{"taxonomy":"post_tag","embeddable":true,"href":"https:\/\/www.europesays.com\/africa\/wp-json\/wp\/v2\/tags?post=17796"}],"curies":[{"name":"wp","href":"https:\/\/api.w.org\/{rel}","templated":true}]}}