{"id":17812,"date":"2026-01-11T23:30:07","date_gmt":"2026-01-11T23:30:07","guid":{"rendered":"https:\/\/www.europesays.com\/africa\/17812\/"},"modified":"2026-01-11T23:30:07","modified_gmt":"2026-01-11T23:30:07","slug":"sar-la-princesse-lalla-hasnaa-preside-le-diner-de-gala-diplomatique-annuel-de-bienfaisance-2","status":"publish","type":"post","link":"https:\/\/www.europesays.com\/africa\/17812\/","title":{"rendered":"SAR la Princesse Lalla Hasnaa pr\u00e9side le d\u00eener de Gala diplomatique annuel de bienfaisance"},"content":{"rendered":"<p>\u00a0<\/p>\n<p class=\"_aupe copyable-text x15bjb6t x1n2onr6\" style=\"text-align: justify;\">Plac\u00e9 sous le Haut patronage de Sa Majest\u00e9 le Roi Mohammed VI, que Dieu L\u2019assiste, ce d\u00eener de Gala diplomatique, qui rassemble de g\u00e9n\u00e9reux m\u00e9c\u00e8nes autour du corps diplomatique \u00e9tranger accr\u00e9dit\u00e9 au Maroc, est devenu un rendez-vous annuel initi\u00e9 par la Fondation diplomatique et les ambassades \u00e9trang\u00e8res \u00e0 Rabat en faveur des populations d\u00e9munies. <\/p>\n<p class=\"_aupe copyable-text x15bjb6t x1n2onr6\" style=\"text-align: justify;\">\u00a0 <\/p>\n<p class=\"_aupe copyable-text x15bjb6t x1n2onr6\" style=\"text-align: justify;\">Cette initiative, qui connait la participation de diplomates, d\u2019hommes d\u2019affaires et d\u2019artistes, a pour vocation la collecte de fonds devant contribuer \u00e0 l\u2019action sociale au Maroc, \u00e0 travers le financement de nombreux projets associatifs, notamment en mati\u00e8re de protection de l\u2019enfance, de promotion des conditions de la femme rurale, de renforcement des capacit\u00e9s des jeunes filles et d\u2019appui aux jeunes. <\/p>\n<p class=\"_aupe copyable-text x15bjb6t x1n2onr6\" style=\"text-align: justify;\">\u00a0 <\/p>\n<p class=\"_aupe copyable-text x15bjb6t x1n2onr6\" style=\"text-align: justify;\">Ce d\u00eener de Gala a \u00e9t\u00e9 ponctu\u00e9 par la pr\u00e9sentation d\u2019une vid\u00e9o r\u00e9trospective retra\u00e7ant les dix ann\u00e9es de la Pr\u00e9sidence effective par SAR la Princesse Lalla Hasnaa de cet \u00e9v\u00e9nement et mettant en avant la mobilisation du corps diplomatique au profit de cette noble cause. <\/p>\n<p class=\"_aupe copyable-text x15bjb6t x1n2onr6\" style=\"text-align: justify;\">\u00a0 <\/p>\n<p class=\"_aupe copyable-text x15bjb6t x1n2onr6\" style=\"text-align: justify;\">Dans une allocution de circonstance, l&#8217;ambassadeur du Royaume d\u2019Arabie Saoudite accr\u00e9dit\u00e9 \u00e0 Rabat, M. Sami Bin Abdullah Bin Othman Al-Saleh, a salu\u00e9 l\u2019engagement constant de SAR la Princesse Lalla Hasnaa, son d\u00e9vouement exemplaire et son soutien ind\u00e9fectible aux nobles initiatives caritatives et aux actions humanitaires d&#8217;int\u00e9r\u00eat g\u00e9n\u00e9ral. <\/p>\n<p class=\"_aupe copyable-text x15bjb6t x1n2onr6\" style=\"text-align: justify;\">\u00a0 <\/p>\n<p class=\"_aupe copyable-text x15bjb6t x1n2onr6\" style=\"text-align: justify;\">M. Sami Bin Abdullah Bin Othman Al-Saleh a exprim\u00e9, \u00e0 cette occasion, &#8220;au nom de nous tous, notre profonde gratitude et notre sinc\u00e8re reconnaissance pour les multiples formes de solidarit\u00e9, de bienveillance et d&#8217;appui&#8221; que Son Altesse Royale ne cesse d&#8217;apporter, ainsi que pour les efforts remarquables qu&#8217;elle d\u00e9ploie en faveur du b\u00e9n\u00e9volat et de l&#8217;action humanitaire. <\/p>\n<p class=\"_aupe copyable-text x15bjb6t x1n2onr6\" style=\"text-align: justify;\">\u00a0 <\/p>\n<p class=\"_aupe copyable-text x15bjb6t x1n2onr6\" style=\"text-align: justify;\">Le diplomate saoudien a, en outre, soulign\u00e9 que cet \u00e9v\u00e9nement caritatif, organis\u00e9 cette ann\u00e9e en partenariat entre l\u2019Ambassade du Royaume d\u2019Arabie Saoudite et la Fondation diplomatique, traduit la solidit\u00e9 des relations bilat\u00e9rales et la profondeur des liens fraternels qui unissent le Royaume d&#8217;Arabie Saoudite et le Royaume du Maroc fr\u00e8re. <\/p>\n<p class=\"_aupe copyable-text x15bjb6t x1n2onr6\" style=\"text-align: justify;\">\u00a0 <\/p>\n<p class=\"_aupe copyable-text x15bjb6t x1n2onr6\" style=\"text-align: justify;\">Cet \u00e9v\u00e9nement illustre \u00e9galement la coop\u00e9ration \u00e9troite entre les deux pays dans divers domaines, conform\u00e9ment aux Hautes Orientations des sages dirigeants des deux pays fr\u00e8res, a-t-il affirm\u00e9. <\/p>\n<p class=\"_aupe copyable-text x15bjb6t x1n2onr6\" style=\"text-align: justify;\">\u00a0 <\/p>\n<p class=\"_aupe copyable-text x15bjb6t x1n2onr6\" style=\"text-align: justify;\">Et d\u2019ajouter que le Serviteur des Deux Saintes Mosqu\u00e9es, SM le Roi Salmane Bin Abdulaziz, et SAR le Prince Mohammed Bin Salman, Prince H\u00e9ritier et Pr\u00e9sident du Conseil des ministres, que Dieu les prot\u00e8ge, entretiennent des relations fraternelles profondes et sinc\u00e8res avec leur fr\u00e8re, Sa Majest\u00e9 le Roi Mohammed VI, que Dieu L&#8217;assiste. <\/p>\n<p class=\"_aupe copyable-text x15bjb6t x1n2onr6\" style=\"text-align: justify;\">\u00a0 <\/p>\n<p class=\"_aupe copyable-text x15bjb6t x1n2onr6\" style=\"text-align: justify;\">Les relations privil\u00e9gi\u00e9es entre les deux pays fr\u00e8res reposent sur une histoire ancienne et solidement enracin\u00e9e, a poursuivi M. Sami Bin Abdullah Bin Othman Al-Saleh, notant qu\u2019elles t\u00e9moignent des efforts constants d\u00e9ploy\u00e9s par les deux Leaderships afin de les hisser \u00e0 des niveaux toujours plus \u00e9lev\u00e9s de coop\u00e9ration strat\u00e9gique, en vue d&#8217;instaurer un partenariat avanc\u00e9 et durable, \u00e0 la hauteur des aspirations l\u00e9gitimes des deux peuples fr\u00e8res. <\/p>\n<p class=\"_aupe copyable-text x15bjb6t x1n2onr6\" style=\"text-align: justify;\">\u00a0 <\/p>\n<p class=\"_aupe copyable-text x15bjb6t x1n2onr6\" style=\"text-align: justify;\">De son c\u00f4t\u00e9, le pr\u00e9sident de la Fondation diplomatique, M. Abdelati Habek, a tenu \u00e0 exprimer \u00e0 Son Altesse Royale la Princesse Lalla Hasnaa ses sinc\u00e8res remerciements pour son soutien constant et pour la sollicitude exceptionnelle qu&#8217;elle accorde \u00e0 cet \u00e9v\u00e9nement annuel. <\/p>\n<p class=\"_aupe copyable-text x15bjb6t x1n2onr6\" style=\"text-align: justify;\">\u00a0 <\/p>\n<p class=\"_aupe copyable-text x15bjb6t x1n2onr6\" style=\"text-align: justify;\">&#8220;Votre pr\u00e9sence parmi nous, Altesse Royale, est une source de fiert\u00e9 et d&#8217;honneur pour nous tous. Elle valorise l&#8217;action humanitaire et s&#8217;inscrit en parfaite harmonie avec la marche de l&#8217;\u0153uvre humanitaire grandiose conduite par Sa Majest\u00e9 le Roi Mohammed VI, que Dieu L&#8217;assiste, ainsi qu&#8217;avec les efforts louables et s\u00e9rieux que Votre Altesse d\u00e9ploie dans ce domaine&#8221;, a-t-il affirm\u00e9. <\/p>\n<p class=\"_aupe copyable-text x15bjb6t x1n2onr6\" style=\"text-align: justify;\">\u00a0 <\/p>\n<p class=\"_aupe copyable-text x15bjb6t x1n2onr6\" style=\"text-align: justify;\">M. Habek a, de m\u00eame, indiqu\u00e9 que &#8220;cette initiative et cette tradition caritative annuelle sont l&#8217;occasion pour nous d&#8217;exprimer nos remerciements et notre gratitude \u00e0 Sa Majest\u00e9 le Roi, que Dieu Le glorifie, pour Son encouragement envers de telles initiatives solidaires et humanitaires, et pour Sa Volont\u00e9 constante de soutenir les pauvres et les n\u00e9cessiteux&#8221;. <\/p>\n<p class=\"_aupe copyable-text x15bjb6t x1n2onr6\" style=\"text-align: justify;\">\u00a0 <\/p>\n<p class=\"_aupe copyable-text x15bjb6t x1n2onr6\" style=\"text-align: justify;\">Par la suite, l\u2019\u00c9cu du Gala diplomatique 2026 a \u00e9t\u00e9 remis \u00e0 SAR la Princesse Lalla Hasnaa, qui avait pos\u00e9 \u00e0 cette occasion pour une photo-souvenir avec les membres du comit\u00e9 de la Fondation diplomatique. <\/p>\n<p class=\"_aupe copyable-text x15bjb6t x1n2onr6\" style=\"text-align: justify;\">\u00a0 <\/p>\n<p class=\"_aupe copyable-text x15bjb6t x1n2onr6\" style=\"text-align: justify;\">\u00c0 son arriv\u00e9e, Son Altesse Royale a pass\u00e9 en revue une section des Forces Auxiliaires qui rendait les honneurs, avant d\u2019\u00eatre salu\u00e9e par la ministre de la Solidarit\u00e9, de l&#8217;Insertion sociale et de la Famille, Mme Naima Ben Yahya, l\u2019ambassadeur du Royaume d\u2019Arabie Saoudite accr\u00e9dit\u00e9 \u00e0 Rabat, M. Sami Bin Abdullah Bin Othman Al-Saleh, le wali de la r\u00e9gion de Rabat-Sal\u00e9-K\u00e9nitra, gouverneur de la pr\u00e9fecture de Rabat, M. Mohamed Yacoubi, le pr\u00e9sident du Conseil r\u00e9gional, M. Rachid El Abdi, la pr\u00e9sidente du Conseil communal de la ville de Rabat, Mme Fatiha El Moudni, le pr\u00e9sident du Conseil pr\u00e9fectoral de Rabat, M. Abdelaziz Derouich, le pr\u00e9sident de la Fondation diplomatique, M. Abdelati Habek, ainsi que par les membres du comit\u00e9 de la Fondation diplomatique. <\/p>\n<p class=\"_aupe copyable-text x15bjb6t x1n2onr6\" style=\"text-align: justify;\">\u00a0 <\/p>\n","protected":false},"excerpt":{"rendered":"\u00a0 Plac\u00e9 sous le Haut patronage de Sa Majest\u00e9 le Roi Mohammed VI, que Dieu L\u2019assiste, ce d\u00eener&hellip;\n","protected":false},"author":2,"featured_media":17813,"comment_status":"","ping_status":"","sticky":false,"template":"","format":"standard","meta":{"footnotes":""},"categories":[41],"tags":[554,553,555,556,563,565,560,567,561,557,162,566,564,558,559,158,562,248,239,310,568],"class_list":{"0":"post-17812","1":"post","2":"type-post","3":"status-publish","4":"format-standard","5":"has-post-thumbnail","7":"category-maroc","8":"tag-actualites","9":"tag-actualites-et-infos-au-maroc","10":"tag-actualites-et-infos-mondiale","11":"tag-actualites-marocaines-du-jour","12":"tag-alimentation","13":"tag-analyses","14":"tag-art-de-vivre","15":"tag-chronique","16":"tag-consommation-et-bien-etre","17":"tag-culture","18":"tag-economie","19":"tag-edito","20":"tag-etudes","21":"tag-insolite","22":"tag-loisirs","23":"tag-maroc","24":"tag-mode","25":"tag-politique","26":"tag-societe","27":"tag-sport","28":"tag-tribune"},"share_on_mastodon":{"url":"","error":""},"_links":{"self":[{"href":"https:\/\/www.europesays.com\/africa\/wp-json\/wp\/v2\/posts\/17812","targetHints":{"allow":["GET"]}}],"collection":[{"href":"https:\/\/www.europesays.com\/africa\/wp-json\/wp\/v2\/posts"}],"about":[{"href":"https:\/\/www.europesays.com\/africa\/wp-json\/wp\/v2\/types\/post"}],"author":[{"embeddable":true,"href":"https:\/\/www.europesays.com\/africa\/wp-json\/wp\/v2\/users\/2"}],"replies":[{"embeddable":true,"href":"https:\/\/www.europesays.com\/africa\/wp-json\/wp\/v2\/comments?post=17812"}],"version-history":[{"count":0,"href":"https:\/\/www.europesays.com\/africa\/wp-json\/wp\/v2\/posts\/17812\/revisions"}],"wp:featuredmedia":[{"embeddable":true,"href":"https:\/\/www.europesays.com\/africa\/wp-json\/wp\/v2\/media\/17813"}],"wp:attachment":[{"href":"https:\/\/www.europesays.com\/africa\/wp-json\/wp\/v2\/media?parent=17812"}],"wp:term":[{"taxonomy":"category","embeddable":true,"href":"https:\/\/www.europesays.com\/africa\/wp-json\/wp\/v2\/categories?post=17812"},{"taxonomy":"post_tag","embeddable":true,"href":"https:\/\/www.europesays.com\/africa\/wp-json\/wp\/v2\/tags?post=17812"}],"curies":[{"name":"wp","href":"https:\/\/api.w.org\/{rel}","templated":true}]}}