{"id":17829,"date":"2026-01-11T23:44:09","date_gmt":"2026-01-11T23:44:09","guid":{"rendered":"https:\/\/www.europesays.com\/africa\/17829\/"},"modified":"2026-01-11T23:44:09","modified_gmt":"2026-01-11T23:44:09","slug":"les-opportunites-dinvestissement-a-souss-massa-au-centre-dune-rencontre-a-agadir-2","status":"publish","type":"post","link":"https:\/\/www.europesays.com\/africa\/17829\/","title":{"rendered":"Les opportunit\u00e9s d\u2019investissement \u00e0 Souss-Massa au centre d\u2019une rencontre \u00e0 Agadir"},"content":{"rendered":"<p>\t\t\t\t\t Le pr\u00e9sident du Conseil de la r\u00e9gion Souss Massa, Karim Achengli, a tenu, vendredi, une rencontre avec une d\u00e9l\u00e9gation du Consulat de France \u00e0 Agadir consacr\u00e9e \u00e0 l\u2019examen des perspectives d\u2019investissement au niveau de la r\u00e9gion. <\/p>\n<p>Tenue en pr\u00e9sence de repr\u00e9sentants de plusieurs institutions r\u00e9gionales, cette rencontre s\u2019inscrit dans le cadre de la mise en \u0153uvre des m\u00e9canismes de la coop\u00e9ration d\u00e9centralis\u00e9e et du renforcement de l\u2019ouverture sur les exp\u00e9riences internationales, indique un communiqu\u00e9 du Conseil r\u00e9gional de Souss-Massa. <\/p>\n<p>Cette r\u00e9union a constitu\u00e9 une occasion de mettre en avant les diff\u00e9rents atouts \u00e9conomiques dont regorge la r\u00e9gion Souss-Massa, ainsi que les opportunit\u00e9s d\u2019investissement incitatives qu\u2019elle offre, tout en permettant un \u00e9change de points de vue sur les moyens de renforcer les m\u00e9canismes d\u2019investissement, de mani\u00e8re \u00e0 contribuer \u00e0 la r\u00e9alisation d\u2019un d\u00e9veloppement commun et durable, ajoute la m\u00eame source. <\/p>\n<p>A cette occasion, la d\u00e9l\u00e9gation du Consulat g\u00e9n\u00e9ral de France a exprim\u00e9 son appr\u00e9ciation pour les potentialit\u00e9s \u00e9conomiques et les infrastructures d\u00e9velopp\u00e9es dont dispose la r\u00e9gion, saluant la dynamique positive et les transformations qualitatives que conna\u00eet la ville d\u2019Agadir, et affirmant sa disposition \u00e0 organiser des rencontres \u00e9conomiques bilat\u00e9rales r\u00e9unissant les acteurs \u00e9conomiques fran\u00e7ais et leurs homologues de la r\u00e9gion Souss-Massa, rapporte la MAP. <\/p>\n<p>Ont pris part \u00e0 cette rencontre, aux c\u00f4t\u00e9s de la d\u00e9l\u00e9gation fran\u00e7aise conduite par la consule g\u00e9n\u00e9rale de France \u00e0 Agadir, B\u00e9atrice Lederl\u00e9, le pr\u00e9sident de la Chambre de commerce, d\u2019industrie et de services du Souss Massa, le pr\u00e9sident de la Chambre d\u2019agriculture, le pr\u00e9sident du Conseil r\u00e9gional du tourisme, ainsi que des repr\u00e9sentants du Centre r\u00e9gional d\u2019investissement, et de la Conf\u00e9d\u00e9ration g\u00e9n\u00e9rale des entreprises du Maroc \u2013 Souss Massa.\n\t\t\t\t <\/p>\n","protected":false},"excerpt":{"rendered":"Le pr\u00e9sident du Conseil de la r\u00e9gion Souss Massa, Karim Achengli, a tenu, vendredi, une rencontre avec une&hellip;\n","protected":false},"author":2,"featured_media":17830,"comment_status":"","ping_status":"","sticky":false,"template":"","format":"standard","meta":{"footnotes":""},"categories":[41],"tags":[5574,658,158,11209,11210],"class_list":{"0":"post-17829","1":"post","2":"type-post","3":"status-publish","4":"format-standard","5":"has-post-thumbnail","7":"category-maroc","8":"tag-agadir","9":"tag-france","10":"tag-maroc","11":"tag-opportunites-dinvestissement","12":"tag-souss-massa"},"share_on_mastodon":{"url":"","error":""},"_links":{"self":[{"href":"https:\/\/www.europesays.com\/africa\/wp-json\/wp\/v2\/posts\/17829","targetHints":{"allow":["GET"]}}],"collection":[{"href":"https:\/\/www.europesays.com\/africa\/wp-json\/wp\/v2\/posts"}],"about":[{"href":"https:\/\/www.europesays.com\/africa\/wp-json\/wp\/v2\/types\/post"}],"author":[{"embeddable":true,"href":"https:\/\/www.europesays.com\/africa\/wp-json\/wp\/v2\/users\/2"}],"replies":[{"embeddable":true,"href":"https:\/\/www.europesays.com\/africa\/wp-json\/wp\/v2\/comments?post=17829"}],"version-history":[{"count":0,"href":"https:\/\/www.europesays.com\/africa\/wp-json\/wp\/v2\/posts\/17829\/revisions"}],"wp:featuredmedia":[{"embeddable":true,"href":"https:\/\/www.europesays.com\/africa\/wp-json\/wp\/v2\/media\/17830"}],"wp:attachment":[{"href":"https:\/\/www.europesays.com\/africa\/wp-json\/wp\/v2\/media?parent=17829"}],"wp:term":[{"taxonomy":"category","embeddable":true,"href":"https:\/\/www.europesays.com\/africa\/wp-json\/wp\/v2\/categories?post=17829"},{"taxonomy":"post_tag","embeddable":true,"href":"https:\/\/www.europesays.com\/africa\/wp-json\/wp\/v2\/tags?post=17829"}],"curies":[{"name":"wp","href":"https:\/\/api.w.org\/{rel}","templated":true}]}}