{"id":17840,"date":"2026-01-11T23:54:08","date_gmt":"2026-01-11T23:54:08","guid":{"rendered":"https:\/\/www.europesays.com\/africa\/17840\/"},"modified":"2026-01-11T23:54:08","modified_gmt":"2026-01-11T23:54:08","slug":"apres-le-ghana-lenseigne-carrefour-vise-le-marche-ethiopien-afrique-economie-2","status":"publish","type":"post","link":"https:\/\/www.europesays.com\/africa\/17840\/","title":{"rendered":"Apr\u00e8s le Ghana, l&#8217;enseigne Carrefour vise le march\u00e9 \u00e9thiopien &#8211; Afrique \u00e9conomie"},"content":{"rendered":"<p>\n                                                L&#8217;enseigne de supermarch\u00e9s Carrefour arrive en \u00c9thiopie. Le num\u00e9ro deux fran\u00e7ais de la grande distribution a sign\u00e9, lundi 5 janvier, un contrat de franchise avec Midroc, le plus grand conglom\u00e9rat priv\u00e9 du pays. C&#8217;est le quatorzi\u00e8me pays africain dans lequel s&#8217;implante Carrefour qui place l&#8217;Afrique au c\u0153ur de sa strat\u00e9gie \u00e0 l&#8217;international.                    <\/p>\n<p>Le grand \u00ab\u00a0C\u00a0\u00bb du logo \u00ab\u00a0Carrefour\u00a0\u00bb sera bient\u00f4t visible dans les faubourgs d\u2019Addis-Abeba. Le groupe fran\u00e7ais de grande distribution annonce son implantation en \u00c9thiopie avec la reprise de 13 magasins de la marque locale Queens. L\u2019enseigne affiche d\u00e9j\u00e0 des ambitions \u00e9lev\u00e9es avec l\u2019ouverture pr\u00e9vue de 17 magasins suppl\u00e9mentaires dans les deux prochaines ann\u00e9es. Il s&#8217;agit d&#8217;une premi\u00e8re pour le pays, comme le souligne Patrick Lasfargues, directeur des partenariats internationaux chez Carrefour : \u00ab Avec ses 140 millions d\u2019habitants, avec l\u2019acc\u00e8s \u00e0 l\u2019\u00e9lectricit\u00e9 permis par le barrage de la Renaissance et avec un p\u00f4le agricole tr\u00e8s important, l\u2019\u00c9thiopie se trouve aujourd&#8217;hui dans une situation\u00a0qui nous a paru tout \u00e0 fait pertinente. Nous jouons un r\u00f4le de d\u00e9fricheur, de pionnier, puisqu\u2019il n\u2019existe encore aucun contrat de franchise internationale, alimentaire ou non alimentaire, dans le pays. Nous participons \u00e0 la modernisation de l\u2019\u00e9conomie \u00e9thiopienne et nous sommes autant confiants qu&#8217;ambitieux sur notre capacit\u00e9 \u00e0 nous y d\u00e9velopper\u00a0\u00bb, affirme celui-ci.<\/p>\n<p>Cette annonce s\u2019inscrit dans une strat\u00e9gie africaine plus large. Carrefour a r\u00e9cemment sign\u00e9 de nouvelles implantations au <a target=\"_self\" href=\"https:\/\/www.rfi.fr\/fr\/tag\/ghana\/\" class=\"gtm-add-suggested-tag\" rel=\"nofollow noopener\">Ghana<\/a> et en <a target=\"_self\" href=\"https:\/\/www.rfi.fr\/fr\/tag\/guin\u00e9e\/\" class=\"gtm-add-suggested-tag\" rel=\"nofollow noopener\">Guin\u00e9e<\/a>, ouvert un magasin en R\u00e9publique d\u00e9mocratique du Congo fin juillet, et pr\u00e9voit pour 2026 un vaste programme de 40 ouvertures de grandes surfaces en <a target=\"_self\" href=\"https:\/\/www.rfi.fr\/fr\/tag\/\u00e9gypte\/\" class=\"gtm-add-suggested-tag\" rel=\"nofollow noopener\">\u00c9gypte<\/a>. En un an, le groupe est ainsi pass\u00e9 de 460 \u00e0 700 magasins sur le continent.<\/p>\n<p class=\"o-em-consent__content__text\">Pour afficher ce contenu , il est n\u00e9cessaire d&#8217;autoriser les cookies de mesure d&#8217;audience et de publicit\u00e9.<\/p>\n<p>        Accepter<br \/>\n        G\u00e9rer mes choix<\/p>\n<p class=\"a-read-more\">\u00c0 lire aussi<a target=\"_self\" href=\"https:\/\/www.rfi.fr\/fr\/podcasts\/afrique-\u00e9conomie\/20221025-la-grande-distribution-en-pleine-r\u00e9volution-en-afrique\" class=\"a-read-more__link\" rel=\"nofollow noopener\">La grande distribution en pleine r\u00e9volution en Afrique<\/a><\/p>\n<p> La classe moyenne dans le viseur <\/p>\n<p>Si cette acc\u00e9l\u00e9ration peut sembler soudaine, elle r\u00e9sulte toutefois d\u2019un travail de long terme, explique Patrick Lasfargues. \u00ab\u00a0Cela s\u2019est construit sur plusieurs ann\u00e9es, avec le dynamisme de nos partenaires et des march\u00e9s. Addis-Abeba est une ville de pr\u00e8s de 10 millions d\u2019habitants, avec une classe moyenne qui fait d\u00e9j\u00e0 ses courses chez Carrefour \u00e0 <a target=\"_self\" href=\"https:\/\/www.rfi.fr\/fr\/tag\/duba\u00ef\/\" class=\"gtm-add-suggested-tag\" rel=\"nofollow noopener\">Duba\u00ef<\/a> ou en Europe. Ces consommateurs n\u2019ont plus envie de remplir leurs valises de chocolat, de biscuits ou de c\u00e9r\u00e9ales, mais de les acheter sur place, au m\u00eame prix, voire moins cher\u00a0\u00bb, argumente encore ce dernier.<\/p>\n<p>Encore rare pour un groupe fran\u00e7ais, cette perc\u00e9e strat\u00e9gique en Afrique de l\u2019Est n&#8217;en est pas moins r\u00e9v\u00e9latrice d\u2019une tendance de fond, analyse pour sa part Jean-Michel Huet, associ\u00e9 au cabinet de conseil BearingPoint : \u00ab\u00a0On a beaucoup parl\u00e9 des banques fran\u00e7aises qui quittaient l\u2019Afrique mais, en parall\u00e8le, de grands acteurs du commerce et des services grand public se d\u00e9veloppent sur le continent : Canal+, Orange et d\u00e9sormais Carrefour, qui affiche depuis quelques ann\u00e9es une vraie ambition africaine. Cela s\u2019explique par le d\u00e9veloppement d\u2019une classe moyenne, capable d\u2019acheter des produits alimentaires en grande surface. C\u2019est une \u00e9volution sociologique comparable \u00e0 celle connue en <a target=\"_self\" href=\"https:\/\/www.rfi.fr\/fr\/tag\/france\/\" class=\"gtm-add-suggested-tag\" rel=\"nofollow noopener\">France<\/a> il y a quelques d\u00e9cennies. \u00bb<\/p>\n<p>Carrefour n\u2019est cependant pas seul sur ce terrain. Le distributeur am\u00e9ricain Walmart vient lui aussi d\u2019ouvrir son premier magasin africain en banlieue ouest de Johannesburg et a plusieurs autres sites en cours de d\u00e9veloppement en <a target=\"_self\" href=\"https:\/\/www.rfi.fr\/fr\/tag\/afrique-du-sud\/\" class=\"gtm-add-suggested-tag\" rel=\"nofollow noopener\">Afrique du Sud<\/a>.<\/p>\n<p class=\"a-read-more\">\u00c0 lire aussi<a target=\"_self\" href=\"https:\/\/www.rfi.fr\/fr\/afrique\/20260108-le-groupe-carrefour-ouvre-de-nouveaux-magasins-en-\u00e9thiopie-et-renforce-son-empreinte-en-afrique\" class=\"a-read-more__link\" rel=\"nofollow noopener\">Le groupe Carrefour ouvre de nouveaux magasins en \u00c9thiopie et renforce son empreinte en Afrique<\/a><\/p>\n","protected":false},"excerpt":{"rendered":"L&#8217;enseigne de supermarch\u00e9s Carrefour arrive en \u00c9thiopie. Le num\u00e9ro deux fran\u00e7ais de la grande distribution a sign\u00e9, lundi&hellip;\n","protected":false},"author":2,"featured_media":17824,"comment_status":"","ping_status":"","sticky":false,"template":"","format":"standard","meta":{"footnotes":""},"categories":[62],"tags":[64,356,4491,11205,162,241,4632,8286,658,79,2387,11206],"class_list":{"0":"post-17840","1":"post","2":"type-post","3":"status-publish","4":"format-standard","5":"has-post-thumbnail","7":"category-afrique","8":"tag-afrique","9":"tag-afrique-du-sud","10":"tag-afrique-economie","11":"tag-commerce-et-distribution","12":"tag-economie","13":"tag-economie-afrique","14":"tag-egypte","15":"tag-ethiopie","16":"tag-france","17":"tag-ghana","18":"tag-guinee","19":"tag-rdc"},"share_on_mastodon":{"url":"","error":""},"_links":{"self":[{"href":"https:\/\/www.europesays.com\/africa\/wp-json\/wp\/v2\/posts\/17840","targetHints":{"allow":["GET"]}}],"collection":[{"href":"https:\/\/www.europesays.com\/africa\/wp-json\/wp\/v2\/posts"}],"about":[{"href":"https:\/\/www.europesays.com\/africa\/wp-json\/wp\/v2\/types\/post"}],"author":[{"embeddable":true,"href":"https:\/\/www.europesays.com\/africa\/wp-json\/wp\/v2\/users\/2"}],"replies":[{"embeddable":true,"href":"https:\/\/www.europesays.com\/africa\/wp-json\/wp\/v2\/comments?post=17840"}],"version-history":[{"count":0,"href":"https:\/\/www.europesays.com\/africa\/wp-json\/wp\/v2\/posts\/17840\/revisions"}],"wp:featuredmedia":[{"embeddable":true,"href":"https:\/\/www.europesays.com\/africa\/wp-json\/wp\/v2\/media\/17824"}],"wp:attachment":[{"href":"https:\/\/www.europesays.com\/africa\/wp-json\/wp\/v2\/media?parent=17840"}],"wp:term":[{"taxonomy":"category","embeddable":true,"href":"https:\/\/www.europesays.com\/africa\/wp-json\/wp\/v2\/categories?post=17840"},{"taxonomy":"post_tag","embeddable":true,"href":"https:\/\/www.europesays.com\/africa\/wp-json\/wp\/v2\/tags?post=17840"}],"curies":[{"name":"wp","href":"https:\/\/api.w.org\/{rel}","templated":true}]}}