{"id":17855,"date":"2026-01-12T00:09:36","date_gmt":"2026-01-12T00:09:36","guid":{"rendered":"https:\/\/www.europesays.com\/africa\/17855\/"},"modified":"2026-01-12T00:09:36","modified_gmt":"2026-01-12T00:09:36","slug":"video-can-le-jour-ou-lalgerie-a-battu-le-nigeria-dans-lun-des-plus-beaux-matches-de-lhistoire-de-la-can","status":"publish","type":"post","link":"https:\/\/www.europesays.com\/africa\/17855\/","title":{"rendered":"VID\u00c9O CAN. Le jour o\u00f9 l&#8217;Alg\u00e9rie a battu le Nigeria dans l&#8217;un des plus beaux matches de l&#8217;histoire de la CAN"},"content":{"rendered":"<p>En 1990, l\u2019Alg\u00e9rie n\u2019accueille pas seulement la <a href=\"https:\/\/www.ouest-france.fr\/sport\/football\/coupe-d-afrique-des-nations\/\" target=\"_blank\" rel=\"noopener noreferrer noopener noreferrer noopener noreferrer nofollow\">Coupe d\u2019Afrique des nations<\/a>, elle s\u2019y pr\u00e9sente avec ambition. Devant son public, la s\u00e9lection des Fennecs fait figure de favorite, malgr\u00e9 un groupe relev\u00e9 compos\u00e9 du Nigeria, de la C\u00f4te d\u2019Ivoire et de l\u2019\u00c9gypte. Pour son entr\u00e9e en lice, elle retrouve les Super Eagles, dix ans apr\u00e8s la finale perdue de 1980.<\/p>\n<p>Une revanche \u00e9clatante<\/p>\n<p>Ce soir-l\u00e0 \u00e0 Alger, les 62 000 spectateurs du Stade du 5-Juillet 1962 assistent \u00e0 un spectacle rare. Port\u00e9e par un savant m\u00e9lange de jeunesse et d\u2019exp\u00e9rience, l\u2019Alg\u00e9rie d\u00e9roule. Rabah Madjer ouvre le score \u00e0 la 36e minute, avant de r\u00e9cidiver au retour des vestiaires. Djamel Menad, lui, frappe deux fois en trois minutes, faisant chavirer les tribunes.<\/p>\n<p>Le Nigeria est d\u00e9pass\u00e9. Emmanuel Okocha sauve l\u2019honneur \u00e0 la 82e minute, mais Djamel Amani scelle le score peu avant le coup de sifflet final. Un 5-1 sans appel, devenu l\u2019un des matchs les plus m\u00e9morables de la CAN.<\/p>\n<p>Lire aussi :\u00a0<a href=\"https:\/\/www.ouest-france.fr\/sport\/football\/coupe-d-afrique-des-nations\/can-je-paierai-personnellement-comment-le-capitaine-du-nigeria-a-evite-le-boycott-avant-le-quart-contre-lalgerie-116cf9e2-ecbc-11f0-bb7c-fe9a962cb15d\" target=\"_blank\" rel=\"noopener noreferrer noopener noreferrer noopener noreferrer nofollow\">CAN. \u00ab\u00a0Je paierai personnellement\u00a0\u00bb\u00a0: comment le capitaine du Nigeria a \u00e9vit\u00e9 le boycott avant le quart contre l\u2019Alg\u00e9rie<\/a><\/p>\n<p>Ironie du destin, l\u2019Alg\u00e9rie et le Nigeria se retrouvent en finale. Cette fois, le combat est plus serr\u00e9. Mais un but de Ch\u00e9rif Oudjani offre aux Fennecs leur premier sacre continental.<\/p>\n","protected":false},"excerpt":{"rendered":"En 1990, l\u2019Alg\u00e9rie n\u2019accueille pas seulement la Coupe d\u2019Afrique des nations, elle s\u2019y pr\u00e9sente avec ambition. Devant son&hellip;\n","protected":false},"author":2,"featured_media":17856,"comment_status":"","ping_status":"","sticky":false,"template":"","format":"standard","meta":{"footnotes":""},"categories":[62],"tags":[64,255,940,9771,9772,311,122],"class_list":{"0":"post-17855","1":"post","2":"type-post","3":"status-publish","4":"format-standard","5":"has-post-thumbnail","7":"category-afrique","8":"tag-afrique","9":"tag-algerie","10":"tag-coupe-dafrique-des-nations","11":"tag-equipe-algerie-football","12":"tag-equipe-nigeria-football","13":"tag-football","14":"tag-nigeria"},"share_on_mastodon":{"url":"","error":""},"_links":{"self":[{"href":"https:\/\/www.europesays.com\/africa\/wp-json\/wp\/v2\/posts\/17855","targetHints":{"allow":["GET"]}}],"collection":[{"href":"https:\/\/www.europesays.com\/africa\/wp-json\/wp\/v2\/posts"}],"about":[{"href":"https:\/\/www.europesays.com\/africa\/wp-json\/wp\/v2\/types\/post"}],"author":[{"embeddable":true,"href":"https:\/\/www.europesays.com\/africa\/wp-json\/wp\/v2\/users\/2"}],"replies":[{"embeddable":true,"href":"https:\/\/www.europesays.com\/africa\/wp-json\/wp\/v2\/comments?post=17855"}],"version-history":[{"count":0,"href":"https:\/\/www.europesays.com\/africa\/wp-json\/wp\/v2\/posts\/17855\/revisions"}],"wp:featuredmedia":[{"embeddable":true,"href":"https:\/\/www.europesays.com\/africa\/wp-json\/wp\/v2\/media\/17856"}],"wp:attachment":[{"href":"https:\/\/www.europesays.com\/africa\/wp-json\/wp\/v2\/media?parent=17855"}],"wp:term":[{"taxonomy":"category","embeddable":true,"href":"https:\/\/www.europesays.com\/africa\/wp-json\/wp\/v2\/categories?post=17855"},{"taxonomy":"post_tag","embeddable":true,"href":"https:\/\/www.europesays.com\/africa\/wp-json\/wp\/v2\/tags?post=17855"}],"curies":[{"name":"wp","href":"https:\/\/api.w.org\/{rel}","templated":true}]}}