{"id":17876,"date":"2026-01-12T00:28:14","date_gmt":"2026-01-12T00:28:14","guid":{"rendered":"https:\/\/www.europesays.com\/africa\/17876\/"},"modified":"2026-01-12T00:28:14","modified_gmt":"2026-01-12T00:28:14","slug":"fes-letat-des-batiments-menacant-ruine-inquiete-de-plus-en-plus-les-habitants-de-lancienne-medina","status":"publish","type":"post","link":"https:\/\/www.europesays.com\/africa\/17876\/","title":{"rendered":"F\u00e8s: l\u2019\u00e9tat des b\u00e2timents mena\u00e7ant ruine inqui\u00e8te de plus en plus les habitants de l\u2019ancienne m\u00e9dina"},"content":{"rendered":"<p class=\"default__StyledText-sc-10mj2vp-0 CxBBS body-paragraph\">Dans l\u2019ancienne m\u00e9dina de F\u00e8s, derri\u00e8re l\u2019effervescence touristique des art\u00e8res embl\u00e9matiques telles que Talaa Kebira, Zqaq Lahjar ou encore les abords de Chouara, se cache une r\u00e9alit\u00e9 bien plus sombre. \u00c0 mesure que l\u2019on s\u2019enfonce dans les ruelles secondaires, souvent porteuses de noms charg\u00e9s d\u2019histoire, la m\u00e9dina r\u00e9v\u00e8le ses fragilit\u00e9s. Ici, l\u2019anciennet\u00e9 du b\u00e2ti n\u2019est plus seulement un h\u00e9ritage architectural, mais un fardeau lourd de menaces pour ses habitants.<\/p>\n<p class=\"default__StyledText-sc-10mj2vp-0 CxBBS body-paragraph\">Pour de nombreuses familles, les maisons autrefois synonymes de refuge se sont mu\u00e9es en sources d\u2019angoisse permanente. Les habitants vivent au rythme des fissures qui s\u2019\u00e9largissent, des plafonds qui s\u2019effritent et des murs qui menacent de c\u00e9der au moindre choc. Chaque \u00e9pisode pluvieux, chaque vibration, m\u00eame infime, suffit \u00e0 raviver la crainte d\u2019un effondrement soudain.<\/p>\n<p class=\"default__StyledText-sc-10mj2vp-0 CxBBS body-paragraph\">Le360 a ainsi capt\u00e9 des sc\u00e8nes inqui\u00e9tantes dans plusieurs ruelles de la m\u00e9dina: murs l\u00e9zard\u00e9s sur toute leur hauteur, toitures rong\u00e9es par le temps, poutres en bois us\u00e9es jusqu\u2019\u00e0 l\u2019os et c\u00e2bles \u00e9lectriques d\u00e9nud\u00e9s serpentant au-dessus des passages \u00e9troits. Autant de signaux alarmants qui traduisent l\u2019absence de conditions \u00e9l\u00e9mentaires de s\u00e9curit\u00e9 et exposent directement la vie de dizaines de familles.<\/p>\n<p lang=\"fr\">Images inqui\u00e9tantes de certains b\u00e2timents mena\u00e7ant ruine \u00e0 l&#8217;ancienne m\u00e9dina de F\u00e8s (Y.Jaoual\/Le360.)<\/p>\n<p><img loading=\"lazy\" decoding=\"async\" src=\"https:\/\/fr.le360.ma\/pf\/resources\/images\/back.svg?d=289\" width=\"10\" height=\"20\"\/><img loading=\"lazy\" decoding=\"async\" src=\"https:\/\/fr.le360.ma\/pf\/resources\/images\/next.svg?d=289\" width=\"10\" height=\"20\"\/><img loading=\"lazy\" decoding=\"async\" src=\"https:\/\/fr.le360.ma\/pf\/resources\/images\/fullscreen.svg?d=289\" width=\"28\" height=\"28\"\/><img loading=\"lazy\" decoding=\"async\" src=\"https:\/\/fr.le360.ma\/pf\/resources\/images\/pause.svg?d=289\" width=\"30\" height=\"30\"\/><\/p>\n<p class=\"default__StyledText-sc-10mj2vp-0 CxBBS body-paragraph\">\u00c0 Derb Lmania, sur Talaa Kebira, un b\u00e2timent attire particuli\u00e8rement l\u2019attention. Soutenue par des \u00e9tais depuis plus de 22 ans, cette maison continue de susciter l\u2019inqui\u00e9tude des riverains. Fragilis\u00e9e, enclav\u00e9e entre d\u2019autres habitations et riads, elle se dresse sur un axe fr\u00e9quent\u00e9 aussi bien par les habitants que par les touristes. \u00ab\u00c0 chaque forte pluie, la peur revient. Nous ne savons jamais si la maison va tenir\u00bb, confient des habitants du quartier. Les pr\u00e9cipitations rendent la situation encore plus critique, transformant le quotidien des riverains en une attente anxieuse, o\u00f9 l\u2019effondrement semble toujours possible.<\/p>\n<p class=\"interstitial-link block-margin-bottom\">Lire aussi : <a href=\"https:\/\/fr.le360.ma\/societe\/la-faute-a-la-qualite-du-bati-et-au-non-respect-de-la-loi-desolation-apres-la-mort-de-19-personnes_7H55WNBMIZCNHN6GMOQN6DDXMY\/\" aria-label=\"Ouvrir un article associ\u00e9\" class=\"default__StyledLink-sc-10mj2vp-1 kkYPzd\" rel=\"nofollow noopener\" target=\"_blank\">\u00abLa faute \u00e0 la qualit\u00e9 du b\u00e2ti et au non respect de la loi\u00bb: d\u00e9solation apr\u00e8s la mort de 19 personnes dans l\u2019effondrement de deux immeubles \u00e0 F\u00e8s<\/a><\/p>\n<p class=\"default__StyledText-sc-10mj2vp-0 CxBBS body-paragraph\">Le constat est tout aussi pr\u00e9occupant \u00e0 Kasbat Nouar, plus pr\u00e9cis\u00e9ment \u00e0 Derb Zawiat El Kadi. L\u00e0, un b\u00e2timent abandonn\u00e9 menace ruine depuis plusieurs ann\u00e9es, entour\u00e9 de maisons toujours habit\u00e9es. Notre cam\u00e9ra y a relev\u00e9 de profondes fissures sur les fa\u00e7ades, une structure visiblement inclin\u00e9e et un \u00e9tat de d\u00e9gradation avanc\u00e9.<\/p>\n<p class=\"default__StyledText-sc-10mj2vp-0 CxBBS body-paragraph\">Malgr\u00e9 les nombreuses plaintes adress\u00e9es aux autorit\u00e9s comp\u00e9tentes, aucune intervention concr\u00e8te n\u2019a \u00e9t\u00e9 engag\u00e9e jusqu\u2019\u00e0 pr\u00e9sent. Pour les habitants, ces deux cas ne constituent que la partie visible d\u2019un probl\u00e8me bien plus large. La configuration m\u00eame de la m\u00e9dina, avec ses passages \u00e9troits et difficilement accessibles, complique davantage toute intervention d\u2019urgence en cas d\u2019effondrement ou d\u2019accident.<\/p>\n<p class=\"interstitial-link block-margin-bottom\">Lire aussi : <a href=\"https:\/\/fr.le360.ma\/societe\/effondrement-de-deux-batiments-a-fes-22-morts-16-blesses-et-des-negligences-qui-interrogent_YKGKUYXGLJACJDF6D3WX4VHHBM\/\" aria-label=\"Ouvrir un article associ\u00e9\" class=\"default__StyledLink-sc-10mj2vp-1 kkYPzd\" rel=\"nofollow noopener\" target=\"_blank\">Effondrement de deux b\u00e2timents \u00e0 F\u00e8s: 22 morts, 16 bless\u00e9s et des n\u00e9gligences qui interrogent<\/a><\/p>\n<p class=\"default__StyledText-sc-10mj2vp-0 CxBBS body-paragraph\">Face \u00e0 cette situation, Yassine El Aouni, acteur associatif, tire la sonnette d\u2019alarme. \u00abLa situation dans l\u2019ancienne m\u00e9dina de F\u00e8s exige une intervention urgente qui ne peut plus \u00eatre report\u00e9e\u00bb, d\u00e9clare-t-il. \u00abSe contenter d\u2019\u00e9tayer certaines maisons avec des piliers ne constitue pas une r\u00e9ponse durable, surtout en p\u00e9riode de pluies, o\u00f9 les risques restent \u00e9lev\u00e9s\u00bb, insiste-t-il.<\/p>\n<p class=\"default__StyledText-sc-10mj2vp-0 CxBBS body-paragraph\">L\u2019acteur associatif appelle \u00e0 une approche globale. \u00abIl est imp\u00e9ratif de proc\u00e9der \u00e0 un recensement pr\u00e9cis et exhaustif des habitations mena\u00e7ant ruine dans l\u2019ensemble des ruelles de F\u00e8s el-Bali, notamment dans les zones \u00e0 forte densit\u00e9 de population\u00bb, affirme-t-il. Il plaide enfin pour des solutions pratiques et p\u00e9rennes, ainsi que pour des mesures imm\u00e9diates afin de pr\u00e9venir des drames humains. \u00abAgir maintenant, c\u2019est \u00e9viter des catastrophes aux cons\u00e9quences irr\u00e9versibles\u00bb, conclut-il.<\/p>\n","protected":false},"excerpt":{"rendered":"Dans l\u2019ancienne m\u00e9dina de F\u00e8s, derri\u00e8re l\u2019effervescence touristique des art\u00e8res embl\u00e9matiques telles que Talaa Kebira, Zqaq Lahjar ou&hellip;\n","protected":false},"author":2,"featured_media":17877,"comment_status":"","ping_status":"","sticky":false,"template":"","format":"standard","meta":{"footnotes":""},"categories":[41],"tags":[11239,11241,11240,3052,7974,158],"class_list":{"0":"post-17876","1":"post","2":"type-post","3":"status-publish","4":"format-standard","5":"has-post-thumbnail","7":"category-maroc","8":"tag-ancienne-medina","9":"tag-autorites-locales","10":"tag-batiment-menacant-ruine","11":"tag-fes","12":"tag-infrastructures","13":"tag-maroc"},"share_on_mastodon":{"url":"","error":""},"_links":{"self":[{"href":"https:\/\/www.europesays.com\/africa\/wp-json\/wp\/v2\/posts\/17876","targetHints":{"allow":["GET"]}}],"collection":[{"href":"https:\/\/www.europesays.com\/africa\/wp-json\/wp\/v2\/posts"}],"about":[{"href":"https:\/\/www.europesays.com\/africa\/wp-json\/wp\/v2\/types\/post"}],"author":[{"embeddable":true,"href":"https:\/\/www.europesays.com\/africa\/wp-json\/wp\/v2\/users\/2"}],"replies":[{"embeddable":true,"href":"https:\/\/www.europesays.com\/africa\/wp-json\/wp\/v2\/comments?post=17876"}],"version-history":[{"count":0,"href":"https:\/\/www.europesays.com\/africa\/wp-json\/wp\/v2\/posts\/17876\/revisions"}],"wp:featuredmedia":[{"embeddable":true,"href":"https:\/\/www.europesays.com\/africa\/wp-json\/wp\/v2\/media\/17877"}],"wp:attachment":[{"href":"https:\/\/www.europesays.com\/africa\/wp-json\/wp\/v2\/media?parent=17876"}],"wp:term":[{"taxonomy":"category","embeddable":true,"href":"https:\/\/www.europesays.com\/africa\/wp-json\/wp\/v2\/categories?post=17876"},{"taxonomy":"post_tag","embeddable":true,"href":"https:\/\/www.europesays.com\/africa\/wp-json\/wp\/v2\/tags?post=17876"}],"curies":[{"name":"wp","href":"https:\/\/api.w.org\/{rel}","templated":true}]}}