{"id":1789,"date":"2026-01-04T03:00:45","date_gmt":"2026-01-04T03:00:45","guid":{"rendered":"https:\/\/www.europesays.com\/africa\/1789\/"},"modified":"2026-01-04T03:00:45","modified_gmt":"2026-01-04T03:00:45","slug":"crise-diplomatique-france-algerie-en-2025-une-bascule-irremediable","status":"publish","type":"post","link":"https:\/\/www.europesays.com\/africa\/1789\/","title":{"rendered":"Crise diplomatique France-Alg\u00e9rie\u00a0: en 2025, une bascule irr\u00e9m\u00e9diable\u00a0?"},"content":{"rendered":"<p>&#8220;Je veux b\u00e2tir une relation d&#8217;avenir qui soit apais\u00e9e.&#8221; Le 22\u00a0novembre dernier, depuis Johannesburg, o\u00f9 il assistait au premier sommet du G20 organis\u00e9 en Afrique,\u00a0<a href=\"https:\/\/www.france24.com\/fr\/france\/20251122-emmanuel-macron-veut-b\u00e2tir-une-relation-d-avenir-apais\u00e9e-avec-l-alg\u00e9rie\" target=\"_self\" rel=\"nofollow noopener\">Emmanuel Macron<\/a> s\u2019\u00e9tait exprim\u00e9 sur la difficile relation entre la <a href=\"https:\/\/www.france24.com\/fr\/\u00e9missions\/le-monde-dans-tous-ses-\u00e9tats\/20251205-france-alg\u00e9rie-nouveau-coup-de-froid\" target=\"_self\" rel=\"nofollow noopener\">France et l\u2019Alg\u00e9rie<\/a>.<\/p>\n<p>Le pr\u00e9sident fran\u00e7ais expliquait avoir mis en place un nouveau &#8220;processus&#8221; pour relancer la machine diplomatique, \u00e0 l\u2019arr\u00eat depuis des mois.\u00a0&#8220;Je constate qu\u2019on a d\u00e9j\u00e0 eu des premiers r\u00e9sultats. La <a href=\"https:\/\/www.france24.com\/fr\/info-en-continu\/20251118-lib\u00e9r\u00e9-par-l-alg\u00e9rie-la-semaine-derni\u00e8re-l-\u00e9crivain-boualem-sansal-est-de-retour-en-france\" target=\"_self\" rel=\"nofollow noopener\">lib\u00e9ration de Boualem Sansal<\/a> est un premier r\u00e9sultat dont il faut se f\u00e9liciter&#8221;, assenait-il alors, quatre jours apr\u00e8s le <a href=\"https:\/\/www.france24.com\/fr\/info-en-continu\/20251118-lib\u00e9r\u00e9-par-l-alg\u00e9rie-la-semaine-derni\u00e8re-l-\u00e9crivain-boualem-sansal-est-de-retour-en-france\" target=\"_self\" rel=\"nofollow noopener\">retour en France de l\u2019\u00e9crivain franco-Alg\u00e9rien<\/a>\u00a0\u00e0 la faveur d\u2019une gr\u00e2ce pr\u00e9sidentielle.<\/p>\n<p>&#8220;Maintenant il faut avoir beaucoup de constance et, je le dis, d\u2019humilit\u00e9 et de respect&#8221;, soulignait-t-il, prudent\u00a0n\u00e9anmoins quant \u00e0 l\u2019\u00e9ventualit\u00e9 d\u2019un v\u00e9ritable d\u00e9gel, apr\u00e8s plus d\u2019un an d\u2019une profonde crise diplomatique.<\/p>\n<p class=\"o-em-consent__content__text\">Pour afficher ce contenu YouTube, il est n\u00e9cessaire d&#8217;autoriser les cookies de mesure d&#8217;audience et de publicit\u00e9.<\/p>\n<p>        Accepter<br \/>\n        G\u00e9rer mes choix<\/p>\n<p class=\"o-em-adblock__content__text\">Une extension de votre navigateur semble bloquer le chargement du lecteur vid\u00e9o. Pour pouvoir regarder ce contenu, vous devez la d\u00e9sactiver ou la d\u00e9sinstaller.<\/p>\n<p>            R\u00e9essayer<\/p>\n<p><img decoding=\"async\" fetchpriority=\"low\" src=\"https:\/\/www.europesays.com\/africa\/wp-content\/uploads\/2026\/01\/FR-20250702-102146-102444-CS.jpg\"   width=\"1280\" height=\"720\" alt=\"\" loading=\"lazy\" class=\"a-img \"\/><\/p>\n<p>                                \u00a9 France 24            <\/p>\n<p> Virage du Sahara occidental <\/p>\n<p>Cette brouille a d\u00e9but\u00e9 \u00e0 l\u2019\u00e9t\u00e9 2024, avec la <a href=\"https:\/\/www.france24.com\/fr\/afrique\/20240730-sahara-occidental-pour-la-france-le-plan-du-maroc-est-la-seule-base-de-r\u00e8glement-du-conflit\" target=\"_self\" rel=\"nofollow noopener\">reconnaissance par Paris<\/a> de la souverainet\u00e9 du <a href=\"https:\/\/www.france24.com\/fr\/info-en-continu\/20251031-sahara-occidental-le-conseil-de-s\u00e9curit\u00e9-de-l-onu-apporte-son-soutien-au-plan-d-autonomie-marocain\" target=\"_self\" rel=\"nofollow noopener\">Maroc<\/a> sur le <a href=\"https:\/\/www.france24.com\/fr\/afrique\/20251107-face-au-dossier-du-sahara-occidental-la-diplomatie-alg\u00e9rienne-en-qu\u00eate-d-un-nouveau-souffle\" target=\"_self\" rel=\"nofollow noopener\">Sahara occidental<\/a>. Un <a href=\"https:\/\/www.france24.com\/fr\/vid\u00e9o\/20240731-sahara-occidental-la-position-de-paris-une-attitude-pr\u00e9visible\" target=\"_self\" rel=\"nofollow noopener\">changement de cap<\/a> diplomatique, per\u00e7u comme une trahison par Alger, soutien des ind\u00e9pendantistes du <a href=\"https:\/\/www.france24.com\/fr\/tag\/front-polisario\/\" target=\"_self\" class=\"gtm-add-suggested-tag\" rel=\"nofollow noopener\">Front Polisario<\/a>.\u00a0<\/p>\n<p>En r\u00e9action, l\u2019Alg\u00e9rie <a href=\"https:\/\/www.france24.com\/fr\/afrique\/20240731-entre-alger-et-paris-la-liste-des-crises-diplomatiques-s-allonge\" target=\"_self\" rel=\"nofollow noopener\">avait rappel\u00e9 son ambassadeur \u00e0 Paris<\/a>. Les affaires diplomatiques y sont depuis g\u00e9r\u00e9es par un charg\u00e9 d&#8217;affaires.<\/p>\n<p class=\"a-read-more\">\u00c0 lire aussi<a href=\"https:\/\/www.france24.com\/fr\/afrique\/20241029-en-direct-afrique-maroc-emmanuel-macron-visite-mohammed-vi-discours-parlement-sahara-occidental-contrats\" target=\"_self\" class=\"a-read-more__link\" rel=\"nofollow noopener\">Sahara occidental\u00a0: Emmanuel Macron r\u00e9affirme \u00e0 Rabat le soutien \u00e0 la &#8220;souverainet\u00e9 marocaine&#8221;<\/a><\/p>\n<p>&#8220;Il y avait d\u00e9j\u00e0 eu des \u00e9pisodes de tension, notamment apr\u00e8s des <a href=\"https:\/\/www.france24.com\/fr\/afrique\/20211002-l-alg\u00e9rie-rappelle-son-ambassadeur-en-france-pour-consultations\" target=\"_self\" rel=\"nofollow noopener\">d\u00e9clarations critiques d\u2019Emmanuel Macron<\/a> sur le r\u00e9gime alg\u00e9rien, mais le changement de position de la <a href=\"https:\/\/www.france24.com\/fr\/tag\/france\/\" target=\"_self\" class=\"gtm-add-suggested-tag\" rel=\"nofollow noopener\">France<\/a> sur le Sahara Occidental a marqu\u00e9 un tournant&#8221;, souligne l\u2019historien Benjamin Stora. &#8220;Il s\u2019agit, pour l\u2019Alg\u00e9rie, d\u2019une remise en cause de son int\u00e9grit\u00e9 territoriale. C\u2019est une question tr\u00e8s sensible, d\u2019autant plus lorsqu\u2019elle est soulev\u00e9e par l\u2019ancienne <a href=\"https:\/\/www.france24.com\/fr\/france\/20251117-\u00e0-nancy-un-contre-monument-convoque-les-fant\u00f4mes-de-l-alg\u00e9rie-coloniale\" target=\"_self\" rel=\"nofollow noopener\">puissance coloniale<\/a>&#8220;, poursuit l\u2019expert franco-alg\u00e9rien, coauteur de &#8220;France\u00a0\/\u00a0Alg\u00e9rie \u2013\u00a0Anatomie d&#8217;une d\u00e9chirure&#8221; (Les Ar\u00e8nes).<\/p>\n<p class=\"a-read-more\">\u00c0 lire aussi<a href=\"https:\/\/www.france24.com\/fr\/info-en-continu\/20250217-la-ministre-fran\u00e7aise-rachida-dati-en-visite-historique-au-sahara-occidental\" target=\"_self\" class=\"a-read-more__link\" rel=\"nofollow noopener\">Rachida Dati en &#8220;visite historique&#8221; dans le tr\u00e8s disput\u00e9 Sahara occidental<\/a><\/p>\n<p> Sansal, OQTF et affaires judiciaires en France\u00a0 <\/p>\n<p>Dans ce contexte d\u00e9j\u00e0 tendu, l&#8217;arrestation de <a href=\"https:\/\/www.france24.com\/fr\/afrique\/20241122-boualem-sansal-\u00e9crivain-franco-alg\u00e9rien-critique-du-pouvoir-d\u00e9tenu-par-les-autorit\u00e9s-alg\u00e9riennes\" target=\"_self\" rel=\"nofollow noopener\">Boualem Sansal<\/a>, \u00e0 Alger le 16\u00a0novembre 2024, crispe encore davantage les relations entre les deux pays. R\u00e9put\u00e9 critique du pouvoir, l\u2019\u00e9crivain franco-alg\u00e9rien <a href=\"https:\/\/www.france24.com\/fr\/info-en-continu\/20250327-\ud83d\udd34-alg\u00e9rie-l-\u00e9crivain-franco-alg\u00e9rien-boualem-sansal-condamn\u00e9-\u00e0-cinq-ans-de-prison-ferme-afp\" target=\"_self\" rel=\"nofollow noopener\">\u00e9cope de cinq ans de prison<\/a>, notamment pour &#8220;atteinte \u00e0 l\u2019unit\u00e9 nationale&#8221;, apr\u00e8s des propos pol\u00e9miques <a href=\"https:\/\/www.france24.com\/fr\/afrique\/20241122-boualem-sansal-\u00e9crivain-franco-alg\u00e9rien-critique-du-pouvoir-d\u00e9tenu-par-les-autorit\u00e9s-alg\u00e9riennes\" target=\"_self\" rel=\"nofollow noopener\">sur les fronti\u00e8res du Maroc et de l&#8217;Alg\u00e9rie<\/a>. \u00a0<\/p>\n<p>En parall\u00e8le, un autre sujet de friction d\u00e9fraye la chronique\u00a0: le retour des OQTF, les \u00e9trangers sous obligation de quitter le territoire fran\u00e7ais.<\/p>\n<p>Le 22\u00a0f\u00e9vrier 2025, un ressortissant alg\u00e9rien tue un homme et blesse plusieurs policiers lors d\u2019une <a href=\"https:\/\/www.france24.com\/fr\/info-en-continu\/20250226-attentat-de-mulhouse-l-assaillant-pr\u00e9sent\u00e9-\u00e0-un-juge-d-instruction-antiterroriste-\u00e0-paris\" target=\"_self\" rel=\"nofollow noopener\">attaque au couteau \u00e0 Mulhouse<\/a>. Fich\u00e9 S pour radicalisation, l\u2019assaillant \u00e9tait sous obligation de quitter le territoire, mais n\u2019avait pu \u00eatre expuls\u00e9. L\u2019Alg\u00e9rie avait <a href=\"https:\/\/www.france24.com\/fr\/vid\u00e9o\/20250224-attentat-de-mulhouse-alger-a-refus\u00e9-\u00e0-10-reprises-de-reprendre-le-ressortissant\" target=\"_self\" rel=\"nofollow noopener\">refus\u00e9 \u00e0 de multiples reprises<\/a> de d\u00e9livrer un laissez-passer consulaire, acte administratif permettant d\u2019attester de sa nationalit\u00e9 et d\u2019organiser son retour.<\/p>\n<p>Un document utilis\u00e9 par Alger comme une arme diplomatique. &#8220;Jusqu\u2019\u00e0 fin 2024, la France op\u00e9rait environ 1\u00a0800 reconduites par an, mais depuis un an, celles-ci sont refus\u00e9es de mani\u00e8re quasi-syst\u00e9matique par les autorit\u00e9s alg\u00e9riennes&#8221;, indique une source diplomatique fran\u00e7aise, sous couvert d\u2019anonymat.<\/p>\n<p>Durant la m\u00eame p\u00e9riode, <a href=\"https:\/\/www.france24.com\/fr\/info-en-continu\/20250305-l-influenceur-alg\u00e9rien-imad-tintin-jug\u00e9-pour-provocation-au-terrorisme\" target=\"_self\" rel=\"nofollow noopener\">plusieurs influenceurs alg\u00e9riens<\/a> ou franco\u2011alg\u00e9riens sont arr\u00eat\u00e9s et <a href=\"https:\/\/www.france24.com\/fr\/france\/20250224-zazou-youssef-et-doualemn-deux-influenceurs-alg\u00e9riens-jug\u00e9s-pour-incitation-\u00e0-la-violence\" target=\"_self\" rel=\"nofollow noopener\">poursuivis en France pour propos haineux<\/a> ou apologie du terrorisme.<\/p>\n<p>Privil\u00e9giant le &#8220;rapport de force&#8221; avec l\u2019Alg\u00e9rie, le ministre de l&#8217;Int\u00e9rieur\u00a0<a href=\"https:\/\/www.france24.com\/fr\/info-en-continu\/20250319-nous-ne-voulons-pas-la-guerre-avec-l-alg\u00e9rie-c-est-l-alg\u00e9rie-qui-nous-agresse-dit-retailleau\" target=\"_self\" rel=\"nofollow noopener\">Bruno Retailleau<\/a> pr\u00f4ne alors une escalade progressive, avec le durcissement de l\u2019octroi de visas diplomatiques, puis la remise en cause des <a href=\"https:\/\/www.france24.com\/fr\/vid\u00e9o\/20250319-france-alg\u00e9rie-l-accord-migratoire-de-1968-un-point-de-crispation\" target=\"_self\" rel=\"nofollow noopener\">accords de 1968<\/a>, favorisant l&#8217;immigration alg\u00e9rienne. Le pr\u00e9sident Tebboune rejette quant \u00e0 lui\u00a0<a href=\"https:\/\/www.france24.com\/fr\/france\/20250317-alger-rejette-la-liste-de-ressortissants-expulsables-de-france-retailleau-promet-une-riposte\" target=\"_self\" rel=\"nofollow noopener\">tout ultimatum<\/a>, qualifiant Emmanuel Macron de <a href=\"https:\/\/www.france24.com\/fr\/afrique\/20250323-diplomatie-france-alg\u00e9rie-pr\u00e9sident-abdelmadjid-tebboune-unique-point-de-rep\u00e8re-emmanuel-macron\" target=\"_self\" rel=\"nofollow noopener\">&#8220;seul point de rep\u00e8re&#8221; dans cette crise<\/a>.<\/p>\n<p class=\"a-read-more\">\u00c0 lire aussi<a href=\"https:\/\/www.france24.com\/fr\/afrique\/20250227-les-accords-de-1968-un-engagement-singulier-et-controvers\u00e9-entre-la-france-et-l-alg\u00e9rie\" target=\"_self\" class=\"a-read-more__link\" rel=\"nofollow noopener\">Accord de 1968 : un engagement singulier et controvers\u00e9 entre la France et l&#8217;Alg\u00e9rie<\/a><\/p>\n<p> Expulsion &#8220;in\u00e9dite&#8221; de diplomates\u00a0\u00a0 <\/p>\n<p>Fin f\u00e9vrier, le pr\u00e9sident fran\u00e7ais reprend le dossier en main et affirme vouloir <a href=\"https:\/\/www.france24.com\/fr\/france\/20250228-tensions-avec-alg\u00e9rie-macron-appelle-alger-r\u00e9engager-travail-immigration\" target=\"_self\" rel=\"nofollow noopener\">privil\u00e9gier la n\u00e9gociation<\/a> avec Alger. Il \u00e9change avec son homologue et tous deux annoncent, lundi 31\u00a0mars, une <a href=\"https:\/\/www.france24.com\/fr\/france\/20250331-france-alg\u00e9rie-macron-tebboune-relancent-relation-bilat\u00e9rale-mois-crise-boualem-sansal-migration-afrique-sahara-occidental\" target=\"_self\" rel=\"nofollow noopener\">relance de la relation bilat\u00e9rale<\/a>.<\/p>\n<p>Mais deux\u00a0semaines plus tard, une nouvelle crise \u00e9clate apr\u00e8s l\u2019arrestation en France d\u2019un employ\u00e9 du consulat alg\u00e9rien, <a href=\"https:\/\/www.france24.com\/fr\/europe\/20250809-un-diplomate-alg\u00e9rien-vis\u00e9-par-un-mandat-d-arr\u00eat-pour-le-rapt-d-un-influenceur-en-france\" target=\"_self\" rel=\"nofollow noopener\">soup\u00e7onn\u00e9 dans une affaire d\u2019enl\u00e8vement<\/a>.<\/p>\n<p class=\"a-read-more\">\u00c0 lire aussi<a href=\"https:\/\/www.france24.com\/fr\/france\/20250414-enl\u00e8vement-france-influenceur-amir-boukhors-tensions-alg\u00e9rie-opposant\" target=\"_self\" class=\"a-read-more__link\" rel=\"nofollow noopener\">L&#8217;enl\u00e8vement en France de l\u2019influenceur Amir Boukhors, une affaire explosive entre Paris et Alger<\/a><\/p>\n<p>D\u00e9non\u00e7ant <a href=\"https:\/\/www.france24.com\/fr\/france\/20250416-alg\u00e9rie-tient-bruno-retailleau-pour-responsable-de-crise-avec-france\" target=\"_self\" rel=\"nofollow noopener\">une &#8220;provocation&#8221;<\/a>, l\u2019Alg\u00e9rie <a href=\"https:\/\/www.france24.com\/fr\/france\/20250414-l-alg\u00e9rie-annonce-l-expulsion-de-12-agents-de-l-ambassade-de-france-paris-pr\u00eat-\u00e0-des-repr\u00e9sailles\" target=\"_self\" rel=\"nofollow noopener\">expulse 12 diplomates fran\u00e7ais<\/a>. Une mesure &#8220;regrettable&#8221; pour la France, qui r\u00e9plique en expulsant \u00e0 son tour <a href=\"https:\/\/www.france24.com\/fr\/info-en-continu\/20250415-\ud83d\udd34-la-france-expulse-12-diplomates-alg\u00e9riens-et-rappelle-son-ambassadeur-pour-consultations\" target=\"_self\" rel=\"nofollow noopener\">12 diplomates alg\u00e9riens et en rappelant son ambassadeur<\/a>.<\/p>\n<p>&#8220;La r\u00e9action de l\u2019Alg\u00e9rie a \u00e9t\u00e9 un coup de massue, d\u2019autant plus qu\u2019elle est intervenue quelques jours apr\u00e8s le <a href=\"https:\/\/www.france24.com\/fr\/info-en-continu\/20250406-le-chef-de-la-diplomatie-fran\u00e7aise-\u00e0-alger-pour-r\u00e9initialiser-la-relation-france-alg\u00e9rie\" target=\"_self\" rel=\"nofollow noopener\">voyage du ministre des Affaires \u00e9trang\u00e8res \u00e0 Alger<\/a>, cens\u00e9e amorcer le processus de reprise. C\u2019est une mesure d\u2019une gravit\u00e9 totalement in\u00e9dite&#8221;, souligne la source diplomatique fran\u00e7aise contact\u00e9e par France\u00a024.<\/p>\n<p class=\"o-em-consent__content__text\">Pour afficher ce contenu YouTube, il est n\u00e9cessaire d&#8217;autoriser les cookies de mesure d&#8217;audience et de publicit\u00e9.<\/p>\n<p>        Accepter<br \/>\n        G\u00e9rer mes choix<\/p>\n<p class=\"o-em-adblock__content__text\">Une extension de votre navigateur semble bloquer le chargement du lecteur vid\u00e9o. Pour pouvoir regarder ce contenu, vous devez la d\u00e9sactiver ou la d\u00e9sinstaller.<\/p>\n<p>            R\u00e9essayer<\/p>\n<p><img decoding=\"async\" fetchpriority=\"low\" src=\"https:\/\/www.europesays.com\/africa\/wp-content\/uploads\/2026\/01\/capture-18622398467ff54574c6ce4.00512112.jpg\"   width=\"1280\" height=\"720\" alt=\"Regain de tensions franco-alg\u00e9riennes\" loading=\"lazy\" class=\"a-img \"\/><\/p>\n<p>                Regain de tensions franco-alg\u00e9riennes                \u00a9 France 24            <\/p>\n<p> R\u00e9conciliation impossible\u00a0? \u00a0 <\/p>\n<p>Depuis la rentr\u00e9e, le pr\u00e9sident fran\u00e7ais tente \u00e0 nouveau de relancer la relation, \u00e9paul\u00e9 par le ministre des Affaires \u00e9trang\u00e8res Jean-No\u00ebl Barrot et le <a href=\"https:\/\/www.france24.com\/fr\/france\/20251102-laurent-nu\u00f1ez-met-en-garde-contre-la-m\u00e9thode-du-bras-de-fer-avec-l-alg\u00e9rie\" target=\"_self\" rel=\"nofollow noopener\">nouveau ministre de l\u2019Int\u00e9rieur Laurent Nu\u00f1ez<\/a>, en poste depuis octobre. Un &#8220;processus tr\u00e8s graduel&#8221;, explique-t-on au Quai d\u2019Orsay, ax\u00e9 sur deux priorit\u00e9s\u00a0: la reprise de la coop\u00e9ration migratoire et s\u00e9curitaire.<\/p>\n<p>&#8220;L&#8217;expulsion des Alg\u00e9riens sous OQTF est essentielle pour prot\u00e9ger la s\u00e9curit\u00e9 nationale&#8221;, affirme le diplomate contact\u00e9 par France\u00a024. &#8220;La collaboration avec l\u2019Alg\u00e9rie sur le narcotrafic et le terrorisme, y compris au <a href=\"https:\/\/www.france24.com\/fr\/tag\/sahel\/\" target=\"_self\" class=\"gtm-add-suggested-tag\" rel=\"nofollow noopener\">Sahel<\/a>, est-elle aussi primordiale, car elle a un impact s\u00e9curitaire \u00e0 la fois direct et indirect sur la France&#8221;, poursuit-il.<\/p>\n<p>&#8220;Nous sommes d\u00e9termin\u00e9s, mais il faut \u00eatre lucide : la relation est tr\u00e8s d\u00e9grad\u00e9e\u00a0et les derniers signaux envoy\u00e9s par l\u2019Alg\u00e9rie ne sont pas tr\u00e8s encourageants&#8221;, reconna\u00eet le diplomate.<\/p>\n<p>Car depuis la <a href=\"https:\/\/www.france24.com\/fr\/france\/20251112-boualem-sansal-graci\u00e9-par-pr\u00e9sident-alg\u00e9rien-d\u00e9saveu-m\u00e9thode-retailleau\" target=\"_self\" rel=\"nofollow noopener\">lib\u00e9ration de Boualem Sensal<\/a>, obtenue <a href=\"https:\/\/www.france24.com\/fr\/afrique\/20251118-lib\u00e9ration-de-boualem-sansa-la-france-dans-un-moment-nouveau-avec-l-alg\u00e9rie\" target=\"_self\" rel=\"nofollow noopener\">\u00e0 la demande de l\u2019Allemagne<\/a>, l\u2019Alg\u00e9rie semble \u00e0 nouveau avoir <a href=\"https:\/\/www.france24.com\/fr\/\u00e9missions\/le-monde-dans-tous-ses-\u00e9tats\/20251205-france-alg\u00e9rie-nouveau-coup-de-froid\" target=\"_self\" rel=\"nofollow noopener\">durcit le ton<\/a>.<\/p>\n<p>Le 3\u00a0d\u00e9cembre, la justice a confirm\u00e9 la condamnation \u00e0 sept\u00a0ans de prison du <a href=\"https:\/\/www.france24.com\/fr\/france\/20251204-issues-christophe-gleizes-apr\u00e8s-verdict-proches-sid\u00e9r\u00e9s-alg\u00e9rie-condamnation-football\" target=\"_self\" rel=\"nofollow noopener\">journaliste sportif fran\u00e7ais Christophe Gleizes<\/a>, autre fran\u00e7ais d\u00e9tenu en Alg\u00e9rie, dont <a href=\"https:\/\/www.france24.com\/fr\/france\/20251204-condamnation-de-christophe-gleizes-en-alg\u00e9rie-macron-promet-d-agir-pour-sa-lib\u00e9ration\" target=\"_self\" rel=\"nofollow noopener\">Paris esp\u00e9rait la lib\u00e9ration<\/a>.<\/p>\n<p class=\"a-read-more\">\u00c0 lire aussi<a href=\"https:\/\/www.france24.com\/fr\/france\/20251204-issues-christophe-gleizes-apr\u00e8s-verdict-proches-sid\u00e9r\u00e9s-alg\u00e9rie-condamnation-football\" target=\"_self\" class=\"a-read-more__link\" rel=\"nofollow noopener\">Quelles issues pour Christophe Gleizes apr\u00e8s un verdict qui sid\u00e8re ses proches ?<\/a><\/p>\n<p>En parall\u00e8le, le Parlement alg\u00e9rien a adopt\u00e9, mercredi 24 d\u00e9cembre, <a href=\"https:\/\/www.france24.com\/fr\/info-en-continu\/20251224-le-parlement-alg\u00e9rien-vote-sur-un-texte-qualifiant-la-colonisation-fran\u00e7aise-de-crime-d-etat\" target=\"_self\" rel=\"nofollow noopener\">\u00e0 l&#8217;unanimit\u00e9 la proposition de loi qualifiant la colonisation fran\u00e7aise (1830-1962) de &#8220;crime d&#8217;\u00c9tat&#8221;<\/a> et r\u00e9clamant \u00e0 Paris &#8220;des excuses officielles&#8221; ainsi que des indemnisations.\u00a0<\/p>\n<p>Pour Benjamin Stora, la r\u00e9conciliation demeure un horizon lointain.\u00a0&#8220;Il y a en Alg\u00e9rie un sentiment anti-fran\u00e7ais, nationaliste, tr\u00e8s fort, avec lequel le pr\u00e9sident Tebboune doit composer. Tout comme en France, nous avons une partie de la classe politique \u00e0 droite et \u00e0 l\u2019extr\u00eame droite, qui n\u2019admet pas la fin de l\u2019Alg\u00e9rie fran\u00e7aise&#8221;, souligne l\u2019historien.<\/p>\n<p>&#8220;Ces tensions ont toujours exist\u00e9. Mais elles ont atteint cette ann\u00e9e un seuil critique, provoquant pour la premi\u00e8re fois une crise diplomatique tr\u00e8s grave. La reprise du dialogue est in\u00e9vitable, ne serait-ce que pour la <a href=\"https:\/\/www.france24.com\/fr\/france\/20250325-crise-france-alg\u00e9rie-diaspora-alg\u00e9rienne-paris-affect\u00e9e-tensions-diplomatiques\" target=\"_self\" rel=\"nofollow noopener\">communaut\u00e9 alg\u00e9rienne de France<\/a>, qui repr\u00e9sente pr\u00e8s de trois\u00a0millions de personnes. Mais cette accumulation de tensions va laisser des traces&#8221;, conclut-il.<\/p>\n","protected":false},"excerpt":{"rendered":"&#8220;Je veux b\u00e2tir une relation d&#8217;avenir qui soit apais\u00e9e.&#8221; Le 22\u00a0novembre dernier, depuis Johannesburg, o\u00f9 il assistait au&hellip;\n","protected":false},"author":2,"featured_media":1790,"comment_status":"","ping_status":"","sticky":false,"template":"","format":"standard","meta":{"footnotes":""},"categories":[254],"tags":[1834,64,255,1835,1836,1315,658,1747,1837,1838,1839],"class_list":{"0":"post-1789","1":"post","2":"type-post","3":"status-publish","4":"format-standard","5":"has-post-thumbnail","7":"category-algerie","8":"tag-abdelmadjid-tebboune","9":"tag-afrique","10":"tag-algerie","11":"tag-boualem-sansal","12":"tag-christophe-gleizes","13":"tag-emmanuel-macron","14":"tag-france","15":"tag-immigration","16":"tag-pour-aller-plus-loin","17":"tag-retro-de-lannee","18":"tag-sahara-occidental"},"share_on_mastodon":{"url":"","error":""},"_links":{"self":[{"href":"https:\/\/www.europesays.com\/africa\/wp-json\/wp\/v2\/posts\/1789","targetHints":{"allow":["GET"]}}],"collection":[{"href":"https:\/\/www.europesays.com\/africa\/wp-json\/wp\/v2\/posts"}],"about":[{"href":"https:\/\/www.europesays.com\/africa\/wp-json\/wp\/v2\/types\/post"}],"author":[{"embeddable":true,"href":"https:\/\/www.europesays.com\/africa\/wp-json\/wp\/v2\/users\/2"}],"replies":[{"embeddable":true,"href":"https:\/\/www.europesays.com\/africa\/wp-json\/wp\/v2\/comments?post=1789"}],"version-history":[{"count":0,"href":"https:\/\/www.europesays.com\/africa\/wp-json\/wp\/v2\/posts\/1789\/revisions"}],"wp:featuredmedia":[{"embeddable":true,"href":"https:\/\/www.europesays.com\/africa\/wp-json\/wp\/v2\/media\/1790"}],"wp:attachment":[{"href":"https:\/\/www.europesays.com\/africa\/wp-json\/wp\/v2\/media?parent=1789"}],"wp:term":[{"taxonomy":"category","embeddable":true,"href":"https:\/\/www.europesays.com\/africa\/wp-json\/wp\/v2\/categories?post=1789"},{"taxonomy":"post_tag","embeddable":true,"href":"https:\/\/www.europesays.com\/africa\/wp-json\/wp\/v2\/tags?post=1789"}],"curies":[{"name":"wp","href":"https:\/\/api.w.org\/{rel}","templated":true}]}}