{"id":17907,"date":"2026-01-12T00:52:33","date_gmt":"2026-01-12T00:52:33","guid":{"rendered":"https:\/\/www.europesays.com\/africa\/17907\/"},"modified":"2026-01-12T00:52:33","modified_gmt":"2026-01-12T00:52:33","slug":"video-louverture-du-score-heureuse-du-maroc-contre-le-cameroun-en-coupe-dafrique-des-nations","status":"publish","type":"post","link":"https:\/\/www.europesays.com\/africa\/17907\/","title":{"rendered":"VID\u00c9O. L\u2019ouverture du score heureuse du Maroc contre le Cameroun en Coupe d\u2019Afrique des nations"},"content":{"rendered":"<p class=\"su-standfirst chapeau\">Brahim Diaz s\u2019est une nouvelle fois montr\u00e9 d\u00e9cisif avec le Maroc, en inscrivant le but de l\u2019ouverture du score des Lions de l\u2019Atlas face au Cameroun, en quart de finale de la Coupe d\u2019Afrique des nations.<\/p>\n<p>                                        <img decoding=\"async\" class=\"su-media\" src=\"https:\/\/media.ouest-france.fr\/v1\/pictures\/MjAyNjAxZGI3MjlhNDBmM2E4MThlMzliZjFlZjRiNDA4ODk0ZDU?width=1260&amp;height=708&amp;focuspoint=50%2C25&amp;cropresize=1&amp;client_id=bpeditorial&amp;sign=ce26c42983597ddb4891a9e5418af04b1de3a47cdeeea54e306728c5107db841\" alt=\"Brahim Diaz a ouvert le score pour le Maroc face au Cameroun.\"  \/><\/p>\n<p>                            Brahim Diaz a ouvert le score pour le Maroc face au Cameroun. | AFP<\/p>\n<p>                            fermer<\/p>\n<p><img decoding=\"async\" data-ofmaxheight=\"\" class=\"su-media lazyload\" alt=\"Brahim Diaz a ouvert le score pour le Maroc face au Cameroun.\" src=\"data:image\/png;base64,iVBORw0KGgoAAAANSUhEUgAAABAAAAAJCAYAAAA7KqwyAAAAGXRFWHRTb2Z0d2FyZQBBZG9iZSBJbWFnZVJlYWR5ccllPAAAABhJREFUeNpi\/P\/\/PwMlgHHUgFEDgAAgwAD+lBrvy+NcxAAAAABJRU5ErkJggg==\" data-oflazyload=\"{&quot;srcset&quot;:&quot;https:\/\/media.ouest-france.fr\/v1\/pictures\/MjAyNjAxZGI3MjlhNDBmM2E4MThlMzliZjFlZjRiNDA4ODk0ZDU?width=320&amp;focuspoint=50%2C25&amp;cropresize=1&amp;client_id=bpeditorial&amp;sign=ad77f19a5e38c688b43344dbd552d4a8298e66c16d52b84fb3304e28258b0caf 320w,https:\/\/media.ouest-france.fr\/v1\/pictures\/MjAyNjAxZGI3MjlhNDBmM2E4MThlMzliZjFlZjRiNDA4ODk0ZDU?width=375&amp;focuspoint=50%2C25&amp;cropresize=1&amp;client_id=bpeditorial&amp;sign=e751b783e508aefc85c72610900abd1602a28c358dbac9b140d486d24a420a73 360w,https:\/\/media.ouest-france.fr\/v1\/pictures\/MjAyNjAxZGI3MjlhNDBmM2E4MThlMzliZjFlZjRiNDA4ODk0ZDU?width=480&amp;focuspoint=50%2C25&amp;cropresize=1&amp;client_id=bpeditorial&amp;sign=c5fe092793bbf3da0c08cdf5a834b965123a69807924239edc9ef598bfd184bd 480w,https:\/\/media.ouest-france.fr\/v1\/pictures\/MjAyNjAxZGI3MjlhNDBmM2E4MThlMzliZjFlZjRiNDA4ODk0ZDU?width=630&amp;focuspoint=50%2C25&amp;cropresize=1&amp;client_id=bpeditorial&amp;sign=c176c9d2586bce8fcd0ecca09ab08e98457388221607d6a64f9fc5bdaad4f152 630w,https:\/\/media.ouest-france.fr\/v1\/pictures\/MjAyNjAxZGI3MjlhNDBmM2E4MThlMzliZjFlZjRiNDA4ODk0ZDU?width=940&amp;focuspoint=50%2C25&amp;cropresize=1&amp;client_id=bpeditorial&amp;sign=ff9a81afca08ee351a034232405a744bcfb490e0d6041f984abe70a53cddfa4f 940w,https:\/\/media.ouest-france.fr\/v1\/pictures\/MjAyNjAxZGI3MjlhNDBmM2E4MThlMzliZjFlZjRiNDA4ODk0ZDU?width=1260&amp;focuspoint=50%2C25&amp;cropresize=1&amp;client_id=bpeditorial&amp;sign=cd5e4bc803a3b465db446e2d60fc74f22a2a09c85948b0d91b32178f2113605c 1260w&quot;}\"\/>Brahim Diaz a ouvert le score pour le Maroc face au Cameroun. | AFP                            <\/p>\n<p>        Publi\u00e9 le 09\/01\/2026  \u00e0 21h02<\/p>\n<p>                            Lire plus tard<\/p>\n<p>                            Partager<\/p>\n<p>                        FacebookFacebookBlueSkyBlueSkyFlipboardFlipboardlinkedinLinkedIn<\/p>\n<p class=\"su-h3 su-margin-bottom-xs\">Newsletter Football<\/p>\n<p>Chaque jour, le meilleur du foot avec la r\u00e9daction des Sports Ouest-France<\/p>\n<p class=\"su-margin-top-s su-text-xsmall texte-rgpd su-hidden\">Votre e-mail, avec votre consentement, est utilis\u00e9 par Ouest-France pour recevoir notre newsletter. <a class=\"su-link-light\" href=\"https:\/\/www.ouest-france.fr\/politique-de-protection-des-donnees-personnelles\/\" rel=\"nofollow noopener\" target=\"_blank\">En\u00a0savoir\u00a0plus<\/a>.<\/p>\n<p>Et de cinq pour <a href=\"https:\/\/www.ouest-france.fr\/sport\/football\/equipe-maroc\/can-avec-son-toucher-a-la-messi-brahim-diaz-veut-continuer-a-rugir-avec-le-maroc-et-dompter-les-lions-du-cameroun-c53d2772-eaea-11f0-bb7c-fe9a962cb15d\" target=\"_self\" rel=\"nofollow noopener\">Brahim Diaz<\/a>\u00a0! Le joueur du Real Madrid s\u2019est une nouvelle fois montr\u00e9 d\u00e9cisif avec le <a href=\"https:\/\/www.ouest-france.fr\/sport\/football\/coupe-d-afrique-des-nations\/direct\/direct-cameroun-maroc-suivez-le-quart-de-finale-de-la-can-en-live-43049611-1ca9-4bcb-840b-60684c0b0ccf\" target=\"_self\" rel=\"nofollow noopener\">Maroc, en inscrivant le but de l\u2019ouverture du score des Lions de l\u2019Atlas face au Cameroun<\/a>, en quart de finale de la Coupe d\u2019Afrique des nations, ce vendredi 9\u00a0janvier 2026.<\/p>\n<p>Le joueur, d\u00e9j\u00e0 d\u00e9cisif \u00e0 quatre reprises durant cette Coupe d\u2019Afrique, a profit\u00e9, sur un corner d\u2019Achraf Hakimi, d\u2019une t\u00eate d\u00e9crois\u00e9e d\u2019Ayoub El Kaabi au point de p\u00e9nalty, pour glisser son genou et marquer son 5e but du tournoi en cinq matches.\u00a0Le stade a \u00e9videmment exult\u00e9 apr\u00e8s l\u2019ouverture du score de son \u00e9quipe.<\/p>\n<p>Avec ce\u00a0but heureux, Brahim Diaz conforte sa premi\u00e8re place du classement des buteurs de cette CAN.<\/p>\n","protected":false},"excerpt":{"rendered":"Brahim Diaz s\u2019est une nouvelle fois montr\u00e9 d\u00e9cisif avec le Maroc, en inscrivant le but de l\u2019ouverture du&hellip;\n","protected":false},"author":2,"featured_media":17908,"comment_status":"","ping_status":"","sticky":false,"template":"","format":"standard","meta":{"footnotes":""},"categories":[62],"tags":[4057,64,940,4056,3254,311,158,310],"class_list":{"0":"post-17907","1":"post","2":"type-post","3":"status-publish","4":"format-standard","5":"has-post-thumbnail","7":"category-afrique","8":"tag-actualite-en-continu","9":"tag-afrique","10":"tag-coupe-dafrique-des-nations","11":"tag-equipe-cameroun-football","12":"tag-equipe-du-maroc-de-football","13":"tag-football","14":"tag-maroc","15":"tag-sport"},"share_on_mastodon":{"url":"","error":""},"_links":{"self":[{"href":"https:\/\/www.europesays.com\/africa\/wp-json\/wp\/v2\/posts\/17907","targetHints":{"allow":["GET"]}}],"collection":[{"href":"https:\/\/www.europesays.com\/africa\/wp-json\/wp\/v2\/posts"}],"about":[{"href":"https:\/\/www.europesays.com\/africa\/wp-json\/wp\/v2\/types\/post"}],"author":[{"embeddable":true,"href":"https:\/\/www.europesays.com\/africa\/wp-json\/wp\/v2\/users\/2"}],"replies":[{"embeddable":true,"href":"https:\/\/www.europesays.com\/africa\/wp-json\/wp\/v2\/comments?post=17907"}],"version-history":[{"count":0,"href":"https:\/\/www.europesays.com\/africa\/wp-json\/wp\/v2\/posts\/17907\/revisions"}],"wp:featuredmedia":[{"embeddable":true,"href":"https:\/\/www.europesays.com\/africa\/wp-json\/wp\/v2\/media\/17908"}],"wp:attachment":[{"href":"https:\/\/www.europesays.com\/africa\/wp-json\/wp\/v2\/media?parent=17907"}],"wp:term":[{"taxonomy":"category","embeddable":true,"href":"https:\/\/www.europesays.com\/africa\/wp-json\/wp\/v2\/categories?post=17907"},{"taxonomy":"post_tag","embeddable":true,"href":"https:\/\/www.europesays.com\/africa\/wp-json\/wp\/v2\/tags?post=17907"}],"curies":[{"name":"wp","href":"https:\/\/api.w.org\/{rel}","templated":true}]}}