{"id":1793,"date":"2026-01-04T03:02:15","date_gmt":"2026-01-04T03:02:15","guid":{"rendered":"https:\/\/www.europesays.com\/africa\/1793\/"},"modified":"2026-01-04T03:02:15","modified_gmt":"2026-01-04T03:02:15","slug":"hausse-de-3-des-nuitees-dans-les-ehtc-a-fin-octobre","status":"publish","type":"post","link":"https:\/\/www.europesays.com\/africa\/1793\/","title":{"rendered":"Hausse de 3 % des nuit\u00e9es dans les EHTC \u00e0 fin octobre"},"content":{"rendered":"<p>Le taux d\u2019occupation dans les \u00e9tablissements touristiques de Marrakech a quant \u00e0 lui, atteint 73 % \u00e0 fin octobre 2025, en am\u00e9lioration de 2 points par rapport \u00e0 la m\u00eame p\u00e9riode de 2024, indique l\u2019Observatoire du Tourisme dans ses statistiques sur l\u2019\u00e9volution du tourisme pour la p\u00e9riode janvier-octobre 2025. <\/p>\n<p>Premi\u00e8re destination touristique du Maroc, Marrakech a capt\u00e9 \u00e0 elle seule 33 % des nuit\u00e9es nationales durant les dix premiers mois de 2025. <\/p>\n<p>Pour le seul mois d\u2019octobre, les EHTC de Marrakech ont totalis\u00e9 1,318 million de nuit\u00e9es, en progression de 4 % par rapport \u00e0 octobre 2024, consolidant ainsi la dynamique positive de la destination. <\/p>\n<p>Le taux d&#8217;occupation pour le mois d&#8217;octobre s&#8217;est \u00e9tabli \u00e0 82 %, en hausse de 2% par rapport \u00e0 la m\u00eame p\u00e9riode de 2024. <\/p>\n<p>Au niveau national, le volume global des nuit\u00e9es r\u00e9alis\u00e9es dans les EHTC a d\u00e9pass\u00e9 36,2 millions de nuit\u00e9es \u00e0 fin octobre 2025, en hausse de 9 % par rapport \u00e0 la m\u00eame p\u00e9riode de 2024, pr\u00e9cise l\u2019Observatoire du Tourisme. <\/p>\n<p>Ces nuit\u00e9es se r\u00e9partissent entre le tourisme international, en progression de 11 %, et le tourisme national, en hausse de 3 %, traduisant la forte attractivit\u00e9 touristique du Royaume.<\/p>\n","protected":false},"excerpt":{"rendered":"Le taux d\u2019occupation dans les \u00e9tablissements touristiques de Marrakech a quant \u00e0 lui, atteint 73 % \u00e0 fin&hellip;\n","protected":false},"author":2,"featured_media":1794,"comment_status":"","ping_status":"","sticky":false,"template":"","format":"standard","meta":{"footnotes":""},"categories":[41],"tags":[554,553,555,556,563,565,560,567,561,557,162,566,564,558,559,158,562,248,239,310,568],"class_list":{"0":"post-1793","1":"post","2":"type-post","3":"status-publish","4":"format-standard","5":"has-post-thumbnail","7":"category-maroc","8":"tag-actualites","9":"tag-actualites-et-infos-au-maroc","10":"tag-actualites-et-infos-mondiale","11":"tag-actualites-marocaines-du-jour","12":"tag-alimentation","13":"tag-analyses","14":"tag-art-de-vivre","15":"tag-chronique","16":"tag-consommation-et-bien-etre","17":"tag-culture","18":"tag-economie","19":"tag-edito","20":"tag-etudes","21":"tag-insolite","22":"tag-loisirs","23":"tag-maroc","24":"tag-mode","25":"tag-politique","26":"tag-societe","27":"tag-sport","28":"tag-tribune"},"share_on_mastodon":{"url":"","error":""},"_links":{"self":[{"href":"https:\/\/www.europesays.com\/africa\/wp-json\/wp\/v2\/posts\/1793","targetHints":{"allow":["GET"]}}],"collection":[{"href":"https:\/\/www.europesays.com\/africa\/wp-json\/wp\/v2\/posts"}],"about":[{"href":"https:\/\/www.europesays.com\/africa\/wp-json\/wp\/v2\/types\/post"}],"author":[{"embeddable":true,"href":"https:\/\/www.europesays.com\/africa\/wp-json\/wp\/v2\/users\/2"}],"replies":[{"embeddable":true,"href":"https:\/\/www.europesays.com\/africa\/wp-json\/wp\/v2\/comments?post=1793"}],"version-history":[{"count":0,"href":"https:\/\/www.europesays.com\/africa\/wp-json\/wp\/v2\/posts\/1793\/revisions"}],"wp:featuredmedia":[{"embeddable":true,"href":"https:\/\/www.europesays.com\/africa\/wp-json\/wp\/v2\/media\/1794"}],"wp:attachment":[{"href":"https:\/\/www.europesays.com\/africa\/wp-json\/wp\/v2\/media?parent=1793"}],"wp:term":[{"taxonomy":"category","embeddable":true,"href":"https:\/\/www.europesays.com\/africa\/wp-json\/wp\/v2\/categories?post=1793"},{"taxonomy":"post_tag","embeddable":true,"href":"https:\/\/www.europesays.com\/africa\/wp-json\/wp\/v2\/tags?post=1793"}],"curies":[{"name":"wp","href":"https:\/\/api.w.org\/{rel}","templated":true}]}}