{"id":1813,"date":"2026-01-04T03:15:51","date_gmt":"2026-01-04T03:15:51","guid":{"rendered":"https:\/\/www.europesays.com\/africa\/1813\/"},"modified":"2026-01-04T03:15:51","modified_gmt":"2026-01-04T03:15:51","slug":"criminalisation-de-la-colonisation-francaise-en-algerie-consensus-ou-surenchere","status":"publish","type":"post","link":"https:\/\/www.europesays.com\/africa\/1813\/","title":{"rendered":"Criminalisation de la colonisation fran\u00e7aise en Alg\u00e9rie : \u201cconsensus\u201d ou \u201csurench\u00e8re\u201d ?"},"content":{"rendered":"\n<p>L\u2019Assembl\u00e9e populaire nationale a adopt\u00e9 le 24\u00a0d\u00e9cembre un texte de loi criminalisant le colonialisme fran\u00e7ais en Alg\u00e9rie, <a class=\"ithalc\" data-ithal=\"lien_externe\" data-ithalc=\"[nav_article]\" target=\"_blank\" href=\"https:\/\/elwatan.dz\/adoption-de-la-loi-criminalisant-le-colonialisme-francais-en-algerie-un-consensus-historique-au-parlement\/\" rel=\"nofollow noopener\">rapporte le journal alg\u00e9rien El-Watan<\/a>, qui salue un \u201cconsensus historique\u201d.<\/p>\n<p>Le texte d\u00e9nonce entre autres des \u201ccrimes de torture, d\u2019ex\u00e9cution extrajudiciaire, d\u2019essai nucl\u00e9aire, de disparition forc\u00e9e et de pillage des ressources\u201d commis par l\u2019\u00c9tat fran\u00e7ais pendant la colonisation du pays, entre 1830 et\u00a01962.<\/p>\n<p> Convergence des partis <\/p>\n<p>Si le texte d\u00e9signe clairement la France, Mohamed Lahcen Zeghidi, copr\u00e9sident de la commission mixte alg\u00e9ro-fran\u00e7aise sur l\u2019histoire et la m\u00e9moire et invit\u00e9 d\u2019honneur de la session parlementaire, a estim\u00e9 que cette nouvelle loi alg\u00e9rienne n\u2019\u00e9tait \u201cni de la revanche ni de l\u2019hostilit\u00e9, mais un acte de fid\u00e9lit\u00e9 \u00e0 la m\u00e9moire des martyrs\u201d.<\/p>\n<p><a class=\"ithalc\" data-ithal=\"lien_externe\" data-ithalc=\"[nav_article]\" target=\"_blank\" href=\"https:\/\/www.lexpressiondz.com\/nationale\/la-criminalisation-de-la-colonisation-au-coeur-du-week-end-politique-401338\" rel=\"nofollow noopener\">Le journal francophone d\u2019\u00c9tat L\u2019Expression fait le tour<\/a> des r\u00e9actions politiques favorable \u00e0 la nouvelle loi, qui \u201cs\u2019est impos\u00e9e comme un point de convergence entre les formations politiques\u201d, citant notamment le secr\u00e9taire g\u00e9n\u00e9ral du Front de lib\u00e9ration nationale, Abdelkrim Benmbarek\u00a0:<\/p>\n<p> \u201cL\u2019Alg\u00e9rie, apr\u00e8s avoir triomph\u00e9 hier par les armes, triomphe aujourd\u2019hui par la conscience, son attachement \u00e0 la v\u00e9rit\u00e9 et sa fid\u00e9lit\u00e9 \u00e0 l\u2019histoire.\u201d <\/p>\n<p>De son c\u00f4t\u00e9, <a class=\"ithalc\" data-ithal=\"lien_externe\" data-ithalc=\"[nav_article]\" target=\"_blank\" href=\"https:\/\/www.elkhabar.com\/nation\/%D9%82%D8%A7%D9%86%D9%88%D9%86-%D8%A7%D9%84%D8%B0%D8%A7%D9%83%D8%B1%D8%A9-%D9%8A%D8%B9%D8%B1%D9%8A-%D8%A7%D8%B2%D8%AF%D9%88%D8%A7%D8%AC%D9%8A%D8%A9-%D8%A8%D8%A7%D8%B1%D9%8A%D8%B3-267622\" rel=\"nofollow noopener\">le journal El-Khabar commente<\/a> la r\u00e9action fran\u00e7aise \u00e0 <\/p>\n","protected":false},"excerpt":{"rendered":"L\u2019Assembl\u00e9e populaire nationale a adopt\u00e9 le 24\u00a0d\u00e9cembre un texte de loi criminalisant le colonialisme fran\u00e7ais en Alg\u00e9rie, rapporte&hellip;\n","protected":false},"author":2,"featured_media":1814,"comment_status":"","ping_status":"","sticky":false,"template":"","format":"standard","meta":{"footnotes":""},"categories":[254],"tags":[64,255,313,1856,1858,1859,248,1857],"class_list":{"0":"post-1813","1":"post","2":"type-post","3":"status-publish","4":"format-standard","5":"has-post-thumbnail","7":"category-algerie","8":"tag-afrique","9":"tag-algerie","10":"tag-algu00e9rie","11":"tag-colonisation","12":"tag-guerre-du2019algu00e9rie","13":"tag-mu00e9moire","14":"tag-politique","15":"tag-tensions-france-algu00e9rie"},"share_on_mastodon":{"url":"","error":""},"_links":{"self":[{"href":"https:\/\/www.europesays.com\/africa\/wp-json\/wp\/v2\/posts\/1813","targetHints":{"allow":["GET"]}}],"collection":[{"href":"https:\/\/www.europesays.com\/africa\/wp-json\/wp\/v2\/posts"}],"about":[{"href":"https:\/\/www.europesays.com\/africa\/wp-json\/wp\/v2\/types\/post"}],"author":[{"embeddable":true,"href":"https:\/\/www.europesays.com\/africa\/wp-json\/wp\/v2\/users\/2"}],"replies":[{"embeddable":true,"href":"https:\/\/www.europesays.com\/africa\/wp-json\/wp\/v2\/comments?post=1813"}],"version-history":[{"count":0,"href":"https:\/\/www.europesays.com\/africa\/wp-json\/wp\/v2\/posts\/1813\/revisions"}],"wp:featuredmedia":[{"embeddable":true,"href":"https:\/\/www.europesays.com\/africa\/wp-json\/wp\/v2\/media\/1814"}],"wp:attachment":[{"href":"https:\/\/www.europesays.com\/africa\/wp-json\/wp\/v2\/media?parent=1813"}],"wp:term":[{"taxonomy":"category","embeddable":true,"href":"https:\/\/www.europesays.com\/africa\/wp-json\/wp\/v2\/categories?post=1813"},{"taxonomy":"post_tag","embeddable":true,"href":"https:\/\/www.europesays.com\/africa\/wp-json\/wp\/v2\/tags?post=1813"}],"curies":[{"name":"wp","href":"https:\/\/api.w.org\/{rel}","templated":true}]}}