{"id":1815,"date":"2026-01-04T03:16:12","date_gmt":"2026-01-04T03:16:12","guid":{"rendered":"https:\/\/www.europesays.com\/africa\/1815\/"},"modified":"2026-01-04T03:16:12","modified_gmt":"2026-01-04T03:16:12","slug":"un-mali-heroique-sort-la-tunisie-aux-tirs-au-but-et-defiera-le-senegal-en-quarts-de-la-can","status":"publish","type":"post","link":"https:\/\/www.europesays.com\/africa\/1815\/","title":{"rendered":"Un Mali h\u00e9ro\u00efque sort la Tunisie aux tirs au but et d\u00e9fiera le S\u00e9n\u00e9gal en quarts de la CAN !"},"content":{"rendered":"<p>Le Mali a cr\u00e9\u00e9 l\u2019exploit ce samedi soir en huiti\u00e8mes de finale de la CAN 2025 en \u00e9liminant la Tunisie aux tirs au but apr\u00e8s un match \u00e9pique au stade Mohammed V de Casablanca. D\u00e8s le coup d\u2019envoi, les deux \u00e9quipes ont montr\u00e9 une intensit\u00e9 incroyable, avec une premi\u00e8re mi-temps marqu\u00e9e par de nombreuses fautes et un carton rouge pour Woyo Coulibaly d\u00e8s la 27e minute, r\u00e9duisant les Maliens \u00e0 dix. Malgr\u00e9 cette inf\u00e9riorit\u00e9 num\u00e9rique, le Mali a r\u00e9sist\u00e9, soutenu par un Djigui Diarra h\u00e9ro\u00efque dans les cages.<\/p>\n<p>La Tunisie, sup\u00e9rieure sur le plan num\u00e9rique, a ouvert le score en toute fin de prolongation gr\u00e2ce \u00e0 Firas Chaouat, pensant valider sa qualification pour les quarts face au S\u00e9n\u00e9gal. Mais le Mali, jamais r\u00e9sign\u00e9, a obtenu un penalty dans les derni\u00e8res secondes transform\u00e9 par Lassine Sinayoko pour envoyer le match en prolongations, sous une pluie battante et un vent glacial \u00e0 Casablanca.<\/p>\n<p>L&#8217;incroyable Mohamed Diarra dans la cage<\/p>\n<p>La s\u00e9ance de tirs au but a \u00e9t\u00e9 un v\u00e9ritable thriller : Mohamed Diarra a multipli\u00e9 les arr\u00eats d\u00e9cisifs, tandis que les Maliens ont fait preuve de sang-froid. Apr\u00e8s plusieurs \u00e9checs et rebondissements, El Bilal Tour\u00e9 a inscrit le tir d\u00e9cisif, offrant au Mali une victoire 3-2 et une qualification historique pour les quarts de finale. Les Maliens, sp\u00e9cialistes des penalties dans cette CAN, ont ainsi prouv\u00e9 leur mental d\u2019acier.<\/p>\n<p>Ce succ\u00e8s h\u00e9ro\u00efque permet au Mali de rejoindre le S\u00e9n\u00e9gal en quarts de finale, o\u00f9 il d\u00e9fiera le tenant du titre. En d\u00e9pit des difficult\u00e9s, des expulsions et de la pression tunisienne, les Aigles ont d\u00e9montr\u00e9 une solidarit\u00e9 et une d\u00e9termination exceptionnelles, incarnant le caract\u00e8re combatif qui fait leur force dans cette \u00e9dition 2025. Une performance m\u00e9morable qui restera dans les annales de la CAN et qui confirme que le Mali n\u2019est jamais \u00e0 sous-estimer sur la sc\u00e8ne africaine.<\/p>\n<p>   Partagez cette info avec vos amis et vos proches en cliquant ici<br \/> Pour r\u00e9sumer<\/p>\n<p>Le Mali a cr\u00e9\u00e9 l\u2019exploit en \u00e9liminant la Tunisie aux tirs au but (3-2) apr\u00e8s un match haletant \u00e0 la CAN 2025. R\u00e9duits \u00e0 dix, les Aigles ont r\u00e9sist\u00e9, \u00e9galis\u00e9 au finish gr\u00e2ce \u00e0 Sinayoko et remport\u00e9 la s\u00e9ance gr\u00e2ce \u00e0 Diarra et Tour\u00e9. Prochain d\u00e9fi : le S\u00e9n\u00e9gal en quarts.<\/p>\n<p>R\u00e9dacteur<\/p>\n<p><img decoding=\"async\" width=\"76\" height=\"76\" loading=\"lazy\" src=\"https:\/\/www.europesays.com\/africa\/wp-content\/uploads\/2026\/01\/logo-julien-pedebos.jpg\" alt=\"Julien P\u00e9debos\"\/><\/p>\n","protected":false},"excerpt":{"rendered":"Le Mali a cr\u00e9\u00e9 l\u2019exploit ce samedi soir en huiti\u00e8mes de finale de la CAN 2025 en \u00e9liminant&hellip;\n","protected":false},"author":2,"featured_media":1816,"comment_status":"","ping_status":"","sticky":false,"template":"","format":"standard","meta":{"footnotes":""},"categories":[48],"tags":[360,159],"class_list":{"0":"post-1815","1":"post","2":"type-post","3":"status-publish","4":"format-standard","5":"has-post-thumbnail","7":"category-senegal","8":"tag-can","9":"tag-senegal"},"share_on_mastodon":{"url":"","error":""},"_links":{"self":[{"href":"https:\/\/www.europesays.com\/africa\/wp-json\/wp\/v2\/posts\/1815","targetHints":{"allow":["GET"]}}],"collection":[{"href":"https:\/\/www.europesays.com\/africa\/wp-json\/wp\/v2\/posts"}],"about":[{"href":"https:\/\/www.europesays.com\/africa\/wp-json\/wp\/v2\/types\/post"}],"author":[{"embeddable":true,"href":"https:\/\/www.europesays.com\/africa\/wp-json\/wp\/v2\/users\/2"}],"replies":[{"embeddable":true,"href":"https:\/\/www.europesays.com\/africa\/wp-json\/wp\/v2\/comments?post=1815"}],"version-history":[{"count":0,"href":"https:\/\/www.europesays.com\/africa\/wp-json\/wp\/v2\/posts\/1815\/revisions"}],"wp:featuredmedia":[{"embeddable":true,"href":"https:\/\/www.europesays.com\/africa\/wp-json\/wp\/v2\/media\/1816"}],"wp:attachment":[{"href":"https:\/\/www.europesays.com\/africa\/wp-json\/wp\/v2\/media?parent=1815"}],"wp:term":[{"taxonomy":"category","embeddable":true,"href":"https:\/\/www.europesays.com\/africa\/wp-json\/wp\/v2\/categories?post=1815"},{"taxonomy":"post_tag","embeddable":true,"href":"https:\/\/www.europesays.com\/africa\/wp-json\/wp\/v2\/tags?post=1815"}],"curies":[{"name":"wp","href":"https:\/\/api.w.org\/{rel}","templated":true}]}}