{"id":1817,"date":"2026-01-04T03:17:14","date_gmt":"2026-01-04T03:17:14","guid":{"rendered":"https:\/\/www.europesays.com\/africa\/1817\/"},"modified":"2026-01-04T03:17:14","modified_gmt":"2026-01-04T03:17:14","slug":"can-maroc-2025-le-mali-elimine-la-tunisie-aux-tirs-au-but-a-casablanca","status":"publish","type":"post","link":"https:\/\/www.europesays.com\/africa\/1817\/","title":{"rendered":"CAN Maroc 2025 : le Mali \u00e9limine la Tunisie aux tirs au but \u00e0 Casablanca"},"content":{"rendered":"<p>Au stade Mohammed V de Casablanca, le Mali a \u00e9limin\u00e9 la Tunisie en 8es de finale de la CAN 2025 aux tirs au but (5-4) apr\u00e8s un match fou conclu sur un score de 1-1, malgr\u00e9 une inf\u00e9riorit\u00e9 num\u00e9rique d\u00e8s la 26e minute.<\/p>\n<p>\t\t\t\t\t<a class=\"post-thumbnail open-lightbox\" href=\"https:\/\/atlasinfo.fr\/wp-content\/uploads\/2026\/01\/TWITTER-ATLASINFO-12-1.png\" rel=\"nofollow noopener\" target=\"_blank\"><img decoding=\"async\" src=\"https:\/\/www.europesays.com\/africa\/wp-content\/uploads\/2026\/01\/TWITTER-ATLASINFO-12-1-750x430.png\" alt=\"\"\/>\t\t\t\t\t\t<\/a><\/p>\n<p>Dans un stade Mohammed V bouillant, le Mali a cr\u00e9\u00e9 l\u2019exploit en 8es de finale de la CAN 2025 en battant la Tunisie aux tirs au but (3-2) apr\u00e8s un sc\u00e9nario haletant.<\/p>\n<p>R\u00e9duit \u00e0 dix d\u00e8s la 26e minute suite \u00e0 l\u2019expulsion de Woyo Coulibaly, le Mali a encaiss\u00e9 l\u2019ouverture du score de Firas Chaouat \u00e0 la 88e, avant d\u2019\u00e9galiser sur penalty par Lassine Sinayoko \u00e0 la 90+7e, for\u00e7ant les prolongations.<\/p>\n<p><a itemprop=\"url\" class=\"mfhrceldjz-link\" href=\"https:\/\/www.visitmorocco.com\/fr\/maroc-terre-de-football\/fr?utm_source=supportspremiumma&amp;utm_campaign=007~afcon25~ma~11~25~supportspremiumma~display~reservation~awareness~cam50m~fr&amp;utm_content=007~006~007~premium~image~1x1~autres\/?source=onmt-can-atlas\" target=\"_blank\" rel=\"nofollow noopener\"><img decoding=\"async\" class=\"mfhrceldjz-image\" src=\"https:\/\/www.europesays.com\/africa\/wp-content\/uploads\/2026\/01\/Atlas-300x250-1.jpg\" alt=\"can2025-atlas\"\/><\/a> <\/p>\n<p>Sous une pluie battante, les Aigles du Mali ont remport\u00e9 la s\u00e9ance des tirs au but contre les Aigles de Carthage, gr\u00e2ce notamment \u00e0 deux arr\u00eats du gardien malien Djigui Diarra.<\/p>\n<p>Ils affronteront, le 9 janvier \u00e0 Tanger, le S\u00e9n\u00e9gal, l\u2019un des favoris de la comp\u00e9tition, tombeur du Soudan (3-1) un peu plus t\u00f4t samedi.<\/p>\n<p>\u00a0<\/p>\n<p> <a itemprop=\"url\" class=\"mfhrceldjz-link\" href=\"https:\/\/www.youtube.com\/watch?v=LB5b4t_CTSg\" target=\"_blank\" rel=\"nofollow noopener\"><img decoding=\"async\" class=\"mfhrceldjz-image\" src=\"https:\/\/www.europesays.com\/africa\/wp-content\/uploads\/2026\/01\/AOM-AF-300x250-1.jpg\" alt=\"Airports-M-small\"\/><\/a>\t\t\t<\/p>\n","protected":false},"excerpt":{"rendered":"Au stade Mohammed V de Casablanca, le Mali a \u00e9limin\u00e9 la Tunisie en 8es de finale de la&hellip;\n","protected":false},"author":2,"featured_media":1818,"comment_status":"","ping_status":"","sticky":false,"template":"","format":"standard","meta":{"footnotes":""},"categories":[41],"tags":[1831,1518,480,63,622,1865,1863,1866,360,1860,1742,1861,623,1862,1514,965,158,310,1864,1571],"class_list":{"0":"post-1817","1":"post","2":"type-post","3":"status-publish","4":"format-standard","5":"has-post-thumbnail","7":"category-maroc","8":"tag-1831","9":"tag-a","10":"tag-a-la-une","11":"tag-africa","12":"tag-atlasinfo","13":"tag-au","14":"tag-aux","15":"tag-but","16":"tag-can","17":"tag-can-maroc-2025-le-mali-elimine-la-tunisie-aux-tirs-au-but-a-casablanca","18":"tag-casablanca","19":"tag-elimine","20":"tag-en-direct","21":"tag-la","22":"tag-le","23":"tag-mali","24":"tag-maroc","25":"tag-sport","26":"tag-tirs","27":"tag-tunisie"},"share_on_mastodon":{"url":"","error":""},"_links":{"self":[{"href":"https:\/\/www.europesays.com\/africa\/wp-json\/wp\/v2\/posts\/1817","targetHints":{"allow":["GET"]}}],"collection":[{"href":"https:\/\/www.europesays.com\/africa\/wp-json\/wp\/v2\/posts"}],"about":[{"href":"https:\/\/www.europesays.com\/africa\/wp-json\/wp\/v2\/types\/post"}],"author":[{"embeddable":true,"href":"https:\/\/www.europesays.com\/africa\/wp-json\/wp\/v2\/users\/2"}],"replies":[{"embeddable":true,"href":"https:\/\/www.europesays.com\/africa\/wp-json\/wp\/v2\/comments?post=1817"}],"version-history":[{"count":0,"href":"https:\/\/www.europesays.com\/africa\/wp-json\/wp\/v2\/posts\/1817\/revisions"}],"wp:featuredmedia":[{"embeddable":true,"href":"https:\/\/www.europesays.com\/africa\/wp-json\/wp\/v2\/media\/1818"}],"wp:attachment":[{"href":"https:\/\/www.europesays.com\/africa\/wp-json\/wp\/v2\/media?parent=1817"}],"wp:term":[{"taxonomy":"category","embeddable":true,"href":"https:\/\/www.europesays.com\/africa\/wp-json\/wp\/v2\/categories?post=1817"},{"taxonomy":"post_tag","embeddable":true,"href":"https:\/\/www.europesays.com\/africa\/wp-json\/wp\/v2\/tags?post=1817"}],"curies":[{"name":"wp","href":"https:\/\/api.w.org\/{rel}","templated":true}]}}