{"id":183,"date":"2026-01-03T11:58:25","date_gmt":"2026-01-03T11:58:25","guid":{"rendered":"https:\/\/www.europesays.com\/africa\/183\/"},"modified":"2026-01-03T11:58:25","modified_gmt":"2026-01-03T11:58:25","slug":"cote-divoire-ces-jeunes-qui-choisissent-de-rester-au-village-pour-entreprendre-reportage-afrique","status":"publish","type":"post","link":"https:\/\/www.europesays.com\/africa\/183\/","title":{"rendered":"C\u00f4te d&#8217;Ivoire: ces jeunes qui choisissent de rester au village pour entreprendre &#8211; Reportage Afrique"},"content":{"rendered":"<p>\n                                                Alors que de nombreux jeunes Africains en qu\u00eate d\u2019un avenir meilleur quittent les campagnes pour les grandes villes et que d\u2019autres prennent le risque de traverser la M\u00e9diterran\u00e9e, certains font le choix inverse : rester au village et entreprendre. \u00c0 Tafir\u00e9, en C\u00f4te d&#8217;Ivoire, ces derniers misent sur l\u2019agriculture, le commerce ou l\u2019\u00e9levage pour vivre de leur travail. Un pari qui leur permet, tant bien que mal, de subvenir \u00e0 leurs besoins sans rien envier \u00e0 leurs camarades d&#8217;Abidjan.                    <\/p>\n<p>De notre envoy\u00e9 sp\u00e9cial \u00e0 Tarif\u00e9,<\/p>\n<p>\u00c0 plus de 500 kilom\u00e8tres d&#8217;Abidjan, au march\u00e9 de Tafir\u00e9, Abdourahmane Konat\u00e9 tient une petite quincaillerie. Il y vend des mat\u00e9riaux de construction et des objets du quotidien. Le jeune homme de 26 ans est de retour sur sa terre natale depuis maintenant cinq ans apr\u00e8s un long s\u00e9jour dans la capitale \u00e9conomique de la\u00a0<a href=\"https:\/\/www.rfi.fr\/fr\/tag\/c\u00f4te-d-ivoire\/\" target=\"_self\" rel=\"nofollow noopener\">C\u00f4te d&#8217;Ivoire<\/a>. \u00ab Je suis all\u00e9 \u00e0 Abidjan mais les conditions ne m&#8217;\u00e9taient pas favorables. Il n\u2019y avait personne pour me financer. J\u2019ai arr\u00eat\u00e9 les \u00e9tudes apr\u00e8s le bac. C\u2019\u00e9tait difficile alors je suis revenu au village pour entreprendre \u00bb, raconte-t-il.<\/p>\n<p>\u00c0 son retour, Abdourahmane\u00a0Konat\u00e9 a lanc\u00e9 un petit commerce qui se d\u00e9veloppe graduellement avec les chantiers de construction qui se multiplient dans la commune. Aujourd\u2019hui, il est devenu le principal soutien de sa famille. \u00ab\u00a0J\u2019ai commenc\u00e9 progressivement. Je fais des achats \u00e0 Abidjan et \u00e0 Bouak\u00e9 avec de petits moyens. Avec le d\u00e9veloppement de la ville, les nouvelles constructions, cela ouvre le march\u00e9. Aujourd\u2019hui, cela commence \u00e0 aller mieux. Je m\u2019occupe de ma famille, de mes fr\u00e8res et s\u0153urs dont je paie les \u00e9tudes \u00bb, explique-t-il.<\/p>\n<p> \u00ab\u00a0Je pr\u00e9f\u00e8re rester ici et contribuer au d\u00e9veloppement de la commune\u00a0\u00bb <\/p>\n<p>Un peu plus loin, sur la voie principale, une enseigne attire l\u2019attention : \u00ab\u00a0Kal\u00e9tr\u00e9 Service\u00a0\u00bb. Cette petite structure de communication propose du traitement de texte et la couverture d\u2019\u00e9v\u00e9nements comme les mariages ou les bapt\u00eames. \u00c0 l\u2019origine de cette initiative, il y a Amidou Kal\u00e9tr\u00e9, 26 ans lui aussi. Pour lui, rester au village est \u00e9galement un calcul \u00e9conomique. \u00ab Ici \u00e0 Tafir\u00e9, je peux gagner 5 000 francs CFA, ce qui me suffit largement pour vivre. Certes, je pourrais en gagner 20\u00a0000\u00a0\u00e0 Abidjan, mais avec des d\u00e9penses de plus de 18 000 francs CFA, il ne m&#8217;en resterait que 2\u00a0000. Alors je pr\u00e9f\u00e8re rester ici et contribuer au d\u00e9veloppement de la commune \u00bb, affirme-t-il.<\/p>\n<p>Dans la localit\u00e9, certaines initiatives publiques encouragent \u00e9galement l\u2019insertion des jeunes, notamment dans le secteur de l\u2019\u00e9levage, explique Mamadou Tour\u00e9, responsable de la jeunesse \u00e0 la mairie de Tafir\u00e9. \u00ab Certains jeunes ont \u00e9t\u00e9 form\u00e9s aux techniques d\u2019\u00e9levage de poulets. Beaucoup arrivent \u00e0 les utiliser et se prennent en charge. On a un partenariat entre la mairie et le conseil r\u00e9gional : des fermes de grande envergure se sont install\u00e9es\u00a0\u00bb, d\u00e9taille-t-il. Au total, 500 jeunes ont d\u00e9j\u00e0 b\u00e9n\u00e9fici\u00e9 de ces formations. Certains ont m\u00eame obtenu des pr\u00eats allant de 500\u00a0000 \u00e0 un million de francs CFA, assure ce responsable.<\/p>\n<p class=\"a-read-more\">\u00c0 lire aussi<a href=\"https:\/\/www.rfi.fr\/fr\/afrique\/20260101-dans-le-centre-nord-de-la-c\u00f4te-d-ivoire-une-illustration-des-d\u00e9fis-de-l-activit\u00e9-pastorale\" target=\"_self\" class=\"a-read-more__link\" rel=\"nofollow noopener\">Dans le centre-nord de la C\u00f4te d\u2019Ivoire, une illustration des d\u00e9fis de l&#8217;activit\u00e9 pastorale<\/a><\/p>\n","protected":false},"excerpt":{"rendered":"Alors que de nombreux jeunes Africains en qu\u00eate d\u2019un avenir meilleur quittent les campagnes pour les grandes villes&hellip;\n","protected":false},"author":2,"featured_media":184,"comment_status":"","ping_status":"","sticky":false,"template":"","format":"standard","meta":{"footnotes":""},"categories":[62],"tags":[64,240,238,162,241,237,239],"class_list":{"0":"post-183","1":"post","2":"type-post","3":"status-publish","4":"format-standard","5":"has-post-thumbnail","7":"category-afrique","8":"tag-afrique","9":"tag-agriculture-et-peche","10":"tag-cote-divoire","11":"tag-economie","12":"tag-economie-afrique","13":"tag-reportage-afrique","14":"tag-societe"},"share_on_mastodon":{"url":"","error":""},"_links":{"self":[{"href":"https:\/\/www.europesays.com\/africa\/wp-json\/wp\/v2\/posts\/183","targetHints":{"allow":["GET"]}}],"collection":[{"href":"https:\/\/www.europesays.com\/africa\/wp-json\/wp\/v2\/posts"}],"about":[{"href":"https:\/\/www.europesays.com\/africa\/wp-json\/wp\/v2\/types\/post"}],"author":[{"embeddable":true,"href":"https:\/\/www.europesays.com\/africa\/wp-json\/wp\/v2\/users\/2"}],"replies":[{"embeddable":true,"href":"https:\/\/www.europesays.com\/africa\/wp-json\/wp\/v2\/comments?post=183"}],"version-history":[{"count":0,"href":"https:\/\/www.europesays.com\/africa\/wp-json\/wp\/v2\/posts\/183\/revisions"}],"wp:featuredmedia":[{"embeddable":true,"href":"https:\/\/www.europesays.com\/africa\/wp-json\/wp\/v2\/media\/184"}],"wp:attachment":[{"href":"https:\/\/www.europesays.com\/africa\/wp-json\/wp\/v2\/media?parent=183"}],"wp:term":[{"taxonomy":"category","embeddable":true,"href":"https:\/\/www.europesays.com\/africa\/wp-json\/wp\/v2\/categories?post=183"},{"taxonomy":"post_tag","embeddable":true,"href":"https:\/\/www.europesays.com\/africa\/wp-json\/wp\/v2\/tags?post=183"}],"curies":[{"name":"wp","href":"https:\/\/api.w.org\/{rel}","templated":true}]}}