{"id":18341,"date":"2026-01-12T08:18:06","date_gmt":"2026-01-12T08:18:06","guid":{"rendered":"https:\/\/www.europesays.com\/africa\/18341\/"},"modified":"2026-01-12T08:18:06","modified_gmt":"2026-01-12T08:18:06","slug":"lalgerie-a-toujours-la-rage-et-saisit-la-fifa-et-la-caf","status":"publish","type":"post","link":"https:\/\/www.europesays.com\/africa\/18341\/","title":{"rendered":"l\u2019Alg\u00e9rie a toujours la rage et saisit la FIFA et la CAF !"},"content":{"rendered":"<p>Samedi apr\u00e8s-midi, <a href=\"https:\/\/www.footmercato.net\/a8790598881577276401-can-2025-le-nigeria-surclasse-tranquillement-lalgerie-et-affrontera-le-maroc-en-demi-finale\" rel=\"nofollow noopener\" target=\"_blank\">le Nig\u00e9ria a mis fin au r\u00eave de l\u2019Alg\u00e9rie<\/a> en huiti\u00e8mes de finale de cette <a href=\"https:\/\/www.footmercato.net\/afrique\/coupe-dafrique-des-nations\/\" rel=\"nofollow noopener\" target=\"_blank\">CAN<\/a> 2025. Largement sup\u00e9rieurs dans le jeu, les Super Eagles n\u2019ont laiss\u00e9 aucune option \u00e0 la bande de Riyad Mahrez, qui s\u2019est inclin\u00e9e sur le score de 2-0 et aurait m\u00eame pu repartir du Maroc avec une d\u00e9faite plus cons\u00e9quente. Mais ce qui a fait parler, apr\u00e8s ce duel entre deux puissances africaines, ce sont <a href=\"https:\/\/www.footmercato.net\/a1395201129642940126-can-2025-bagarre-generale-arbitre-sous-escorte-policiere-echauffourees-scenes-de-chaos-apres-algerie-nigeria\" rel=\"nofollow noopener\" target=\"_blank\">les incidents post-match<\/a>, avec des \u00e9chauffour\u00e9es entre joueurs sur le terrain notamment. Certains joueurs alg\u00e9riens sont m\u00eame all\u00e9s chercher les arbitres dans le tunnel des vestiaires.<\/p>\n<p>            La suite apr\u00e8s cette publicit\u00e9<\/p>\n<p>Si les choix de Vladimir Petkovic sont critiqu\u00e9s au pays, et que la prestation globale de l\u2019\u00e9quipe a \u00e9t\u00e9 bien inf\u00e9rieure \u00e0 celle du Nig\u00e9ria, l\u2019arbitrage d\u2019Issa Sy est tr\u00e8s mal pass\u00e9. \u00ab Des regrets, des frustrations et de nombreuses interrogations, notamment sur l\u2019arbitrage. Les Verts ont pay\u00e9 leurs erreurs d\u00e9fensives, leur manque d\u2019efficacit\u00e9 offensive, mais aussi un arbitrage largement contest\u00e9, marqu\u00e9 par des d\u00e9cisions jug\u00e9es s\u00e9v\u00e8res et d\u00e9s\u00e9quilibr\u00e9es. (\u2026) Si la sup\u00e9riorit\u00e9 nig\u00e9riane dans les moments cl\u00e9s est ind\u00e9niable, l\u2019impression dominante reste celle d\u2019un match o\u00f9 l\u2019Alg\u00e9rie n\u2019a jamais \u00e9t\u00e9 trait\u00e9e \u00e0 \u00e9galit\u00e9. Un sentiment amer, partag\u00e9 par les joueurs, le staff et les supporters \u00bb, indiquait par exemple Le Courrier d\u2019Alg\u00e9rie ce week-end.<\/p>\n<p>            La suite apr\u00e8s cette publicit\u00e9<\/p>\n<p>        L\u2019Alg\u00e9rie l\u2019a toujours mauvaise<\/p>\n<p>Et tout indique que \u00e7a ne va pas en rester l\u00e0. Comme l\u2019indiquent divers m\u00e9dias comme <a href=\"https:\/\/www.tsa-algerie.com\/can-2025-algerie-nigeria-la-faf-saisit-la-fifa-et-la-caf-contre-larbitrage\/\" rel=\"nofollow noopener\" target=\"_blank\">TSA-Alg\u00e9rie<\/a>, la F\u00e9d\u00e9ration Alg\u00e9rienne de Football (FAF) a d\u00e9pos\u00e9, hier, une requ\u00eate aupr\u00e8s de la CAF et de la FIFA contre l\u2019arbitrage de ce match. L\u2019objectif de cette plainte est, d\u2019abord, de mettre en \u00e9vidence que l\u2019arbitrage de la rencontre a port\u00e9 pr\u00e9judice aux Fennecs, avec cette main d\u2019Ajayi dans sa surface en premi\u00e8re p\u00e9riode notamment.<\/p>\n<p>Ce n\u2019est pas tout, puisque l\u2019Alg\u00e9rie, dans sa requ\u00eate, n\u2019\u00e9voque pas uniquement les d\u00e9cisions arbitrales litigieuses, mais aussi le comportement d\u2019Issa Sy et des autres arbitres avec les joueurs alg\u00e9riens. On a par exemple vu comment l\u2019homme au sifflet refusait de serrer la main de certains Fennecs au coup de sifflet final du match. Affaire \u00e0 suivre\u2026 <\/p>\n<p>\n    Pub. le 12\/01\/2026 08:48<br \/>\n            &#8211; MAJ le 12\/01\/2026 09:17\n    <\/p>\n","protected":false},"excerpt":{"rendered":"Samedi apr\u00e8s-midi, le Nig\u00e9ria a mis fin au r\u00eave de l\u2019Alg\u00e9rie en huiti\u00e8mes de finale de cette CAN&hellip;\n","protected":false},"author":2,"featured_media":1168,"comment_status":"","ping_status":"","sticky":false,"template":"","format":"standard","meta":{"footnotes":""},"categories":[254],"tags":[255],"class_list":{"0":"post-18341","1":"post","2":"type-post","3":"status-publish","4":"format-standard","5":"has-post-thumbnail","7":"category-algerie","8":"tag-algerie"},"share_on_mastodon":{"url":"","error":""},"_links":{"self":[{"href":"https:\/\/www.europesays.com\/africa\/wp-json\/wp\/v2\/posts\/18341","targetHints":{"allow":["GET"]}}],"collection":[{"href":"https:\/\/www.europesays.com\/africa\/wp-json\/wp\/v2\/posts"}],"about":[{"href":"https:\/\/www.europesays.com\/africa\/wp-json\/wp\/v2\/types\/post"}],"author":[{"embeddable":true,"href":"https:\/\/www.europesays.com\/africa\/wp-json\/wp\/v2\/users\/2"}],"replies":[{"embeddable":true,"href":"https:\/\/www.europesays.com\/africa\/wp-json\/wp\/v2\/comments?post=18341"}],"version-history":[{"count":0,"href":"https:\/\/www.europesays.com\/africa\/wp-json\/wp\/v2\/posts\/18341\/revisions"}],"wp:featuredmedia":[{"embeddable":true,"href":"https:\/\/www.europesays.com\/africa\/wp-json\/wp\/v2\/media\/1168"}],"wp:attachment":[{"href":"https:\/\/www.europesays.com\/africa\/wp-json\/wp\/v2\/media?parent=18341"}],"wp:term":[{"taxonomy":"category","embeddable":true,"href":"https:\/\/www.europesays.com\/africa\/wp-json\/wp\/v2\/categories?post=18341"},{"taxonomy":"post_tag","embeddable":true,"href":"https:\/\/www.europesays.com\/africa\/wp-json\/wp\/v2\/tags?post=18341"}],"curies":[{"name":"wp","href":"https:\/\/api.w.org\/{rel}","templated":true}]}}