{"id":18367,"date":"2026-01-12T08:32:08","date_gmt":"2026-01-12T08:32:08","guid":{"rendered":"https:\/\/www.europesays.com\/africa\/18367\/"},"modified":"2026-01-12T08:32:08","modified_gmt":"2026-01-12T08:32:08","slug":"coupe-dafrique-des-nations-lalgerie-sest-elle-vue-trop-belle","status":"publish","type":"post","link":"https:\/\/www.europesays.com\/africa\/18367\/","title":{"rendered":"Coupe d\u2019Afrique des nations \u2013 L\u2019Alg\u00e9rie s\u2019est-elle vue trop belle\u00a0?"},"content":{"rendered":"<p>LE TACLE DU LUNDI. Battus haut la main par le Nigeria en quart de finale de la CAN, les Alg\u00e9riens doivent se remobiliser avant la prochaine Coupe du monde.<\/p>\n<p class=\"c-paragraph\">C\u2019est le genre de match que l\u2019on peut rejouer 100 fois sans que le r\u00e9sultat final ou la physionomie de la rencontre ne changent. En quart de finale de <a href=\"https:\/\/www.lepoint.fr\/afrique\/can-2025-au-maroc-tout-ce-quil-faut-savoir-sur-la-grande-messe-du-football-africain-LYGO7KTDFZGW3FACGY3LCBH5V4\/\" target=\"_self\" rel=\"nofollow noopener\" title=\"https:\/\/www.lepoint.fr\/afrique\/can-2025-au-maroc-tout-ce-quil-faut-savoir-sur-la-grande-messe-du-football-africain-LYGO7KTDFZGW3FACGY3LCBH5V4\/\">la Coupe d\u2019Afrique des nations<\/a> samedi 10 janvier \u00e0 Marrakech, l\u2019Alg\u00e9rie a d\u00e9fi\u00e9 le Nigeria apr\u00e8s son succ\u00e8s d\u00e9croch\u00e9 face \u00e0 la R\u00e9publique d\u00e9mocratique du Congo en 8e de finale dans les derniers instants de la prolongation. Mais apr\u00e8s la sublime inspiration de Boulbina qui avait raviv\u00e9 la flamme de tout un pays, la marche \u00e9tait beaucoup trop haute face aux Super Eagles.<\/p>\n<p class=\"c-paragraph\">Pourtant absent de la prochaine Coupe du monde apr\u00e8s avoir \u00e9chou\u00e9 en barrage africain, preuve que le niveau moyen s\u2019est nettement \u00e9lev\u00e9 sur le continent, le Nigeria a \u00e9t\u00e9 implacable et a surclass\u00e9 son adversaire. Le premier tir alg\u00e9rien n\u2019est intervenu qu\u2019\u00e0 la 80e minute et il a symbolis\u00e9 tout le d\u00e9sespoir d\u2019une \u00e9quipe incapable de trouver la solution.<\/p>\n<p class=\"c-paragraph\">Apr\u00e8s deux \u00e9liminations de suite en phase de groupe de la CAN et de nombreuses d\u00e9sillusions face \u00e0 la Mauritanie, le Burkina Faso, la Sierra Leone ou encore la Guin\u00e9e \u00e9quatoriale, l\u2019Alg\u00e9rie a retrouv\u00e9 le sourire en se qualifiant pour le Mondial \u00e0 venir en Am\u00e9rique du Nord.<\/p>\n<p class=\"newsletter-subscription__disclaimer\">En vous inscrivant, vous acceptez les <a class=\"c-link newsletter-subscription__legal-link\" href=\"https:\/\/www.lepoint.fr\/html\/cgu\/\" rel=\"nofollow noopener\" target=\"_blank\">conditions g\u00e9n\u00e9rales d&#8217;utilisation<\/a> et notre <a class=\"c-link newsletter-subscription__legal-link\" href=\"https:\/\/www.lepoint.fr\/html\/politique-de-protection-donnees-personnelles\/\" rel=\"nofollow noopener\" target=\"_blank\">politique de confidentialit\u00e9<\/a>.<\/p>\n<p>Un agacement injustifi\u00e9 contre l\u2019arbitrage<\/p>\n<p class=\"c-paragraph\">De nombreux observateurs alg\u00e9riens ont reconnu que leur \u00e9quipe avait \u00e9t\u00e9 trop faible pour lutter face \u00e0 ces Nig\u00e9rians bien plus au point tactiquement, techniquement et physiquement. Mais d\u2019autres ont pr\u00e9f\u00e9r\u00e9 pointer du doigt l\u2019arbitrage et de possibles erreurs de jugement pour se voiler la face. La nervosit\u00e9 a pris le dessus en fin de match avec de nombreuses \u00e9chauffour\u00e9es sur le terrain, mais aussi dans les couloirs du stade. Pourtant avec 12 tirs \u00e0 2, 7 grosses occasions \u00e0 0, 59 % de possession contre 41 %, les chiffres illustrent le sentiment qui dominait \u00e0 l\u2019issue de la rencontre : l\u2019Alg\u00e9rie n\u2019a pas exist\u00e9 et le corps arbitral n\u2019y est pour pas grand-chose.<\/p>\n<p class=\"c-paragraph\">Dans sa reconstruction, les champions d\u2019Afrique 2019 ont pu compter sur l\u2019\u00e9mergence d\u2019une jeune g\u00e9n\u00e9ration, incarn\u00e9e par Ibrahim Maza, r\u00e9v\u00e9lation de la saison du c\u00f4t\u00e9 de la Bundesliga au Bayer Leverkusen. Mais l\u2019effectif est en transition, \u00e0 l\u2019image du capitaine Riyad Mahrez qui est au cr\u00e9puscule de sa carri\u00e8re \u00e0 34 ans. Difficile pour Vladimir Petkovic, le s\u00e9lectionneur en poste depuis bient\u00f4t deux ans, de faire des choix aussi d\u00e9licats et de mettre une v\u00e9ritable l\u00e9gende sur le banc.<\/p>\n<p class=\"c-paragraph\">Beau joueur, l\u2019ancien entra\u00eeneur de la Suisse, qui avait \u00e9limin\u00e9 les Bleus \u00e0 l\u2019Euro 2021, a indiqu\u00e9 en conf\u00e9rence de presse qu\u2019il fallait juste reconna\u00eetre la sup\u00e9riorit\u00e9 du Nigeria. \u00ab Ils \u00e9taient meilleurs que nous. Nous n\u2019avons jamais \u00e9t\u00e9 dans le match, nous avons souffert, surtout pendant les 20-30 premi\u00e8res minutes. Nous avons un peu mieux jou\u00e9 en deuxi\u00e8me mi-temps, mais le match \u00e9tait compromis d\u00e8s la premi\u00e8re mi-temps. Nous avons bien encaiss\u00e9 les coups, comme un boxeur, sans tomber\u2026 Comme je l\u2019ai dit, \u00e7a s\u2019est un peu mieux pass\u00e9 en deuxi\u00e8me mi-temps, notamment parce qu\u2019il \u00e9tait impossible pour le Nigeria de maintenir ce rythme pendant 90 minutes. \u00bb Le technicien suisse, sous contrat jusqu\u2019en 2027, n\u2019est pour le moment pas menac\u00e9 en vue de la Coupe du monde.<\/p>\n<p>Luca Zidane pas encore pr\u00eat ?<\/p>\n<p class=\"c-paragraph\">Mais au-del\u00e0 des cas Petkovic et Mahrez, c\u2019est bien le vivier alg\u00e9rien qui interpelle. Il dispose de nombreux talents \u00e9mergents et en voie de d\u00e9veloppement mais il est encore loin des mastodontes du continent africain. Maroc, S\u00e9n\u00e9gal, C\u00f4te d\u2019Ivoire ou encore le bourreau nig\u00e9rian : il n\u2019y a pas photo \u00e0 cet instant pr\u00e9cis sur la comparaison entre les titulaires et les rempla\u00e7ants. L\u2019exemple du gardien est criant : la s\u00e9lection alg\u00e9rienne souffre de l\u2019absence de portier r\u00e9f\u00e9rent depuis plusieurs ann\u00e9es et a d\u00fb aller d\u00e9nicher le fils de Zin\u00e9dine Zidane, Luca, qui \u00e9volue en deuxi\u00e8me division espagnole.<\/p>\n<p class=\"c-paragraph\">Celui qui a \u00e9t\u00e9 form\u00e9 au Real Madrid a accept\u00e9 sa naturalisation alg\u00e9rienne pour \u00e9voluer en \u00e9quipe nationale. Loin d\u2019\u00eatre un mauvais gardien, notamment dans son jeu au pied, Luca Zidane a \u00e9t\u00e9 d\u00e9pass\u00e9 par les \u00e9v\u00e9nements comme l\u2019ensemble de ses co\u00e9quipiers face au Nigeria. Son erreur de jugement sur l\u2019ouverture du score de Victor Osimhen prouve qu\u2019il doit encore s\u2019\u00e9toffer \u00e0 l\u2019avenir.<\/p>\n<p class=\"c-paragraph\">Place d\u00e9sormais \u00e0 la remise en question avant le retour en Coupe du monde qui s\u2019annonce palpitant, dans un groupe o\u00f9 l\u2019Alg\u00e9rie d\u00e9fiera l\u2019Autriche, la Jordanie mais surtout l\u2019Argentine tenante du titre. La d\u00e9ception de cette CAN doit \u00eatre \u00e9vacu\u00e9e, cependant les Fennecs doivent se regarder dans la glace et accepter leur statut, pour le moment, d\u2019outsider, loin de l\u2019\u00e9lite mondiale et africaine. La fiert\u00e9 en a pris un coup, mais l\u2019opportunit\u00e9 de rebondir dans six mois dans la plus belle des comp\u00e9titions est trop belle pour passer \u00e0 c\u00f4t\u00e9.<\/p>\n","protected":false},"excerpt":{"rendered":"LE TACLE DU LUNDI. Battus haut la main par le Nigeria en quart de finale de la CAN,&hellip;\n","protected":false},"author":2,"featured_media":18368,"comment_status":"","ping_status":"","sticky":false,"template":"","format":"standard","meta":{"footnotes":""},"categories":[254],"tags":[255,311],"class_list":{"0":"post-18367","1":"post","2":"type-post","3":"status-publish","4":"format-standard","5":"has-post-thumbnail","7":"category-algerie","8":"tag-algerie","9":"tag-football"},"share_on_mastodon":{"url":"","error":""},"_links":{"self":[{"href":"https:\/\/www.europesays.com\/africa\/wp-json\/wp\/v2\/posts\/18367","targetHints":{"allow":["GET"]}}],"collection":[{"href":"https:\/\/www.europesays.com\/africa\/wp-json\/wp\/v2\/posts"}],"about":[{"href":"https:\/\/www.europesays.com\/africa\/wp-json\/wp\/v2\/types\/post"}],"author":[{"embeddable":true,"href":"https:\/\/www.europesays.com\/africa\/wp-json\/wp\/v2\/users\/2"}],"replies":[{"embeddable":true,"href":"https:\/\/www.europesays.com\/africa\/wp-json\/wp\/v2\/comments?post=18367"}],"version-history":[{"count":0,"href":"https:\/\/www.europesays.com\/africa\/wp-json\/wp\/v2\/posts\/18367\/revisions"}],"wp:featuredmedia":[{"embeddable":true,"href":"https:\/\/www.europesays.com\/africa\/wp-json\/wp\/v2\/media\/18368"}],"wp:attachment":[{"href":"https:\/\/www.europesays.com\/africa\/wp-json\/wp\/v2\/media?parent=18367"}],"wp:term":[{"taxonomy":"category","embeddable":true,"href":"https:\/\/www.europesays.com\/africa\/wp-json\/wp\/v2\/categories?post=18367"},{"taxonomy":"post_tag","embeddable":true,"href":"https:\/\/www.europesays.com\/africa\/wp-json\/wp\/v2\/tags?post=18367"}],"curies":[{"name":"wp","href":"https:\/\/api.w.org\/{rel}","templated":true}]}}