{"id":1839,"date":"2026-01-04T03:30:14","date_gmt":"2026-01-04T03:30:14","guid":{"rendered":"https:\/\/www.europesays.com\/africa\/1839\/"},"modified":"2026-01-04T03:30:14","modified_gmt":"2026-01-04T03:30:14","slug":"senegal-khouraichi-thiam-lesprit-de-competition-au-service-de-letat","status":"publish","type":"post","link":"https:\/\/www.europesays.com\/africa\/1839\/","title":{"rendered":"S\u00e9n\u00e9gal: Khouraichi Thiam &#8211; L&#8217;esprit de comp\u00e9tition au service de l&#8217;\u00c9tat"},"content":{"rendered":"<p class=\"story-body-text\" data-para-word-count=\"50\">De la rigueur des parquets de basket aux exigences de la gestion publique, Khouraichi Thiam a chang\u00e9 d&#8217;ar\u00e8ne sans renoncer \u00e0 ses principes. Nomm\u00e9 administrateur du Fonds d&#8217;appui \u00e0 l&#8217;investissement des S\u00e9n\u00e9galais de l&#8217;ext\u00e9rieur (Faise), il entend insuffler une nouvelle dynamique \u00e0 cette structure strat\u00e9gique au service de la diaspora.<\/p>\n<p class=\"story-body-text\" data-para-word-count=\"33\">Sa d\u00e9gaine trahit ce qu&#8217;il a \u00e9t\u00e9 : un sportif de haut niveau. Sa parole, elle, r\u00e9v\u00e8le ce qu&#8217;il est devenu aujourd&#8217;hui : administrateur du Fonds d&#8217;appui \u00e0 l&#8217;investissement des S\u00e9n\u00e9galais de l&#8217;ext\u00e9rieur.<\/p>\n<p class=\"story-body-text\" data-para-word-count=\"72\">En r\u00e9unissant ces deux dimensions, on saisit l&#8217;essence de la personnalit\u00e9 de Khouraichi Thiam. Mais s&#8217;en tenir \u00e0 cette pr\u00e9sentation sommaire reviendrait \u00e0 dresser un portrait incomplet, \u00e0 l&#8217;image d&#8217;un peintre trop press\u00e9 d&#8217;exposer une toile inachev\u00e9e. Entre ces deux vies &#8211; celle de l&#8217;athl\u00e8te et celle de l&#8217;homme public &#8211; se d\u00e9ploie un parcours fait de hauts et de bas, d&#8217;exp\u00e9riences et de choix d\u00e9terminants, qui permettent de mieux comprendre l&#8217;homme.<\/p>\n<p class=\"story-body-text\" style=\"text-align: center;\">\n<p>Restez inform\u00e9 des derniers gros titres sur <a href=\"https:\/\/whatsapp.com\/channel\/0029Vae09IP4inotqC0BUQ2V\" target=\"_blank\" rel=\"nofollow noopener\">WhatsApp<\/a> | <a href=\"https:\/\/www.linkedin.com\/company\/allafrica\/\" target=\"_blank\" rel=\"nofollow noopener\">LinkedIn<\/a><\/p>\n<p class=\"story-body-text\" data-para-word-count=\"112\">Nomm\u00e9 administrateur du Faise en f\u00e9vrier 2025, l&#8217;ancien international de basket est issu d&#8217;une famille \u00e0 la fois \u00ab modeste \u00bb par les moyens et riche par les valeurs. Il est le fils du docteur Amadou Lamine Thiam, m\u00e9decin r\u00e9put\u00e9, ancien international, ancien m\u00e9decin de toutes les \u00e9quipes nationales du S\u00e9n\u00e9gal, ancien conseiller technique \u00e0 la Primature et ex-maire de la commune de Mermoz Sacr\u00e9-Coeur, un homme reconnu pour sa rigueur morale. Sa m\u00e8re, elle aussi figure embl\u00e9matique, fut championne d&#8217;Afrique sportive et ancienne directrice de la Cit\u00e9 universitaire Claudel, tr\u00e8s connue dans le milieu universitaire s\u00e9n\u00e9galais des ann\u00e9es 2000. La c\u00e9l\u00e8bre Mme Thiam, dont la rigueur \u00e9tait bien connue des \u00e9tudiantes.<\/p>\n<p class=\"story-body-text\" data-para-word-count=\"8\">Au nom du p\u00e8re et de la m\u00e8re<\/p>\n<p class=\"story-body-text\" data-para-word-count=\"21\">Cet environnement familial structurant a largement contribu\u00e9 \u00e0 forger l&#8217;homme qu&#8217;est devenu Khouraichi Thiam, selon son ami d&#8217;enfance Abdoulaye Mansour Kass\u00e9.<\/p>\n<p class=\"story-body-text\" data-para-word-count=\"76\">\u00ab Il a grandi au contact de mod\u00e8les forts. Son p\u00e8re et sa m\u00e8re lui ont transmis des valeurs de discipline, d&#8217;engagement et de d\u00e9passement de soi. Son fr\u00e8re et sa soeur a\u00een\u00e9s ont \u00e9galement constitu\u00e9 des rep\u00e8res importants, renfor\u00e7ant une culture familiale fond\u00e9e sur l&#8217;exemplarit\u00e9 et le sens du devoir \u00bb, confie-t-il. Pour lui, Khouraichi Thiam est un homme dont le parcours est marqu\u00e9 par la constance, la rigueur et un sens affirm\u00e9 des responsabilit\u00e9s.<\/p>\n<p class=\"story-body-text\" data-para-word-count=\"61\">\u00ab Ami d&#8217;enfance, j&#8217;ai pu observer son \u00e9volution depuis ses jeunes ann\u00e9es, \u00e0 travers les diff\u00e9rentes \u00e9tapes de sa vie personnelle, scolaire et professionnelle, dans une coh\u00e9rence remarquable entre ses valeurs et ses actes \u00bb, ajoute Kass\u00e9. C&#8217;est dans ce cadre que s&#8217;est construit son engagement, d&#8217;abord \u00e0 travers la vie associative de son quartier, puis au lyc\u00e9e et \u00e0 l&#8217;universit\u00e9.<\/p>\n<p class=\"story-body-text\" data-para-word-count=\"67\">Tr\u00e8s t\u00f4t, Khouraichi Thiam, cadet de la famille, s&#8217;est distingu\u00e9 par sa participation active aux initiatives collectives, avec une attention constante port\u00e9e \u00e0 la jeunesse. Natif de Sacr\u00e9-Coeur &#8211; quartier o\u00f9 sa famille fait partie des premiers habitants &#8211; il a v\u00e9cu une enfance heureuse, marqu\u00e9e par une scolarit\u00e9 d\u00e9but\u00e9e \u00e0 l&#8217;\u00e9cole Kl\u00e9ber, en centre-ville, puis poursuivie au lyc\u00e9e d&#8217;application Sa\u00efdou Nourou Tall jusqu&#8217;en classe de Premi\u00e8re.<\/p>\n<p class=\"story-body-text\" data-para-word-count=\"126\">Pour \u00e9chapper aux nombreuses gr\u00e8ves scolaires de l&#8217;\u00e9poque, il rejoint ensuite Yalla Sureen, o\u00f9 il d\u00e9croche son baccalaur\u00e9at. Avec une bourse d&#8217;\u00e9tudes compl\u00e8te obtenue gr\u00e2ce \u00e0 ses talents sportifs, il s&#8217;envole pour les \u00c9tats-Unis. Son parcours universitaire le m\u00e8ne successivement au Western Texas College, au Wyoming, au South Georgia Tech, puis \u00e0 l&#8217;universit\u00e9 de North Carolina Asheville, en lien avec Marcy University. Il y m\u00e8ne de front \u00e9tudes et sport de haut niveau, fid\u00e8le \u00e0 une discipline acquise tr\u00e8s t\u00f4t. En effet, avant m\u00eame le basket, Khouraichi Thiam s&#8217;est essay\u00e9 au karat\u00e9 et au football. Sa p\u00e9r\u00e9grination estudiantine aux \u00c9tats-Unis d\u00e9bouchera sur un Associate Degree en relations internationales et en communication, \u00e9quivalent d&#8217;une licence, puis sur une sp\u00e9cialisation en business management et en management du sport.<\/p>\n<p class=\"story-body-text\" data-para-word-count=\"119\">Il poursuit ensuite un master en sciences du sport, compl\u00e9t\u00e9 par des formations en nutrition et en bodybuilding. Parall\u00e8lement, il m\u00e8ne un parcours sportif remarquable, d&#8217;abord au pays de l&#8217;Oncle Sam, avant d&#8217;\u00e9voluer successivement en Europe, dans les Am\u00e9riques et en Asie, puis de rejoindre l&#8217;\u00e9quipe nationale du S\u00e9n\u00e9gal. Malgr\u00e9 cette exp\u00e9rience internationale, il est rest\u00e9 profond\u00e9ment attach\u00e9 \u00e0 son pays, \u00ab n&#8217;h\u00e9sitant pas \u00e0 mobiliser et \u00e0 transf\u00e9rer des dons au profit de jeunes, d&#8217;associations et de communaut\u00e9s locales \u00bb, t\u00e9moigne son ami d&#8217;enfance. Ses proches soulignent \u00e9galement le r\u00f4le essentiel de son \u00e9pouse, soutien discret, mais d\u00e9terminant dans l&#8217;\u00e9quilibre et la solidit\u00e9 de son parcours. Sa carri\u00e8re professionnelle prend fin vers 2021, dans un contexte politique tendu.<\/p>\n<p class=\"story-body-text\" data-para-word-count=\"64\">Son engagement public et ses prises de position deviennent progressivement incompatibles avec sa pr\u00e9sence en \u00e9quipe nationale, estime-t-il. \u00ab Allier sport de haut niveau et libert\u00e9 de parole politique n&#8217;\u00e9tait plus \u00e9vident \u00bb, confie Khouraichi. Le choix est difficile, mais assum\u00e9 : pr\u00e9server ses principes plut\u00f4t que sacrifier sa voix ?. Ce sens du sacrifice, il l&#8217;a h\u00e9rit\u00e9 de cet environnement familial profond\u00e9ment politique.<\/p>\n<p class=\"story-body-text\" data-para-word-count=\"76\">Car, en plus de son p\u00e8re, son homonyme &#8211; fr\u00e8re de m\u00eame p\u00e8re et de m\u00eame m\u00e8re &#8211; fut ministre, pr\u00e9sident de conseil r\u00e9gional \u00e0 Tambacounda et maire de Maka Coulibantang. \u00c9lev\u00e9 entre un p\u00e8re militant du Parti socialiste et un oncle engag\u00e9 au Parti d\u00e9mocratique s\u00e9n\u00e9galais, il grandit au coeur du syst\u00e8me politique s\u00e9n\u00e9galais, observateur attentif de ses forces comme de ses d\u00e9rives. Pourtant, c&#8217;est \u00e0 distance, depuis les \u00c9tats-Unis, que le d\u00e9clic se produit.<\/p>\n<p class=\"story-body-text\" data-para-word-count=\"104\">Une \u00e9mission t\u00e9l\u00e9vis\u00e9e mettant en sc\u00e8ne Ousmane Sonko marque un tournant. Le discours tranche avec ce qu&#8217;il a toujours connu. La diff\u00e9rence l&#8217;interpelle, l&#8217;attire. Progressivement, il s&#8217;engage, jusqu&#8217;\u00e0 faire le d\u00e9placement au S\u00e9n\u00e9gal pour voter lors de la pr\u00e9sidentielle de 2019. Il adh\u00e8re ensuite au Pastef, devient responsable de l&#8217;organisation sur la c\u00f4te Ouest am\u00e9ricaine, avant d&#8217;intensifier son implication politique. Cet engagement ne surprend gu\u00e8re son ami d&#8217;enfance, qui y voit \u00ab un engagement m\u00fbrement r\u00e9fl\u00e9chi, inscrit dans la continuit\u00e9 de son parcours et ind\u00e9pendamment de toute consid\u00e9ration partisane \u00bb, t\u00e9moignant de valeurs telles que le courage, la responsabilit\u00e9 et la coh\u00e9rence dans l&#8217;action.<\/p>\n<p class=\"story-body-text\" data-para-word-count=\"7\">Une carri\u00e8re sportive contrari\u00e9e par l&#8217;engagement politique<\/p>\n<p class=\"story-body-text\" data-para-word-count=\"53\">Accus\u00e9 d&#8217;\u00eatre l&#8217;un des \u00e9l\u00e9ments les plus radicaux du parti, voire soup\u00e7onn\u00e9 d&#8217;avoir financ\u00e9 les violences de la p\u00e9riode 2021-2024, Khouraichi Thiam s&#8217;en d\u00e9fend fermement. \u00ab Mon radicalisme est celui des principes, pas de la destruction \u00bb, affirme-t-il. L&#8217;un de ses accusateurs finira d&#8217;ailleurs par se r\u00e9tracter, reconnaissant avoir parl\u00e9 sous la contrainte.<\/p>\n<p class=\"story-body-text\" data-para-word-count=\"89\">Son ami et compagnon de route, Mamadou Gu\u00e8ye, d\u00e9crit un homme \u00e0 l&#8217;oppos\u00e9 de l&#8217;image que certains ont voulu lui coller. \u00ab Il est calme, pos\u00e9, profond\u00e9ment attach\u00e9 au S\u00e9n\u00e9gal. Il est humble et a tout sacrifi\u00e9 par amour pour son pays, quittant le parquet pour le terrain politique, o\u00f9 rien n&#8217;est jamais donn\u00e9 \u00bb, estime-t-il. L&#8217;av\u00e8nement du Pastef au pouvoir n&#8217;a pas surpris Khouraichi Thiam. Convaincu d\u00e8s le d\u00e9part de la justesse de son combat, il abordait la politique comme le sport : avec l&#8217;obsession de la victoire.<\/p>\n<p class=\"story-body-text\" data-para-word-count=\"84\">\u00ab Da \u00f1uy gagner \u00bb, r\u00e9p\u00e9tait-il dans toutes ses publications, \u00ab persuad\u00e9 que la v\u00e9rit\u00e9 finirait par triompher \u00bb. Mais aujourd&#8217;hui, il le reconna\u00eet : le plus dur commence. \u00ab Comme dans le sport, atteindre le sommet est une chose ; s&#8217;y maintenir en est une autre \u00bb, avance l&#8217;ancien basketteur. \u00c0 la t\u00eate du Faise, Khouraichi Thiam mesure l&#8217;ampleur du chantier. Sa premi\u00e8re mission consiste \u00e0 faire conna\u00eetre l&#8217;institution, longtemps per\u00e7ue comme opaque et politis\u00e9e, y compris par les S\u00e9n\u00e9galais de la diaspora.<\/p>\n<p class=\"story-body-text\" data-para-word-count=\"76\">Lui-m\u00eame, apr\u00e8s vingt-et-un ans pass\u00e9s \u00e0 l&#8217;\u00e9tranger, ignorait son existence. Sa vision est claire : d\u00e9politiser le Fonds, en faire un outil exclusivement au service des S\u00e9n\u00e9galais de l&#8217;ext\u00e9rieur, am\u00e9liorer la gouvernance et renforcer la transparence. Polyvalent sur le terrain comme dans la vie, ancien faux pivot de 2,03 m dot\u00e9 d&#8217;une grande envergure, Khouraichi Thiam entend aujourd&#8217;hui mettre la m\u00eame rigueur, la m\u00eame discipline et le m\u00eame esprit de comp\u00e9tition au service de l&#8217;action publique.<\/p>\n<p class=\"story-body-text\" data-para-word-count=\"38\">V\u00e9ritable \u00ab boy Dakar \u00bb, \u00ab il incarne une connaissance intime de la capitale, de ses r\u00e9alit\u00e9s sociales et humaines. Un atout certain pour la mission qui lui est confi\u00e9e \u00bb, confie Abdoulaye Mansour Kass\u00e9, non sans sourire.<\/p>\n","protected":false},"excerpt":{"rendered":"De la rigueur des parquets de basket aux exigences de la gestion publique, Khouraichi Thiam a chang\u00e9 d&#8217;ar\u00e8ne&hellip;\n","protected":false},"author":2,"featured_media":198,"comment_status":"","ping_status":"","sticky":false,"template":"","format":"standard","meta":{"footnotes":""},"categories":[48],"tags":[63,83,265,262,268,96,261,159,264,263,266,325],"class_list":{"0":"post-1839","1":"post","2":"type-post","3":"status-publish","4":"format-standard","5":"has-post-thumbnail","7":"category-senegal","8":"tag-africa","9":"tag-business","10":"tag-current-events","11":"tag-economy","12":"tag-governance","13":"tag-news","14":"tag-politics","15":"tag-senegal","16":"tag-sports","17":"tag-trade","18":"tag-travel","19":"tag-west-africa"},"share_on_mastodon":{"url":"","error":""},"_links":{"self":[{"href":"https:\/\/www.europesays.com\/africa\/wp-json\/wp\/v2\/posts\/1839","targetHints":{"allow":["GET"]}}],"collection":[{"href":"https:\/\/www.europesays.com\/africa\/wp-json\/wp\/v2\/posts"}],"about":[{"href":"https:\/\/www.europesays.com\/africa\/wp-json\/wp\/v2\/types\/post"}],"author":[{"embeddable":true,"href":"https:\/\/www.europesays.com\/africa\/wp-json\/wp\/v2\/users\/2"}],"replies":[{"embeddable":true,"href":"https:\/\/www.europesays.com\/africa\/wp-json\/wp\/v2\/comments?post=1839"}],"version-history":[{"count":0,"href":"https:\/\/www.europesays.com\/africa\/wp-json\/wp\/v2\/posts\/1839\/revisions"}],"wp:featuredmedia":[{"embeddable":true,"href":"https:\/\/www.europesays.com\/africa\/wp-json\/wp\/v2\/media\/198"}],"wp:attachment":[{"href":"https:\/\/www.europesays.com\/africa\/wp-json\/wp\/v2\/media?parent=1839"}],"wp:term":[{"taxonomy":"category","embeddable":true,"href":"https:\/\/www.europesays.com\/africa\/wp-json\/wp\/v2\/categories?post=1839"},{"taxonomy":"post_tag","embeddable":true,"href":"https:\/\/www.europesays.com\/africa\/wp-json\/wp\/v2\/tags?post=1839"}],"curies":[{"name":"wp","href":"https:\/\/api.w.org\/{rel}","templated":true}]}}