{"id":18451,"date":"2026-01-12T09:34:07","date_gmt":"2026-01-12T09:34:07","guid":{"rendered":"https:\/\/www.europesays.com\/africa\/18451\/"},"modified":"2026-01-12T09:34:07","modified_gmt":"2026-01-12T09:34:07","slug":"a-la-une-lafrique-mise-au-ban-par-lamerique-de-trump-revue-de-presse-afrique-2","status":"publish","type":"post","link":"https:\/\/www.europesays.com\/africa\/18451\/","title":{"rendered":"\u00c0 la Une: l\u2019Afrique mise au ban par l\u2019Am\u00e9rique de Trump &#8211; Revue de presse Afrique"},"content":{"rendered":"<p>Donald Trump n\u2019aime pas l\u2019Afrique\u00a0: lors de son premier mandat, en 2018, d\u00e9j\u00e0, il traitait les pays du continent de \u00ab\u00a0pays de merde\u00a0\u00bb\u00a0; en d\u00e9cembre dernier, il r\u00e9cidivait, en utilisant le m\u00eame terme, \u00ab\u00a0shithole countries\u00a0\u00bb, qui peut se traduire litt\u00e9ralement, comme le pr\u00e9cisait <a href=\"https:\/\/www.liberation.fr\/planete\/2018\/01\/12\/pays-de-merde-les-medias-en-mal-de-la-bonne-traduction_1621996\/\" target=\"_blank\" rel=\"nofollow noopener\">Lib\u00e9ration<\/a>, par \u00ab\u00a0pays de merde\u00a0\u00bb, donc, ou encore par \u00ab trou \u00e0 rat\u00a0\u00bb, \u00ab\u00a0taudis\u00a0\u00bb, \u00ab porcherie \u00bb.<\/p>\n<p>Derni\u00e8re mesure en date p\u00e9nalisante pour l\u2019Afrique\u00a0: en ce d\u00e9but d\u2019ann\u00e9e 2026, rel\u00e8ve <a href=\"https:\/\/www.afrik.com\/afrique-usa-la-liste-des-pays-sous-restrictions-s-allonge-au-1er-janvier\" target=\"_blank\" rel=\"nofollow noopener\">Afrik.com<\/a>, \u00ab\u00a0les conditions d\u2019acc\u00e8s aux \u00c9tats-Unis se durcissent pour plusieurs pays. Dans une mise \u00e0 jour publi\u00e9e discr\u00e8tement par le d\u00e9partement d\u2019\u00c9tat, l\u2019administration Trump a \u00e9largi ses restrictions de voyage \u00e0 5 nouvelles nations du continent. Le Botswana, la R\u00e9publique centrafricaine, la Guin\u00e9e, la Guin\u00e9e-Bissau et la Namibie int\u00e8grent d\u00e9sormais la &#8220;liste orange&#8221;. (\u2026) Avec ces nouveaux ajouts, pr\u00e9cise le site, ce sont d\u00e9sormais 20 pays africains qui se retrouvent sous le coup de restrictions sp\u00e9cifiques impos\u00e9es par Washington. La situation est encore plus critique pour 12 de ces nations, plac\u00e9es sur une &#8220;liste rouge&#8221; qui suspend quasi int\u00e9gralement l\u2019octroi de visas, sauf d\u00e9rogation exceptionnelle servant les int\u00e9r\u00eats directs de la s\u00e9curit\u00e9 int\u00e9rieure am\u00e9ricaine \u00bb.<\/p>\n<p>\u00ab\u00a0La mesure la plus spectaculaire et la plus p\u00e9nalisante de cette nouvelle politique, rel\u00e8ve encore Afrik.com, r\u00e9side dans l\u2019exigence d\u2019une garantie financi\u00e8re. Depuis le 1er janvier, les voyageurs originaires des pays cibl\u00e9s doivent d\u00e9poser une caution dont le montant varie entre 5000 et 15 000 dollars. Si les autorit\u00e9s am\u00e9ricaines pr\u00e9sentent cette somme comme un levier pour\u00a0garantir que les visiteurs ne d\u00e9passent pas la dur\u00e9e l\u00e9gale de leur s\u00e9jour, ce co\u00fbt devient, dans les faits, un rempart infranchissable pour une grande partie des populations locales\u00a0\u00bb.<\/p>\n<p> \u00ab\u00a0Quand Trump claque la porte, l\u2019Afrique trinque\u00a0\u00bb <\/p>\n<p>Autre mesure qui impacte directement les pays africains, rel\u00e8ve <a href=\"https:\/\/www.jeuneafrique.com\/1755337\/politique\/quand-trump-claque-la-porte-lafrique-trinque\/\" target=\"_blank\" rel=\"nofollow noopener\">Jeune Afrique<\/a>\u00a0: \u00ab\u00a0Donald Trump a sign\u00e9, mercredi dernier, un m\u00e9morandum qui acte le d\u00e9sengagement imm\u00e9diat des \u00c9tats-Unis de 66 organisations internationales jug\u00e9es contraires aux int\u00e9r\u00eats am\u00e9ricains. Les activit\u00e9s de plusieurs d\u2019entre elles sur le continent en seront directement affect\u00e9es\u00a0\u00bb.<\/p>\n<p>Commentaire du site panafricain\u00a0: \u00ab\u00a0quand Trump claque la porte, l\u2019Afrique trinque.\u00a0\u00bb En effet, parmi les organisations d\u00e9sormais boud\u00e9es par les \u00c9tats-Unis, figurent notamment la Commission \u00e9conomique\u00a0pour\u00a0l\u2019Afrique, le Bureau du conseiller sp\u00e9cial des Nations unies pour l\u2019Afrique et le Forum permanent sur les personnes d\u2019ascendance africaine. Mais aussi le Giec, le Groupe d\u2019experts intergouvernemental sur l\u2019\u00e9volution du climat, ou encore la CNUCED, la Conf\u00e9rence des Nations unies sur le\u00a0commerce\u00a0et le d\u00e9veloppement.<\/p>\n<p> Le robinet de l\u2019aide am\u00e9ricaine coup\u00e9\u2026 <\/p>\n<p>Qui plus est, rappelle pour sa part <a href=\"https:\/\/www.lemonde.fr\/afrique\/article\/2026\/01\/11\/retour-sur-2025-l-afrique-face-au-desengagement-americain-de-l-aide-au-developpement_6661407_3212.html\" target=\"_blank\" rel=\"nofollow noopener\">Le Monde Afrique<\/a>, depuis l\u2019ann\u00e9e derni\u00e8re, les pays du continent font \u00ab\u00a0face au d\u00e9sengagement am\u00e9ricain de l\u2019aide au d\u00e9veloppement. (\u2026) Depuis l\u2019\u00e9lectrochoc Trump, ils apprennent \u00e0 faire sans l\u2019aide des \u00c9tats-Unis. De 15,9\u00a0milliards de dollars en\u00a02024, on est pass\u00e9 \u00e0 8,3\u00a0milliards de dollars en\u00a02025, soit une contraction de 52\u00a0%. (\u2026) Washington, rappelle Le Monde Afrique, assurait \u00e0 travers USAID, l\u2019Agence des \u00c9tats-Unis pour le d\u00e9veloppement international, d\u00e9sormais dissoute, un tiers en moyenne des financements publics ext\u00e9rieurs. Programmes ferm\u00e9s du jour au lendemain, en priorit\u00e9 lorsqu\u2019ils traitent de l\u2019\u00e9galit\u00e9 de genre, d\u2019acc\u00e8s \u00e0 la contraception ou de lutte contre le changement climatique, ruptures d\u2019approvisionnement de m\u00e9dicaments, de rations alimentaires, de semences, vagues de licenciements\u2026 La d\u00e9cision de Donald Trump a plong\u00e9 des millions de\u00a0personnes dans une situation de plus grande pr\u00e9carit\u00e9 et mis des vies en p\u00e9ril\u00a0\u00bb.<\/p>\n<p>En fait, pr\u00e9cise le journal, \u00ab\u00a0l\u2019administration Trump a commenc\u00e9 \u00e0 appliquer sa doctrine privil\u00e9giant le commerce plut\u00f4t que l\u2019aide, d\u00e9j\u00e0 mise en avant lors du premier mandat du pr\u00e9sident r\u00e9publicain\u00a0\u00bb. Et \u00ab\u00a0plus encore qu\u2019auparavant, les firmes am\u00e9ricaines devraient \u00eatre les b\u00e9n\u00e9ficiaires de cette red\u00e9finition de la coop\u00e9ration\u00a0\u00bb.<\/p>\n<p>Enfin, note encore Le Monde Afrique, \u00ab\u00a0sous Donald Trump, l\u2019Afrique est devenue le r\u00e9ceptacle des \u00e9trangers dont les \u00c9tats-Unis ne veulent plus, en particulier d\u2019auteurs de crimes, m\u00eame ayant purg\u00e9 leur peine. Sous la pression ou en \u00e9change de contreparties tenues secr\u00e8tes, le Soudan du Sud, l\u2019Eswatini et le Ghana ont accept\u00e9 le transfert de quelques dizaines de personnes originaires d\u2019Asie, d\u2019Am\u00e9rique latine, mais aussi du continent\u00a0\u00bb.<\/p>\n","protected":false},"excerpt":{"rendered":"Donald Trump n\u2019aime pas l\u2019Afrique\u00a0: lors de son premier mandat, en 2018, d\u00e9j\u00e0, il traitait les pays du&hellip;\n","protected":false},"author":2,"featured_media":18364,"comment_status":"","ping_status":"","sticky":false,"template":"","format":"standard","meta":{"footnotes":""},"categories":[62],"tags":[64,11515,750,3625,3624,3623],"class_list":{"0":"post-18451","1":"post","2":"type-post","3":"status-publish","4":"format-standard","5":"has-post-thumbnail","7":"category-afrique","8":"tag-afrique","9":"tag-cooperation-et-developpement","10":"tag-donald-trump","11":"tag-etats-unis","12":"tag-revue-de-presse","13":"tag-revue-de-presse-afrique"},"share_on_mastodon":{"url":"","error":""},"_links":{"self":[{"href":"https:\/\/www.europesays.com\/africa\/wp-json\/wp\/v2\/posts\/18451","targetHints":{"allow":["GET"]}}],"collection":[{"href":"https:\/\/www.europesays.com\/africa\/wp-json\/wp\/v2\/posts"}],"about":[{"href":"https:\/\/www.europesays.com\/africa\/wp-json\/wp\/v2\/types\/post"}],"author":[{"embeddable":true,"href":"https:\/\/www.europesays.com\/africa\/wp-json\/wp\/v2\/users\/2"}],"replies":[{"embeddable":true,"href":"https:\/\/www.europesays.com\/africa\/wp-json\/wp\/v2\/comments?post=18451"}],"version-history":[{"count":0,"href":"https:\/\/www.europesays.com\/africa\/wp-json\/wp\/v2\/posts\/18451\/revisions"}],"wp:featuredmedia":[{"embeddable":true,"href":"https:\/\/www.europesays.com\/africa\/wp-json\/wp\/v2\/media\/18364"}],"wp:attachment":[{"href":"https:\/\/www.europesays.com\/africa\/wp-json\/wp\/v2\/media?parent=18451"}],"wp:term":[{"taxonomy":"category","embeddable":true,"href":"https:\/\/www.europesays.com\/africa\/wp-json\/wp\/v2\/categories?post=18451"},{"taxonomy":"post_tag","embeddable":true,"href":"https:\/\/www.europesays.com\/africa\/wp-json\/wp\/v2\/tags?post=18451"}],"curies":[{"name":"wp","href":"https:\/\/api.w.org\/{rel}","templated":true}]}}