{"id":18458,"date":"2026-01-12T09:38:06","date_gmt":"2026-01-12T09:38:06","guid":{"rendered":"https:\/\/www.europesays.com\/africa\/18458\/"},"modified":"2026-01-12T09:38:06","modified_gmt":"2026-01-12T09:38:06","slug":"la-verriere-apres-le-match-du-maroc-des-policiers-pris-a-partie","status":"publish","type":"post","link":"https:\/\/www.europesays.com\/africa\/18458\/","title":{"rendered":"La Verri\u00e8re\u00a0: apr\u00e8s le match du Maroc, des policiers pris \u00e0 partie"},"content":{"rendered":"\n<p style=\"margin-bottom: 0cm;\">Des policiers pris \u00e0 partie apr\u00e8s la victoire du Maroc contre le Cameroun \u00e0 la Verri\u00e8re vendredi soir. L\u2019un d\u2019eux a m\u00eame \u00e9t\u00e9 bless\u00e9 par des jets de pierre et des tirs de mortiers. Trois personnes, mineures, ont \u00e9t\u00e9 interpell\u00e9es et plac\u00e9es en garde \u00e0 vue. Un dispositif de policiers sera \u00e9galement mis en place pour la demi-finale qui se tiendra mercredi. Le Maroc fera face au Nigeria \u00e0 21h.<\/p>\n<p style=\"margin-bottom: 0cm;\">\u00a0<\/p>\n<p style=\"margin-bottom: 0cm;\">\u00a0<\/p>\n<p lang=\"fr-FR\" style=\"margin-bottom: 0cm;\">Nicolas Chacun &#8211; Benjamin Foucault<\/p>\n<p>!function(f,b,e,v,n,t,s){if(f.fbq)return;n=f.fbq=function(){n.callMethod?<br \/>\nn.callMethod.apply(n,arguments):n.queue.push(arguments)};if(!f._fbq)f._fbq=n;<br \/>\nn.push=n;n.loaded=!0;n.version=&#8217;2.0&#8242;;n.queue=[];t=b.createElement(e);t.async=!0;<br \/>\nt.src=v;s=b.getElementsByTagName(e)[0];s.parentNode.insertBefore(t,s)}(window,<br \/>\ndocument,&#8217;script&#8217;,&#8217;https:\/\/connect.facebook.net\/en_US\/fbevents.js&#8217;);<br \/>\nfbq(&#8216;init&#8217;, &#8216;278974969201861&#8217;); \/\/ Insert your pixel ID here.<br \/>\nfbq(&#8216;track&#8217;, &#8216;PageView&#8217;);<\/p>\n","protected":false},"excerpt":{"rendered":"Des policiers pris \u00e0 partie apr\u00e8s la victoire du Maroc contre le Cameroun \u00e0 la Verri\u00e8re vendredi soir.&hellip;\n","protected":false},"author":2,"featured_media":18459,"comment_status":"","ping_status":"","sticky":false,"template":"","format":"standard","meta":{"footnotes":""},"categories":[41],"tags":[8882,8885,8888,8883,158,8889,8884,8886,8890,8887],"class_list":{"0":"post-18458","1":"post","2":"type-post","3":"status-publish","4":"format-standard","5":"has-post-thumbnail","7":"category-maroc","8":"tag-actualites-locales","9":"tag-essonne","10":"tag-eure-et-loir","11":"tag-infos-locales","12":"tag-maroc","13":"tag-oise","14":"tag-pres-de-chez-vous","15":"tag-seine-et-marne","16":"tag-somme","17":"tag-yvelines"},"share_on_mastodon":{"url":"","error":""},"_links":{"self":[{"href":"https:\/\/www.europesays.com\/africa\/wp-json\/wp\/v2\/posts\/18458","targetHints":{"allow":["GET"]}}],"collection":[{"href":"https:\/\/www.europesays.com\/africa\/wp-json\/wp\/v2\/posts"}],"about":[{"href":"https:\/\/www.europesays.com\/africa\/wp-json\/wp\/v2\/types\/post"}],"author":[{"embeddable":true,"href":"https:\/\/www.europesays.com\/africa\/wp-json\/wp\/v2\/users\/2"}],"replies":[{"embeddable":true,"href":"https:\/\/www.europesays.com\/africa\/wp-json\/wp\/v2\/comments?post=18458"}],"version-history":[{"count":0,"href":"https:\/\/www.europesays.com\/africa\/wp-json\/wp\/v2\/posts\/18458\/revisions"}],"wp:featuredmedia":[{"embeddable":true,"href":"https:\/\/www.europesays.com\/africa\/wp-json\/wp\/v2\/media\/18459"}],"wp:attachment":[{"href":"https:\/\/www.europesays.com\/africa\/wp-json\/wp\/v2\/media?parent=18458"}],"wp:term":[{"taxonomy":"category","embeddable":true,"href":"https:\/\/www.europesays.com\/africa\/wp-json\/wp\/v2\/categories?post=18458"},{"taxonomy":"post_tag","embeddable":true,"href":"https:\/\/www.europesays.com\/africa\/wp-json\/wp\/v2\/tags?post=18458"}],"curies":[{"name":"wp","href":"https:\/\/api.w.org\/{rel}","templated":true}]}}