{"id":18481,"date":"2026-01-12T09:50:10","date_gmt":"2026-01-12T09:50:10","guid":{"rendered":"https:\/\/www.europesays.com\/africa\/18481\/"},"modified":"2026-01-12T09:50:10","modified_gmt":"2026-01-12T09:50:10","slug":"algerie-mahrez-on-reviendra-plus-forts-comme-toujours-sports","status":"publish","type":"post","link":"https:\/\/www.europesays.com\/africa\/18481\/","title":{"rendered":"Alg\u00e9rie &#8211; Mahrez : \u00ab On reviendra plus forts, comme toujours \u00bb : Sports"},"content":{"rendered":"<p class=\"date\">\n                                                            Axel Allag, Media365, publi\u00e9 le lundi 12 janvier 2026 \u00e0 10h10\n                                                    <\/p>\n<p>Apr\u00e8s l&#8217;\u00e9limination de l&#8217;Alg\u00e9rie en quarts de finale de la CAN face au Nigeria (0-2), Riyad Mahrez s&#8217;est exprim\u00e9 sur ses r\u00e9seaux sociaux.<\/p>\n<p>L&#8217;Alg\u00e9rie a vu ses minces espoirs de triompher lors de la CAN partir en fum\u00e9e, samedi. Les Fennecs, jamais \u00e0 la hauteur de l&#8217;\u00e9v\u00e9nement, ont \u00e9t\u00e9 largement domin\u00e9s par le Nigeria, m\u00eame si le score n&#8217;a pas forc\u00e9ment refl\u00e9t\u00e9 l&#8217;\u00e9cart de niveau entre les deux s\u00e9lections (0-2). La CAN marocaine s&#8217;est donc arr\u00eat\u00e9e au stade des quarts de finale pour une Alg\u00e9rie qui devra rebondir lors de la prochaine Coupe du monde 2026 (plac\u00e9e dans la phase de poules avec l&#8217;Argentine, la Jordanie et l&#8217;Autriche).<\/p>\n<p>La CAF ouvre une enqu\u00eate apr\u00e8s les incidents d&#8217;apr\u00e8s-match<\/p>\n<p>Riyad Mahrez, apr\u00e8s cette \u00e9limination pour ce qui a \u00e9t\u00e9 sa derni\u00e8re CAN, a donc pris la parole dans un message post\u00e9 sur son compte Instagram : \u00ab D\u00e9\u00e7u par l&#8217;\u00e9limination mais fier de cette \u00e9quipe et de ce groupe, dans le succ\u00e8s comme dans les moments plus difficiles \u00bb. Le capitaine de l&#8217;Alg\u00e9rie, qui compte 23 matchs de phase finale de la CAN (record national, partag\u00e9 avec A\u00efssa Mandi, avec une rencontre de plus que Rabah Madjer), a ensuite tenu \u00e0 remercier les fans des Fennecs avec une promesse de rebond : \u00ab Merci \u00e0 nos supporters et \u00e0 tout le peuple alg\u00e9rien pour votre soutien tout le long de la comp\u00e9tition. On reviendra plus forts, comme toujours \u00bb.<\/p>\n<p>Si la CAN ne verra plus Riyad Mahrez, ce dernier devrait bien, sauf catastrophe, participer \u00e0 la Coupe du monde 2026 (11 juin-19 juillet 2026) avec l&#8217;Alg\u00e9rie. Toujours dans le registre de ce quart de finale entre l&#8217;Alg\u00e9rie et le Nigeria, la Conf\u00e9d\u00e9ration africaine de football a ouvert une enqu\u00eate suite aux incidents survenus au terme de la rencontre. Comme relat\u00e9 par L&#8217;Equipe, la CAF a confirm\u00e9 des actes intol\u00e9rables et en violation des r\u00e8gles en vigueur. L&#8217;instance se penchera aussi sur les incidents qui ont suivi dans les rangs de la presse entre journalistes marocains et alg\u00e9riens. Ce qui devrait donner lieu \u00e0 des sanctions.<\/p>\n","protected":false},"excerpt":{"rendered":"Axel Allag, Media365, publi\u00e9 le lundi 12 janvier 2026 \u00e0 10h10 Apr\u00e8s l&#8217;\u00e9limination de l&#8217;Alg\u00e9rie en quarts de&hellip;\n","protected":false},"author":2,"featured_media":18482,"comment_status":"","ping_status":"","sticky":false,"template":"","format":"standard","meta":{"footnotes":""},"categories":[254],"tags":[255],"class_list":{"0":"post-18481","1":"post","2":"type-post","3":"status-publish","4":"format-standard","5":"has-post-thumbnail","7":"category-algerie","8":"tag-algerie"},"share_on_mastodon":{"url":"","error":""},"_links":{"self":[{"href":"https:\/\/www.europesays.com\/africa\/wp-json\/wp\/v2\/posts\/18481","targetHints":{"allow":["GET"]}}],"collection":[{"href":"https:\/\/www.europesays.com\/africa\/wp-json\/wp\/v2\/posts"}],"about":[{"href":"https:\/\/www.europesays.com\/africa\/wp-json\/wp\/v2\/types\/post"}],"author":[{"embeddable":true,"href":"https:\/\/www.europesays.com\/africa\/wp-json\/wp\/v2\/users\/2"}],"replies":[{"embeddable":true,"href":"https:\/\/www.europesays.com\/africa\/wp-json\/wp\/v2\/comments?post=18481"}],"version-history":[{"count":0,"href":"https:\/\/www.europesays.com\/africa\/wp-json\/wp\/v2\/posts\/18481\/revisions"}],"wp:featuredmedia":[{"embeddable":true,"href":"https:\/\/www.europesays.com\/africa\/wp-json\/wp\/v2\/media\/18482"}],"wp:attachment":[{"href":"https:\/\/www.europesays.com\/africa\/wp-json\/wp\/v2\/media?parent=18481"}],"wp:term":[{"taxonomy":"category","embeddable":true,"href":"https:\/\/www.europesays.com\/africa\/wp-json\/wp\/v2\/categories?post=18481"},{"taxonomy":"post_tag","embeddable":true,"href":"https:\/\/www.europesays.com\/africa\/wp-json\/wp\/v2\/tags?post=18481"}],"curies":[{"name":"wp","href":"https:\/\/api.w.org\/{rel}","templated":true}]}}