{"id":18560,"date":"2026-01-12T10:32:08","date_gmt":"2026-01-12T10:32:08","guid":{"rendered":"https:\/\/www.europesays.com\/africa\/18560\/"},"modified":"2026-01-12T10:32:08","modified_gmt":"2026-01-12T10:32:08","slug":"lalgerie-nen-demord-pas-sur-larbitrage-du-match-contre-le-nigeria-can-2025-quarts-algerie-nigeria-0-2","status":"publish","type":"post","link":"https:\/\/www.europesays.com\/africa\/18560\/","title":{"rendered":"L\u2019Alg\u00e9rie n\u2019en d\u00e9mord pas sur l\u2019arbitrage du match contre le Nigeria &#8211; CAN 2025 &#8211; Quarts &#8211; Alg\u00e9rie-Nigeria (0-2)"},"content":{"rendered":"<p data-start=\"265\" data-end=\"904\">C\u2019est pour \u00e7a que le mot \u00ab\u202fseum\u202f\u00bb vient de l\u2019argot maghr\u00e9bin. <a target=\"_blank\" href=\"https:\/\/www.sofoot.com\/articles\/can-2025-le-nigeria-bouffe-lalgerie-et-senvole-en-demi-finales-quarts-de-finale\" rel=\"nofollow noopener\">Battus 2-0 par un Nigeria nettement au-dessus,<\/a> les Fennecs ont surtout livr\u00e9 un match indigent. Peu d\u2019id\u00e9es, aucune r\u00e9volte, un milieu mang\u00e9, une attaque \u00e9teinte et une d\u00e9fense souvent d\u00e9pass\u00e9e : tout ce que le Nigeria proposait semblait un cran au-dessus.<\/p>\n<p data-start=\"265\" data-end=\"904\">Mais comme de nombreux matchs de cette CAN marocaine, le match s\u2019est une nouvelle fois retrouv\u00e9 dans une pol\u00e9mique d\u2019arbitrage. Apr\u00e8s que le Somalien Omar Abdulkadir Artan, l\u2019arbitre assign\u00e9 \u00e0 ce match, s\u2019est vu \u00e9cart\u00e9 par la CAF pour avoir port\u00e9 des chaussures jug\u00e9es non conformes, c\u2019est le S\u00e9n\u00e9galais Issa Sy qui s\u2019est retrouv\u00e9 \u00e0 la t\u00eate du corps arbitral de cette rencontre.<\/p>\n<p>L\u2019arbitrage comme dernier refuge<\/p>\n<p data-start=\"943\" data-end=\"1686\" data-is-last-node=\"\" data-is-only-node=\"\">Une fois la d\u00e9faite dig\u00e9r\u00e9e, l\u2019Alg\u00e9rie a chang\u00e9 de terrain. <a target=\"_blank\" href=\"https:\/\/www.tsa-algerie.com\/can-2025-algerie-nigeria-la-faf-saisit-la-fifa-et-la-caf-contre-larbitrage\/\" rel=\"nofollow noopener\">Selon plusieurs m\u00e9dias locaux comme TSA Alg\u00e9rie<\/a>, la F\u00e9d\u00e9ration alg\u00e9rienne de football a d\u00e9pos\u00e9 une plainte aupr\u00e8s de la CAF et de la FIFA, visant l\u2019arbitrage d\u2019Issa Sy.<\/p>\n<p data-start=\"943\" data-end=\"1686\" data-is-last-node=\"\" data-is-only-node=\"\">Au menu : une main nig\u00e9riane dans la surface non sanctionn\u00e9e, des d\u00e9cisions jug\u00e9es d\u00e9s\u00e9quilibr\u00e9es et une attitude jug\u00e9e froide, voire m\u00e9prisante, du corps arbitral apr\u00e8s le coup de sifflet final. Et pourtant, il n\u2019y avait a priori vraiment pas main. Le centre de Fares Cha\u00efbi a d\u2019abord touch\u00e9 la cuisse de Junior Ajayi avant de toucher sa main, ce qui annule toute chance de p\u00e9no selon le r\u00e8glement.<\/p>\n<p data-start=\"943\" data-end=\"1686\" data-is-last-node=\"\" data-is-only-node=\"\">Bonne ambiance.<\/p>\n<p>\t\t\t\t\t\t\t\t\t\t<a class=\"lien-connexe\" href=\"https:\/\/www.sofoot.com\/breves\/can-2025-grosse-tension-apres-lelimination-de-lalgerie-face-au-nigeria-en-quarts-de-finale-luca-zidane-implique\" rel=\"nofollow noopener\" target=\"_blank\">Grosse tension apr\u00e8s l\u2019\u00e9limination de l\u2019Alg\u00e9rie, Luca Zidane s\u2019\u00e9nerve<\/a>\t\t\t\t\t<\/p>\n","protected":false},"excerpt":{"rendered":"C\u2019est pour \u00e7a que le mot \u00ab\u202fseum\u202f\u00bb vient de l\u2019argot maghr\u00e9bin. Battus 2-0 par un Nigeria nettement au-dessus,&hellip;\n","protected":false},"author":2,"featured_media":18561,"comment_status":"","ping_status":"","sticky":false,"template":"","format":"standard","meta":{"footnotes":""},"categories":[254],"tags":[1213,1211,255,1219,1215,1214,311,1218,1216,1212,1080,1217],"class_list":{"0":"post-18560","1":"post","2":"type-post","3":"status-publish","4":"format-standard","5":"has-post-thumbnail","7":"category-algerie","8":"tag-actualite","9":"tag-actus-football","10":"tag-algerie","11":"tag-bundesliga","12":"tag-championnats-europeens","13":"tag-equipe-de-france","14":"tag-football","15":"tag-ligua","16":"tag-ligue-1","17":"tag-news-foot","18":"tag-premier-league","19":"tag-serie-a"},"share_on_mastodon":{"url":"","error":""},"_links":{"self":[{"href":"https:\/\/www.europesays.com\/africa\/wp-json\/wp\/v2\/posts\/18560","targetHints":{"allow":["GET"]}}],"collection":[{"href":"https:\/\/www.europesays.com\/africa\/wp-json\/wp\/v2\/posts"}],"about":[{"href":"https:\/\/www.europesays.com\/africa\/wp-json\/wp\/v2\/types\/post"}],"author":[{"embeddable":true,"href":"https:\/\/www.europesays.com\/africa\/wp-json\/wp\/v2\/users\/2"}],"replies":[{"embeddable":true,"href":"https:\/\/www.europesays.com\/africa\/wp-json\/wp\/v2\/comments?post=18560"}],"version-history":[{"count":0,"href":"https:\/\/www.europesays.com\/africa\/wp-json\/wp\/v2\/posts\/18560\/revisions"}],"wp:featuredmedia":[{"embeddable":true,"href":"https:\/\/www.europesays.com\/africa\/wp-json\/wp\/v2\/media\/18561"}],"wp:attachment":[{"href":"https:\/\/www.europesays.com\/africa\/wp-json\/wp\/v2\/media?parent=18560"}],"wp:term":[{"taxonomy":"category","embeddable":true,"href":"https:\/\/www.europesays.com\/africa\/wp-json\/wp\/v2\/categories?post=18560"},{"taxonomy":"post_tag","embeddable":true,"href":"https:\/\/www.europesays.com\/africa\/wp-json\/wp\/v2\/tags?post=18560"}],"curies":[{"name":"wp","href":"https:\/\/api.w.org\/{rel}","templated":true}]}}