{"id":187,"date":"2026-01-03T12:00:06","date_gmt":"2026-01-03T12:00:06","guid":{"rendered":"https:\/\/www.europesays.com\/africa\/187\/"},"modified":"2026-01-03T12:00:06","modified_gmt":"2026-01-03T12:00:06","slug":"qui-est-naha-mint-harouna-lancienne-ministre-mauritanienne-qui-fait-parler-delle-au-senegal","status":"publish","type":"post","link":"https:\/\/www.europesays.com\/africa\/187\/","title":{"rendered":"Qui est Naha Mint Harouna, l\u2019ancienne ministre mauritanienne qui fait parler d\u2019elle au S\u00e9n\u00e9gal ?"},"content":{"rendered":"<p>Naha Mint Harouna fait actuellement parler d\u2019elle au S\u00e9n\u00e9gal, pour des raisons que nous pr\u00e9f\u00e9rons garder secr\u00e8tes pour le moment. Derri\u00e8re cette soudaine attention se profile pourtant un parcours politique et professionnel d\u00e9j\u00e0 bien connu en Mauritanie, o\u00f9 Naha Mint Harouna s\u2019est impos\u00e9e comme l\u2019une des figures f\u00e9minines les plus visibles de l\u2019action publique ces derni\u00e8res ann\u00e9es.            <\/p>\n<p class=\"pread\" style=\"background: #fff6d3;font-size:17px !important;padding:0px 0 16px 0;border:none;font-family:'source-sans-pro' !important;color:#444 !important;\">\n<p>La suite est r\u00e9serv\u00e9e \u00e0 nos abonn\u00e9s.<br \/>D\u00e9j\u00e0 abonn\u00e9 ? <a href=\"https:\/\/www.senenews.com\/login?redirect_to=https:\/\/www.senenews.com\/actualites\/qui-est-naha-mint-harouna-lancienne-ministre-mauritanienne-qui-fait-parler-delle-au-senegal_571393.html\" style=\"text-decoration: underline !important;font-weight: bold;\" rel=\"nofollow noopener\" target=\"_blank\">Se connecter<\/a><\/p>\n<p>Profitez de 3 mois offerts<br \/>et acc\u00e9dez \u00e0 tous nos contenus<br \/>sans aucune publicit\u00e9<\/p>\n<p style=\"text-align:center;font-size:14px;font-family:'source-sans-pro'\">\n<a href=\"https:\/\/www.senenews.com\/rejoignez-senenews-premium-pour-soutenir-une-redaction-libre-et-independante\" style=\"text-decoration:none!important;border-bottom:1px solid\" rel=\"nofollow noopener\" target=\"_blank\">Pourquoi vous devez soutenir l\u2019initiative Senenews Premium?<\/a><\/p>\n","protected":false},"excerpt":{"rendered":"Naha Mint Harouna fait actuellement parler d\u2019elle au S\u00e9n\u00e9gal, pour des raisons que nous pr\u00e9f\u00e9rons garder secr\u00e8tes pour&hellip;\n","protected":false},"author":2,"featured_media":188,"comment_status":"","ping_status":"","sticky":false,"template":"","format":"standard","meta":{"footnotes":""},"categories":[48],"tags":[247,161,246,248,159,163],"class_list":{"0":"post-187","1":"post","2":"type-post","3":"status-publish","4":"format-standard","5":"has-post-thumbnail","7":"category-senegal","8":"tag-afrique-actualite","9":"tag-articles-premium","10":"tag-naha-mint-harouna","11":"tag-politique","12":"tag-senegal","13":"tag-senegal-actualites"},"share_on_mastodon":{"url":"","error":""},"_links":{"self":[{"href":"https:\/\/www.europesays.com\/africa\/wp-json\/wp\/v2\/posts\/187","targetHints":{"allow":["GET"]}}],"collection":[{"href":"https:\/\/www.europesays.com\/africa\/wp-json\/wp\/v2\/posts"}],"about":[{"href":"https:\/\/www.europesays.com\/africa\/wp-json\/wp\/v2\/types\/post"}],"author":[{"embeddable":true,"href":"https:\/\/www.europesays.com\/africa\/wp-json\/wp\/v2\/users\/2"}],"replies":[{"embeddable":true,"href":"https:\/\/www.europesays.com\/africa\/wp-json\/wp\/v2\/comments?post=187"}],"version-history":[{"count":0,"href":"https:\/\/www.europesays.com\/africa\/wp-json\/wp\/v2\/posts\/187\/revisions"}],"wp:featuredmedia":[{"embeddable":true,"href":"https:\/\/www.europesays.com\/africa\/wp-json\/wp\/v2\/media\/188"}],"wp:attachment":[{"href":"https:\/\/www.europesays.com\/africa\/wp-json\/wp\/v2\/media?parent=187"}],"wp:term":[{"taxonomy":"category","embeddable":true,"href":"https:\/\/www.europesays.com\/africa\/wp-json\/wp\/v2\/categories?post=187"},{"taxonomy":"post_tag","embeddable":true,"href":"https:\/\/www.europesays.com\/africa\/wp-json\/wp\/v2\/tags?post=187"}],"curies":[{"name":"wp","href":"https:\/\/api.w.org\/{rel}","templated":true}]}}