{"id":18796,"date":"2026-01-12T12:59:07","date_gmt":"2026-01-12T12:59:07","guid":{"rendered":"https:\/\/www.europesays.com\/africa\/18796\/"},"modified":"2026-01-12T12:59:07","modified_gmt":"2026-01-12T12:59:07","slug":"le-palais-tente-de-rassurer-sur-la-mysterieuse-maladie-de-mohammed-vi-roi-du-maroc","status":"publish","type":"post","link":"https:\/\/www.europesays.com\/africa\/18796\/","title":{"rendered":"Le palais tente de rassurer sur la myst\u00e9rieuse maladie de Mohammed VI, roi du Maroc"},"content":{"rendered":"<p>Voil\u00e0 des semaines que le souverain est invisible. Son m\u00e9decin personnel sort du silence et \u00e9voque une lombosciatalgie qui impose le repos. Mais ce ne serait pas la seule maladie\u2026<\/p>\n<p class=\"c-paragraph\">Comment va vraiment le roi du Maroc ? La question inqui\u00e8te une nouvelle fois le royaume apr\u00e8s un long mois d\u2019absence du souverain, notamment pendant <a href=\"https:\/\/www.lepoint.fr\/afrique\/football-la-marque-maroc-TRVVNCPOYJGIFJZOVDMIULWLIM\/\" target=\"_self\" rel=\"nofollow noopener\" title=\"https:\/\/www.lepoint.fr\/afrique\/football-la-marque-maroc-TRVVNCPOYJGIFJZOVDMIULWLIM\/\">la Coupe d\u2019Afrique des Nations (CAN), qui se d\u00e9roule sur le sol marocain<\/a> (et sachant que Mohammed VI a toujours \u00e9t\u00e9 fan de foot). Sa derni\u00e8re apparition \u00e0 Duba\u00ef, d\u00e9but d\u00e9cembre, l\u2019avait montr\u00e9 fatigu\u00e9, amaigri et marchant avec beaucoup de difficult\u00e9s, relan\u00e7ant les rumeurs sur son \u00e9tat de sant\u00e9.<\/p>\n<p class=\"c-paragraph\">Rien de grave explique aujourd\u2019hui le palais. \u00ab Sa majest\u00e9 souffre d\u2019une lombosciatalgie m\u00e9canique, associ\u00e9e \u00e0 une contracture musculaire \u00bb indique l\u2019agence officielle marocaine MAP, qui cite le m\u00e9decin personnel du souverain. \u00ab Ces douleurs au niveau du bas du dos n\u00e9cessitent, selon la prescription du m\u00e9decin personnel de Sa Majest\u00e9 le Roi, un traitement m\u00e9dical adapt\u00e9 et une p\u00e9riode de repos fonctionnel \u00bb.<\/p>\n<p class=\"c-paragraph\">On veut bien croire qu\u2019un mal de dos reste extr\u00eamement douloureux, mais un mois sans aucune apparition, pas m\u00eame assis dans une tribune officielle, pose \u00e9videmment question. Sachant que le roi n\u2019a cess\u00e9 de multiplier les p\u00e9pins de sant\u00e9 : op\u00e9r\u00e9 du c\u0153ur \u00e0 Paris en 2018, il a \u00e9t\u00e9 une nouvelle fois hospitalis\u00e9 \u00e0 Rabat en 2020 pour corriger un trouble du rythme cardiaque persistant. Sans oublier une op\u00e9ration de l\u2019\u00e9paule en 2024.<\/p>\n<p class=\"newsletter-subscription__disclaimer\">En vous inscrivant, vous acceptez les <a class=\"c-link newsletter-subscription__legal-link\" href=\"https:\/\/www.lepoint.fr\/html\/cgu\/\" rel=\"nofollow noopener\" target=\"_blank\">conditions g\u00e9n\u00e9rales d&#8217;utilisation<\/a> et notre <a class=\"c-link newsletter-subscription__legal-link\" href=\"https:\/\/www.lepoint.fr\/html\/politique-de-protection-donnees-personnelles\/\" rel=\"nofollow noopener\" target=\"_blank\">politique de confidentialit\u00e9<\/a>.<\/p>\n<p>Maladie auto-immune<\/p>\n<p class=\"c-paragraph\">Selon la presse espagnole, le souverain marocain serait en r\u00e9alit\u00e9 atteint d\u2019une maladie auto-immune qui l\u2019affaiblirait r\u00e9guli\u00e8rement. En 2018, le quotidien <a href=\"https:\/\/www.elmundo.es\/cronica\/2018\/11\/18\/5beff33422601d4e4e8b45e4.html\" target=\"_self\" rel=\"nofollow noopener\" title=\"https:\/\/www.elmundo.es\/cronica\/2018\/11\/18\/5beff33422601d4e4e8b45e4.html\">El Mundo<\/a> \u00e9voquait la sarco\u00efdose, un trouble du syst\u00e8me immunitaire qui peut affecter plusieurs organes, dont les poumons, les reins, les yeux et le c\u0153ur, n\u00e9cessitant parfois un traitement \u00e0 la cortisone.<\/p>\n<p class=\"c-paragraph\">En 2024, <a href=\"https:\/\/www.elconfidencial.com\/mundo\/2024-10-15\/rey-mohamed-marruecos-enfermo_3982891\/\" target=\"_self\" rel=\"nofollow noopener\" title=\"https:\/\/www.elconfidencial.com\/mundo\/2024-10-15\/rey-mohamed-marruecos-enfermo_3982891\/\">El Confidential<\/a> affirmait de son c\u00f4t\u00e9 que le roi, \u00e2g\u00e9 de 62 ans, souffrirait de la maladie de Hashimoto, \u00ab une maladie auto-immune pouvant entra\u00eener une hypothyro\u00efdie et d\u2019une bronchopneumopathie chronique obstructive, qui r\u00e9duit le d\u00e9bit respiratoire et provoque des probl\u00e8mes respiratoires \u00bb. Autant de pathologies inqui\u00e9tantes qui seraient cach\u00e9es par le palais.<\/p>\n<p class=\"c-paragraph\">En attendant la r\u00e9apparition officielle du roi, c\u2019est son fils Moulay El Hassan, 22 ans, qui est mont\u00e9 en premi\u00e8re ligne, repr\u00e9sentant notamment le souverain lors des r\u00e9cents matchs de la CAN. Ces derni\u00e8res ann\u00e9es, il a multipli\u00e9 les sorties, en solo ou accompagn\u00e9 de son p\u00e8re, symbolisant ainsi la continuit\u00e9 monarchique du r\u00e9gime aux yeux des Marocains. Dans les jeux de pouvoir du palais, son influence commencerait \u00e0 se faire sentir : il aurait ainsi pouss\u00e9 pour un retour en gr\u00e2ce de sa m\u00e8re, <a href=\"https:\/\/www.lepoint.fr\/people\/lalla-salma-du-maroc-la-princesse-fantome-bientot-rehabilitee-23-09-2025-2599328_2116.php\" target=\"_self\" rel=\"nofollow noopener\" title=\"https:\/\/www.lepoint.fr\/people\/lalla-salma-du-maroc-la-princesse-fantome-bientot-rehabilitee-23-09-2025-2599328_2116.php\">la princesse Lalla Salma, qui avait disparu des radars depuis son divorce<\/a>.<\/p>\n","protected":false},"excerpt":{"rendered":"Voil\u00e0 des semaines que le souverain est invisible. Son m\u00e9decin personnel sort du silence et \u00e9voque une lombosciatalgie&hellip;\n","protected":false},"author":2,"featured_media":18797,"comment_status":"","ping_status":"","sticky":false,"template":"","format":"standard","meta":{"footnotes":""},"categories":[41],"tags":[158,11963],"class_list":{"0":"post-18796","1":"post","2":"type-post","3":"status-publish","4":"format-standard","5":"has-post-thumbnail","7":"category-maroc","8":"tag-maroc","9":"tag-mohammed-vi"},"share_on_mastodon":{"url":"","error":""},"_links":{"self":[{"href":"https:\/\/www.europesays.com\/africa\/wp-json\/wp\/v2\/posts\/18796","targetHints":{"allow":["GET"]}}],"collection":[{"href":"https:\/\/www.europesays.com\/africa\/wp-json\/wp\/v2\/posts"}],"about":[{"href":"https:\/\/www.europesays.com\/africa\/wp-json\/wp\/v2\/types\/post"}],"author":[{"embeddable":true,"href":"https:\/\/www.europesays.com\/africa\/wp-json\/wp\/v2\/users\/2"}],"replies":[{"embeddable":true,"href":"https:\/\/www.europesays.com\/africa\/wp-json\/wp\/v2\/comments?post=18796"}],"version-history":[{"count":0,"href":"https:\/\/www.europesays.com\/africa\/wp-json\/wp\/v2\/posts\/18796\/revisions"}],"wp:featuredmedia":[{"embeddable":true,"href":"https:\/\/www.europesays.com\/africa\/wp-json\/wp\/v2\/media\/18797"}],"wp:attachment":[{"href":"https:\/\/www.europesays.com\/africa\/wp-json\/wp\/v2\/media?parent=18796"}],"wp:term":[{"taxonomy":"category","embeddable":true,"href":"https:\/\/www.europesays.com\/africa\/wp-json\/wp\/v2\/categories?post=18796"},{"taxonomy":"post_tag","embeddable":true,"href":"https:\/\/www.europesays.com\/africa\/wp-json\/wp\/v2\/tags?post=18796"}],"curies":[{"name":"wp","href":"https:\/\/api.w.org\/{rel}","templated":true}]}}