{"id":18862,"date":"2026-01-12T13:41:06","date_gmt":"2026-01-12T13:41:06","guid":{"rendered":"https:\/\/www.europesays.com\/africa\/18862\/"},"modified":"2026-01-12T13:41:06","modified_gmt":"2026-01-12T13:41:06","slug":"la-correlation-entre-administration-et-mediation-en-debat-a-rabat","status":"publish","type":"post","link":"https:\/\/www.europesays.com\/africa\/18862\/","title":{"rendered":"La corr\u00e9lation entre Administration et m\u00e9diation en d\u00e9bat \u00e0 Rabat"},"content":{"rendered":"<p>\t\t\t\t\t L\u2019Institution du M\u00e9diateur du Royaume et l\u2019Universit\u00e9 populaire marocaine ont organis\u00e9, vendredi \u00e0 Rabat, une rencontre plac\u00e9e sous le th\u00e8me &#8220;L\u2019Administration comme horizon de r\u00e9flexion&#8221;. <\/p>\n<p>Les intervenants ont mis en avant l\u2019importance de la d\u00e9mocratisation et du partage du savoir en tant que levier fondamental de tout progr\u00e8s, soulignant le r\u00f4le central de l\u2019Administration dans le respect des droits, la m\u00e9diation et l\u2019\u00e9quit\u00e9 \u00e0 l\u2019\u00e9gard du citoyen, dans la perspective de l\u2019\u00e9dification d\u2019une Administration de proximit\u00e9, juste et sujette \u00e0 la reddition des comptes. <\/p>\n<p>Prenant la parole, le M\u00e9diateur du Royaume, Hassan Tariq, a indiqu\u00e9 que cette rencontre s\u2019inscrit dans le cadre d\u2019une coop\u00e9ration engag\u00e9e depuis septembre 2025 avec l\u2019Universit\u00e9 populaire marocaine, traduisant une volont\u00e9 commune de promouvoir une dynamique p\u00e9renne de r\u00e9flexion intellectuelle et de dialogue institutionnel. <\/p>\n<p>Cet \u00e9v\u00e9nement rev\u00eat une port\u00e9e symbolique particuli\u00e8re en ce qu\u2019il inaugure les activit\u00e9s de l\u2019Institution au titre 2026, proclam\u00e9e &#8220;Ann\u00e9e de la m\u00e9diation administrative&#8221;, \u00e0 l\u2019occasion du 25e anniversaire du lancement de l\u2019exp\u00e9rience de la m\u00e9diation institutionnelle au Maroc et suite \u00e0 la Haute Approbation Royale consacrant le 9 d\u00e9cembre Journ\u00e9e nationale de la m\u00e9diation administrative, a-t-il soulign\u00e9. <\/p>\n<p>M. Tariq a \u00e9galement relev\u00e9 que l\u2019Institution du M\u00e9diateur, en tant qu\u2019instance de gouvernance et structure de r\u00e9f\u00e9rence, se situe au carrefour des normes juridiques et des pratiques de terrain, ajoutant que sa double mission constitutionnelle, ax\u00e9e sur la protection des droits et la promotion des valeurs de moralisation et de transparence, l\u2019am\u00e8ne ainsi \u00e0 jouer un r\u00f4le actif dans le d\u00e9bat public et \u00e0 ouvrir des espaces de r\u00e9flexion autour de l\u2019am\u00e9lioration et de la modernisation des services publics. <\/p>\n<p>De son c\u00f4t\u00e9, Idriss Khrouz, professeur de sciences \u00e9conomiques \u00e0 l\u2019Universit\u00e9 Mohammed V de Rabat, a abord\u00e9 la notion d\u2019administration dans une acception \u00e9largie, la qualifiant de &#8220;projet soci\u00e9tal&#8221; d\u00e9passant la seule dimension technique ou professionnelle pour s\u2019inscrire comme une mise en pratique de la pens\u00e9e critique au service de la citoyennet\u00e9, dans le cadre d\u2019un projet d\u00e9mocratique global. <\/p>\n<p>Il a insist\u00e9 sur la n\u00e9cessit\u00e9 d\u2019appr\u00e9hender l\u2019Administration en tant que processus rationnel et m\u00e9canisme de gouvernance au sens politique profond, \u00e9troitement li\u00e9 \u00e0 l\u2019efficacit\u00e9 \u00e9conomique, pr\u00e9cisant que la rencontre s\u2019articule autour de deux axes majeurs: la corr\u00e9lation entre les ressources \u00e9conomiques et les services publics, d\u2019une part, et la rationalisation des m\u00e9thodes de gestion administrative, de l\u2019autre. <\/p>\n<p>Pour sa part, le pr\u00e9sident de l\u2019Universit\u00e9 populaire marocaine, Mustapha Merizak, a affirm\u00e9 que la r\u00e9flexion sur l\u2019Administration constitue, dans son essence, une r\u00e9flexion sur &#8220;l\u2019\u00eatre humain, le droit et la justice sociale&#8221;, \u00e9mettant le v\u0153u de voir ce d\u00e9bat collectif contribuer \u00e0 l\u2019enrichissement des r\u00f4les de l\u2019administration et de la soci\u00e9t\u00e9 civile au service de l\u2019int\u00e9r\u00eat g\u00e9n\u00e9ral. <\/p>\n<p>La rencontre a \u00e9t\u00e9 marqu\u00e9e par un hommage \u00e0 M. Idriss Khrouz, ancien directeur de la Biblioth\u00e8que nationale, en reconnaissance de son parcours acad\u00e9mique et de ses contributions remarquables \u00e0 la promotion du dialogue, de la d\u00e9mocratisation du savoir et du pluralisme culturel au Maroc.\n\t\t\t\t <\/p>\n","protected":false},"excerpt":{"rendered":"L\u2019Institution du M\u00e9diateur du Royaume et l\u2019Universit\u00e9 populaire marocaine ont organis\u00e9, vendredi \u00e0 Rabat, une rencontre plac\u00e9e sous&hellip;\n","protected":false},"author":2,"featured_media":18863,"comment_status":"","ping_status":"","sticky":false,"template":"","format":"standard","meta":{"footnotes":""},"categories":[41],"tags":[12013,12014,158,12015,724],"class_list":{"0":"post-18862","1":"post","2":"type-post","3":"status-publish","4":"format-standard","5":"has-post-thumbnail","7":"category-maroc","8":"tag-administration","9":"tag-correlation","10":"tag-maroc","11":"tag-mediation","12":"tag-rabat"},"share_on_mastodon":{"url":"","error":""},"_links":{"self":[{"href":"https:\/\/www.europesays.com\/africa\/wp-json\/wp\/v2\/posts\/18862","targetHints":{"allow":["GET"]}}],"collection":[{"href":"https:\/\/www.europesays.com\/africa\/wp-json\/wp\/v2\/posts"}],"about":[{"href":"https:\/\/www.europesays.com\/africa\/wp-json\/wp\/v2\/types\/post"}],"author":[{"embeddable":true,"href":"https:\/\/www.europesays.com\/africa\/wp-json\/wp\/v2\/users\/2"}],"replies":[{"embeddable":true,"href":"https:\/\/www.europesays.com\/africa\/wp-json\/wp\/v2\/comments?post=18862"}],"version-history":[{"count":0,"href":"https:\/\/www.europesays.com\/africa\/wp-json\/wp\/v2\/posts\/18862\/revisions"}],"wp:featuredmedia":[{"embeddable":true,"href":"https:\/\/www.europesays.com\/africa\/wp-json\/wp\/v2\/media\/18863"}],"wp:attachment":[{"href":"https:\/\/www.europesays.com\/africa\/wp-json\/wp\/v2\/media?parent=18862"}],"wp:term":[{"taxonomy":"category","embeddable":true,"href":"https:\/\/www.europesays.com\/africa\/wp-json\/wp\/v2\/categories?post=18862"},{"taxonomy":"post_tag","embeddable":true,"href":"https:\/\/www.europesays.com\/africa\/wp-json\/wp\/v2\/tags?post=18862"}],"curies":[{"name":"wp","href":"https:\/\/api.w.org\/{rel}","templated":true}]}}