{"id":1887,"date":"2026-01-04T03:57:30","date_gmt":"2026-01-04T03:57:30","guid":{"rendered":"https:\/\/www.europesays.com\/africa\/1887\/"},"modified":"2026-01-04T03:57:30","modified_gmt":"2026-01-04T03:57:30","slug":"can-2025-larbitre-dalgerie","status":"publish","type":"post","link":"https:\/\/www.europesays.com\/africa\/1887\/","title":{"rendered":"CAN 2025 : l&#8217;arbitre d&#8217;Alg\u00e9rie"},"content":{"rendered":"<p>C&#8217;est le genre de rendez-vous o\u00f9 les pulsations cardiaques vont s&#8217;emballer ! Ce mardi 6 janvier, \u00e0 17h, le stade de Rabat sera le th\u00e9\u00e2tre d\u2019un huiti\u00e8me de finale de la CAN 2025 aux allures de finale avant la lettre. Entre des Fennecs en qu\u00eate de rachat et des L\u00e9opards affam\u00e9s, la tension promet d&#8217;\u00eatre \u00e0 son comble.<\/p>\n<p>Dans ce climat bouillant, une question br\u00fblait toutes les l\u00e8vres, qui allait h\u00e9riter de la lourde t\u00e2che de faire respecter la loi sur le pr\u00e9 ? La Conf\u00e9d\u00e9ration africaine de football (CAF) a tranch\u00e9, et elle n&#8217;a pas laiss\u00e9 de place \u00e0 l&#8217;improvisation. Pour diriger ce sommet, c&#8217;est un visage bien connu du football africain qui a \u00e9t\u00e9 d\u00e9sign\u00e9 : l\u2019\u00c9gyptien Mohamed Ma\u00e2rouf.<\/p>\n<p>\u00c0 lire aussiL&#8217;exp\u00e9rience au sifflet<\/p>\n<p>International depuis 2014, l&#8217;officier de 37 ans n&#8217;en est pas \u00e0 son coup d&#8217;essai avec les Verts. Les supporters alg\u00e9riens se souviennent notamment de lui lors de la victoire autoritaire de l&#8217;Alg\u00e9rie face \u00e0 la Tunisie (2-0) en 2021. Pour ce duel \u00e0 quitte ou double, Ma\u00e2rouf ne sera pas seul. Il sera \u00e9paul\u00e9 par ses compatriotes Mahmoud Abou El-Regal et Ahmed Hossam Taha sur les ailes.<\/p>\n<p>La s\u00e9curit\u00e9 technologique sera, elle aussi, entre des mains exp\u00e9riment\u00e9es puisque Mahmoud Achour sera aux commandes de la VAR. Un dispositif complet pour s&#8217;assurer que, dans la fournaise de Rabat, seul le football soit le grand vainqueur. Rendez-vous mardi \u00e0 17h pour le 8e de finale le plus excitant du tournoi.<\/p>\n<p>   Partagez cette info avec vos amis et vos proches en cliquant ici<br \/> Pour r\u00e9sumer<\/p>\n<p>Alg\u00e9rie vs RD Congo s\u2019affrontent en 8e de finale de la CAN 2025 ce mardi 6 janvier \u00e0 17h \u00e0 Rabat. L\u2019arbitre \u00e9gyptien Mohamed Ma\u00e2rouf (assist\u00e9 de la VAR) dirigera ce choc tendu, avec l\u2019exp\u00e9rience pour garantir un match \u00e9quitable.<\/p>\n<p>R\u00e9dacteur<\/p>\n<p><img decoding=\"async\" width=\"76\" height=\"76\" loading=\"lazy\" src=\"https:\/\/www.europesays.com\/africa\/wp-content\/uploads\/2026\/01\/logo-antoine-chirat.jpg\" alt=\"Antoine Chirat\"\/><\/p>\n","protected":false},"excerpt":{"rendered":"C&#8217;est le genre de rendez-vous o\u00f9 les pulsations cardiaques vont s&#8217;emballer ! Ce mardi 6 janvier, \u00e0 17h,&hellip;\n","protected":false},"author":2,"featured_media":1888,"comment_status":"","ping_status":"","sticky":false,"template":"","format":"standard","meta":{"footnotes":""},"categories":[254],"tags":[255,360],"class_list":{"0":"post-1887","1":"post","2":"type-post","3":"status-publish","4":"format-standard","5":"has-post-thumbnail","7":"category-algerie","8":"tag-algerie","9":"tag-can"},"share_on_mastodon":{"url":"","error":""},"_links":{"self":[{"href":"https:\/\/www.europesays.com\/africa\/wp-json\/wp\/v2\/posts\/1887","targetHints":{"allow":["GET"]}}],"collection":[{"href":"https:\/\/www.europesays.com\/africa\/wp-json\/wp\/v2\/posts"}],"about":[{"href":"https:\/\/www.europesays.com\/africa\/wp-json\/wp\/v2\/types\/post"}],"author":[{"embeddable":true,"href":"https:\/\/www.europesays.com\/africa\/wp-json\/wp\/v2\/users\/2"}],"replies":[{"embeddable":true,"href":"https:\/\/www.europesays.com\/africa\/wp-json\/wp\/v2\/comments?post=1887"}],"version-history":[{"count":0,"href":"https:\/\/www.europesays.com\/africa\/wp-json\/wp\/v2\/posts\/1887\/revisions"}],"wp:featuredmedia":[{"embeddable":true,"href":"https:\/\/www.europesays.com\/africa\/wp-json\/wp\/v2\/media\/1888"}],"wp:attachment":[{"href":"https:\/\/www.europesays.com\/africa\/wp-json\/wp\/v2\/media?parent=1887"}],"wp:term":[{"taxonomy":"category","embeddable":true,"href":"https:\/\/www.europesays.com\/africa\/wp-json\/wp\/v2\/categories?post=1887"},{"taxonomy":"post_tag","embeddable":true,"href":"https:\/\/www.europesays.com\/africa\/wp-json\/wp\/v2\/tags?post=1887"}],"curies":[{"name":"wp","href":"https:\/\/api.w.org\/{rel}","templated":true}]}}