{"id":1889,"date":"2026-01-04T03:58:06","date_gmt":"2026-01-04T03:58:06","guid":{"rendered":"https:\/\/www.europesays.com\/africa\/1889\/"},"modified":"2026-01-04T03:58:06","modified_gmt":"2026-01-04T03:58:06","slug":"senegal-don-de-sang-pastef-kedougou-mobilise-et-recueille-90-poches","status":"publish","type":"post","link":"https:\/\/www.europesays.com\/africa\/1889\/","title":{"rendered":"S\u00e9n\u00e9gal: Don de sang &#8211; Pastef\/K\u00e9dougou mobilise et recueille 90 poches"},"content":{"rendered":"<p class=\"story-body-text\" data-para-word-count=\"38\">\u00c0 l&#8217;issue de deux journ\u00e9es de collecte de sang organis\u00e9es par Pastef\/K\u00e9dougou, en collaboration avec l&#8217;h\u00f4pital r\u00e9gional Amath Dansokho, 90 poches de sang ont \u00e9t\u00e9 recueillies. Un r\u00e9sultat jug\u00e9 exceptionnel dans une r\u00e9gion confront\u00e9e \u00e0 une p\u00e9nurie chronique.<\/p>\n<p class=\"story-body-text\" data-para-word-count=\"77\">Le coordonnateur communal de Pastef\/K\u00e9dougou, Oumar Diop inscrit cette action dans une d\u00e9marche plus large de mobilisation politique et sociale, r\u00e9pondant aux orientations du leader de leur parti, Ousmane Sonko. \u00ab Au-del\u00e0 de l&#8217;animation militante, nous avons voulu r\u00e9pondre \u00e0 un besoin vital des populations : sauver des vies. Cette collecte marque ainsi le lancement d&#8217;un plan d&#8217;actions plus vaste, incluant la redynamisation des cellules, l&#8217;installation de nouvelles structures locales et des actions de proximit\u00e9 \u00bb souligne-t-il.<\/p>\n<p class=\"story-body-text\" data-para-word-count=\"19\">Oumar Diop a aussi salu\u00e9 la forte participation des b\u00e9n\u00e9voles et l&#8217;implication de tous les responsables locaux du parti.<\/p>\n<p class=\"story-body-text\" style=\"text-align: center;\">\n<p>Suivez-nous sur <a href=\"https:\/\/whatsapp.com\/channel\/0029Vae09IP4inotqC0BUQ2V\" target=\"_blank\" rel=\"nofollow noopener\">WhatsApp<\/a> | <a href=\"https:\/\/www.linkedin.com\/company\/allafrica\/\" target=\"_blank\" rel=\"nofollow noopener\">LinkedIn<\/a> pour les derniers titres<\/p>\n<p class=\"story-body-text\" data-para-word-count=\"79\">Charg\u00e9 de la coordination des activit\u00e9s de don de sang au sein de l&#8217;h\u00f4pital r\u00e9gional de K\u00e9dougou, Mame Cheikh Niang, assistant social, salue une initiative \u00ab noble et salvatrice \u00bb. Selon lui, la r\u00e9gion reste fortement expos\u00e9e aux accidents de la route et aux urgences obst\u00e9tricales, notamment chez des femmes enceintes souffrant d&#8217;an\u00e9mie s\u00e9v\u00e8re. \u00ab Chaque intervention chirurgicale, chaque accident grave n\u00e9cessite du sang. Or, en temps normal, nos collectes peinent \u00e0 d\u00e9passer 15 ou 20 poches \u00bb, explique-t-il.<\/p>\n<p class=\"story-body-text\" data-para-word-count=\"40\">Cette fois, la dynamique a \u00e9t\u00e9 toute autre. 51 poches ont \u00e9t\u00e9 collect\u00e9es le premier jour et 39 le second, portant le total \u00e0 90. \u00ab C&#8217;est un chiffre rarement atteint, m\u00eame lors des collectes men\u00e9es avec les soci\u00e9t\u00e9s mini\u00e8res.<\/p>\n<p class=\"story-body-text\" data-para-word-count=\"90\">Ce succ\u00e8s est le fruit d&#8217;une mobilisation rapide, disciplin\u00e9e et efficace, malgr\u00e9 un d\u00e9lai de pr\u00e9paration inf\u00e9rieur \u00e0 une semaine \u00bb a confort\u00e9 Mame Cheikh Niang, Il y voit ainsi l&#8217;expression concr\u00e8te du patriotisme et du don de soi, valeurs qu&#8217;il associe \u00e0 l&#8217;engagement citoyen et \u00e0 l&#8217;id\u00e9ologie du parti initiateur. Il a salu\u00e9 \u00e9galement la qualit\u00e9 de l&#8217;organisation et la discipline des donneurs, malgr\u00e9 un d\u00e9lai de pr\u00e9paration tr\u00e8s court, \u00ab Si l&#8217;activit\u00e9 avait \u00e9t\u00e9 programm\u00e9e plus longtemps \u00e0 l&#8217;avance, les r\u00e9sultats auraient \u00e9t\u00e9 encore plus impressionnants \u00bb, estime-t-il.<\/p>\n","protected":false},"excerpt":{"rendered":"\u00c0 l&#8217;issue de deux journ\u00e9es de collecte de sang organis\u00e9es par Pastef\/K\u00e9dougou, en collaboration avec l&#8217;h\u00f4pital r\u00e9gional Amath&hellip;\n","protected":false},"author":2,"featured_media":198,"comment_status":"","ping_status":"","sticky":false,"template":"","format":"standard","meta":{"footnotes":""},"categories":[48],"tags":[63,83,265,262,1988,96,261,159,264,263,266,325],"class_list":{"0":"post-1889","1":"post","2":"type-post","3":"status-publish","4":"format-standard","5":"has-post-thumbnail","7":"category-senegal","8":"tag-africa","9":"tag-business","10":"tag-current-events","11":"tag-economy","12":"tag-health-and-medicine","13":"tag-news","14":"tag-politics","15":"tag-senegal","16":"tag-sports","17":"tag-trade","18":"tag-travel","19":"tag-west-africa"},"share_on_mastodon":{"url":"","error":""},"_links":{"self":[{"href":"https:\/\/www.europesays.com\/africa\/wp-json\/wp\/v2\/posts\/1889","targetHints":{"allow":["GET"]}}],"collection":[{"href":"https:\/\/www.europesays.com\/africa\/wp-json\/wp\/v2\/posts"}],"about":[{"href":"https:\/\/www.europesays.com\/africa\/wp-json\/wp\/v2\/types\/post"}],"author":[{"embeddable":true,"href":"https:\/\/www.europesays.com\/africa\/wp-json\/wp\/v2\/users\/2"}],"replies":[{"embeddable":true,"href":"https:\/\/www.europesays.com\/africa\/wp-json\/wp\/v2\/comments?post=1889"}],"version-history":[{"count":0,"href":"https:\/\/www.europesays.com\/africa\/wp-json\/wp\/v2\/posts\/1889\/revisions"}],"wp:featuredmedia":[{"embeddable":true,"href":"https:\/\/www.europesays.com\/africa\/wp-json\/wp\/v2\/media\/198"}],"wp:attachment":[{"href":"https:\/\/www.europesays.com\/africa\/wp-json\/wp\/v2\/media?parent=1889"}],"wp:term":[{"taxonomy":"category","embeddable":true,"href":"https:\/\/www.europesays.com\/africa\/wp-json\/wp\/v2\/categories?post=1889"},{"taxonomy":"post_tag","embeddable":true,"href":"https:\/\/www.europesays.com\/africa\/wp-json\/wp\/v2\/tags?post=1889"}],"curies":[{"name":"wp","href":"https:\/\/api.w.org\/{rel}","templated":true}]}}