{"id":18904,"date":"2026-01-12T14:10:06","date_gmt":"2026-01-12T14:10:06","guid":{"rendered":"https:\/\/www.europesays.com\/africa\/18904\/"},"modified":"2026-01-12T14:10:06","modified_gmt":"2026-01-12T14:10:06","slug":"ouahbi-sentretint-a-bruxelles-avec-son-homologue-belge-du-renforcement-de-la-cooperation-juridique-et-judiciaire","status":"publish","type":"post","link":"https:\/\/www.europesays.com\/africa\/18904\/","title":{"rendered":"Ouahbi s&#8217;entretint \u00e0 Bruxelles avec son homologue belge du renforcement de la coop\u00e9ration juridique et judiciaire"},"content":{"rendered":"<p>A cette occasion, les deux ministres ont soulign\u00e9 la solidit\u00e9 du partenariat unissant le Maroc et la Belgique, ainsi que leur volont\u00e9 commune de consolider la coop\u00e9ration judiciaire au service de l\u2019Etat de droit et en r\u00e9ponse aux d\u00e9fis actuels, notamment ceux li\u00e9s \u00e0 la criminalit\u00e9 transfrontali\u00e8re. <\/p>\n<p>Les discussions ont \u00e9galement permis de mettre en exergue l\u2019importance du renforcement de la coop\u00e9ration dans la lutte contre la criminalit\u00e9 organis\u00e9e, en particulier les r\u00e9seaux criminels transnationaux, les trafics illicites et le blanchiment de capitaux, \u00e0 travers le d\u00e9veloppement des m\u00e9canismes de coop\u00e9ration judiciaire, l\u2019\u00e9change d\u2019informations et d\u2019expertises, ainsi que le renforcement de la coordination entre les autorit\u00e9s comp\u00e9tentes des deux Royaumes. <\/p>\n<p>Les deux ministres ont examin\u00e9 aussi les accords d\u2019entraide judiciaire mutuelle (MLA) et les moyens de les actualiser afin d\u2019en am\u00e9liorer l\u2019efficacit\u00e9 et la c\u00e9l\u00e9rit\u00e9 dans le traitement des demandes judiciaires. Ils ont abord\u00e9 \u00e0 ce propos les perspectives de r\u00e9organisation et d\u2019optimisation des proc\u00e9dures de transf\u00e8rement des personnes condamn\u00e9es, dans le respect des l\u00e9gislations nationales et des engagements internationaux en vigueur. <\/p>\n<p>En marge de ces entretiens, un plan d\u2019action conjoint d\u2019une dur\u00e9e de deux ans a \u00e9t\u00e9 sign\u00e9 entre le minist\u00e8re de la Justice du Royaume du Maroc et le minist\u00e8re de la Justice du Royaume de Belgique. <\/p>\n<p>Sign\u00e9 par la Directrice de la coop\u00e9ration et de la communication au minist\u00e8re de la Justice marocain, Rima Lablaili, et la pr\u00e9sidente du Comit\u00e9 de direction du Service public f\u00e9d\u00e9ral (SPF) Justice du Royaume de Belgique, Mathilde Steenbergen, ce plan constitue un programme int\u00e9gr\u00e9 d\u2019activit\u00e9s conjointes visant \u00e0 renforcer la coop\u00e9ration juridique et judiciaire dans plusieurs domaines. <\/p>\n<p>Il s\u2019agit notamment du d\u00e9veloppement des m\u00e9canismes de coop\u00e9ration judiciaire, en particulier en mati\u00e8re p\u00e9nale, du soutien aux efforts conjoints de lutte contre la criminalit\u00e9 organis\u00e9e et transfrontali\u00e8re et de l\u2019\u00e9change d\u2019exp\u00e9riences en mati\u00e8re de modernisation du syst\u00e8me judiciaire et de digitalisation des services judiciaires. <\/p>\n<p>Il est \u00e9galement question du renforcement des programmes de formation et de d\u00e9veloppement des comp\u00e9tences au profit des professionnels de la justice, et de l\u2019am\u00e9lioration des m\u00e9canismes de coordination relatifs au transf\u00e8rement des personnes condamn\u00e9es et \u00e0 l\u2019ex\u00e9cution des d\u00e9cisions judiciaires. <\/p>\n<p>La signature de ce plan d\u2019action illustre l\u2019engagement des deux institutions en faveur d\u2019une coop\u00e9ration op\u00e9rationnelle, durable et fond\u00e9e sur la confiance mutuelle et le partage d\u2019expertises, contribuant ainsi au soutien des r\u00e9formes judiciaires et au renforcement du partenariat strat\u00e9gique entre le Maroc et la Belgique. <\/p>\n<p>Ont pris part \u00e0 ces entretiens, l&#8217;ambassadeur du Maroc aupr\u00e8s du Royaume de Belgique et du Grand-Duch\u00e9 de Luxembourg, Mohammed Amer, la juge de liaison Maroc-Belgique, Imane El Malki et le Directeur des affaires p\u00e9nales et des gr\u00e2ces au minist\u00e8re de la Justice, Hicham Mellati.<\/p>\n","protected":false},"excerpt":{"rendered":"A cette occasion, les deux ministres ont soulign\u00e9 la solidit\u00e9 du partenariat unissant le Maroc et la Belgique,&hellip;\n","protected":false},"author":2,"featured_media":18905,"comment_status":"","ping_status":"","sticky":false,"template":"","format":"standard","meta":{"footnotes":""},"categories":[41],"tags":[554,553,555,556,563,565,560,567,561,557,162,566,564,558,559,158,562,248,239,310,568],"class_list":{"0":"post-18904","1":"post","2":"type-post","3":"status-publish","4":"format-standard","5":"has-post-thumbnail","7":"category-maroc","8":"tag-actualites","9":"tag-actualites-et-infos-au-maroc","10":"tag-actualites-et-infos-mondiale","11":"tag-actualites-marocaines-du-jour","12":"tag-alimentation","13":"tag-analyses","14":"tag-art-de-vivre","15":"tag-chronique","16":"tag-consommation-et-bien-etre","17":"tag-culture","18":"tag-economie","19":"tag-edito","20":"tag-etudes","21":"tag-insolite","22":"tag-loisirs","23":"tag-maroc","24":"tag-mode","25":"tag-politique","26":"tag-societe","27":"tag-sport","28":"tag-tribune"},"share_on_mastodon":{"url":"","error":""},"_links":{"self":[{"href":"https:\/\/www.europesays.com\/africa\/wp-json\/wp\/v2\/posts\/18904","targetHints":{"allow":["GET"]}}],"collection":[{"href":"https:\/\/www.europesays.com\/africa\/wp-json\/wp\/v2\/posts"}],"about":[{"href":"https:\/\/www.europesays.com\/africa\/wp-json\/wp\/v2\/types\/post"}],"author":[{"embeddable":true,"href":"https:\/\/www.europesays.com\/africa\/wp-json\/wp\/v2\/users\/2"}],"replies":[{"embeddable":true,"href":"https:\/\/www.europesays.com\/africa\/wp-json\/wp\/v2\/comments?post=18904"}],"version-history":[{"count":0,"href":"https:\/\/www.europesays.com\/africa\/wp-json\/wp\/v2\/posts\/18904\/revisions"}],"wp:featuredmedia":[{"embeddable":true,"href":"https:\/\/www.europesays.com\/africa\/wp-json\/wp\/v2\/media\/18905"}],"wp:attachment":[{"href":"https:\/\/www.europesays.com\/africa\/wp-json\/wp\/v2\/media?parent=18904"}],"wp:term":[{"taxonomy":"category","embeddable":true,"href":"https:\/\/www.europesays.com\/africa\/wp-json\/wp\/v2\/categories?post=18904"},{"taxonomy":"post_tag","embeddable":true,"href":"https:\/\/www.europesays.com\/africa\/wp-json\/wp\/v2\/tags?post=18904"}],"curies":[{"name":"wp","href":"https:\/\/api.w.org\/{rel}","templated":true}]}}