{"id":18922,"date":"2026-01-12T14:23:06","date_gmt":"2026-01-12T14:23:06","guid":{"rendered":"https:\/\/www.europesays.com\/africa\/18922\/"},"modified":"2026-01-12T14:23:06","modified_gmt":"2026-01-12T14:23:06","slug":"cecilia-revient-sur-son-role-dans-marie-et-momo-video","status":"publish","type":"post","link":"https:\/\/www.europesays.com\/africa\/18922\/","title":{"rendered":"C\u00e9cilia revient sur son r\u00f4le dans Marie et Momo (vid\u00e9o)"},"content":{"rendered":"<p class=\"firstp\">L\u2019actrice Rosa Boissy, plus connue sous le nom de C\u00e9cilia Dioh dans la s\u00e9rie \u00e0 succ\u00e8s \u00ab\u202fMarie et Momo\u202f\u00bb, s\u2019est confi\u00e9e sur le r\u00f4le complexe et machiav\u00e9lique qu\u2019elle y interpr\u00e8te. Dans la s\u00e9rie, elle incarne un personnage si m\u00e9chant que les t\u00e9l\u00e9spectateurs le d\u00e9testent profond\u00e9ment.<\/p>\n<p>\u00ab\u202fJ\u2019ai failli abandonner la s\u00e9rie. Moi-m\u00eame, je restais \u00e9tonn\u00e9e par la m\u00e9chancet\u00e9 de <a href=\"https:\/\/www.senenews.com\/actualites\/serie-marie-et-momo-les-precisions-de-abdoul-wahab-sur-le-role-de-khadija-diallo-video_565729.html\" rel=\"nofollow noopener\" target=\"_blank\">C\u00e9cilia<\/a>. M\u00eame chez moi, on me dit que ce r\u00f4le est vraiment d\u00e9testable\u202f\u00bb, a confi\u00e9 l\u2019actrice, r\u00e9v\u00e9lant les d\u00e9fis psychologiques qu\u2019impose l\u2019interpr\u00e9tation d\u2019un personnage antipathique.<\/p>\n","protected":false},"excerpt":{"rendered":"L\u2019actrice Rosa Boissy, plus connue sous le nom de C\u00e9cilia Dioh dans la s\u00e9rie \u00e0 succ\u00e8s \u00ab\u202fMarie et&hellip;\n","protected":false},"author":2,"featured_media":18923,"comment_status":"","ping_status":"","sticky":false,"template":"","format":"standard","meta":{"footnotes":""},"categories":[48],"tags":[12050,12051,159,163,888,4189],"class_list":{"0":"post-18922","1":"post","2":"type-post","3":"status-publish","4":"format-standard","5":"has-post-thumbnail","7":"category-senegal","8":"tag-cecilia-dioh","9":"tag-marie-et-momo","10":"tag-senegal","11":"tag-senegal-actualites","12":"tag-senenews-people","13":"tag-senenews-tv"},"share_on_mastodon":{"url":"","error":""},"_links":{"self":[{"href":"https:\/\/www.europesays.com\/africa\/wp-json\/wp\/v2\/posts\/18922","targetHints":{"allow":["GET"]}}],"collection":[{"href":"https:\/\/www.europesays.com\/africa\/wp-json\/wp\/v2\/posts"}],"about":[{"href":"https:\/\/www.europesays.com\/africa\/wp-json\/wp\/v2\/types\/post"}],"author":[{"embeddable":true,"href":"https:\/\/www.europesays.com\/africa\/wp-json\/wp\/v2\/users\/2"}],"replies":[{"embeddable":true,"href":"https:\/\/www.europesays.com\/africa\/wp-json\/wp\/v2\/comments?post=18922"}],"version-history":[{"count":0,"href":"https:\/\/www.europesays.com\/africa\/wp-json\/wp\/v2\/posts\/18922\/revisions"}],"wp:featuredmedia":[{"embeddable":true,"href":"https:\/\/www.europesays.com\/africa\/wp-json\/wp\/v2\/media\/18923"}],"wp:attachment":[{"href":"https:\/\/www.europesays.com\/africa\/wp-json\/wp\/v2\/media?parent=18922"}],"wp:term":[{"taxonomy":"category","embeddable":true,"href":"https:\/\/www.europesays.com\/africa\/wp-json\/wp\/v2\/categories?post=18922"},{"taxonomy":"post_tag","embeddable":true,"href":"https:\/\/www.europesays.com\/africa\/wp-json\/wp\/v2\/tags?post=18922"}],"curies":[{"name":"wp","href":"https:\/\/api.w.org\/{rel}","templated":true}]}}