{"id":18945,"date":"2026-01-12T14:36:11","date_gmt":"2026-01-12T14:36:11","guid":{"rendered":"https:\/\/www.europesays.com\/africa\/18945\/"},"modified":"2026-01-12T14:36:11","modified_gmt":"2026-01-12T14:36:11","slug":"joueurs-staffs-journalistes-la-caf-ouvre-des-enquetes-apres-des-incidents-en-marge-dalgerie-nigeria-et-de-cameroun-maroc","status":"publish","type":"post","link":"https:\/\/www.europesays.com\/africa\/18945\/","title":{"rendered":"joueurs, staffs, journalistes&#8230; la CAF ouvre des enqu\u00eates apr\u00e8s des incidents en marge d&#8217;Alg\u00e9rie-Nigeria et de Cameroun-Maroc"},"content":{"rendered":"<p>Deux jours apr\u00e8s les diff\u00e9rents incidents en marge de Cameroun-Maroc et Alg\u00e9rie-Nigeria, la Conf\u00e9d\u00e9ration africaine de football (CAF) a annonc\u00e9 ce lundi avoir saisi son Conseil de discipline pour une enqu\u00eate. Des mesures disciplinaires pourraient \u00eatre prises dans les prochains jours ou semaines.<\/p>\n<p>La CAF ne laissera passer aucun d\u00e9bordement. Ce lundi, la Conf\u00e9d\u00e9ration africaine de football a confirm\u00e9 avoir saisi son Conseil de discipline pour <a href=\"https:\/\/rmcsport.bfmtv.com\/football\/coupe-d-afrique-des-nations\/can-2025-la-caf-va-enqueter-sur-les-incidents-autour-du-match-algerie-nigeria_AP-202601110329.html\" title=\"CAN 2025: la CAF va enqu\u00eater sur les incidents autour du match Alg\u00e9rie-Nigeria\" class=\"internal_link\" rel=\"nofollow noopener\" target=\"_blank\">l&#8217;ouverture d&#8217;une enqu\u00eate en raison du &#8220;comportement potentiellement inacceptable<\/a> de la part de certains joueurs et officiels&#8221; des quarts de finale de la CAN 2025 Cameroun-Maroc et Alg\u00e9rie-Nigeria.<\/p>\n<p>&#8220;La CAF a saisi le Conseil de discipline pour enqu\u00eate et a demand\u00e9 que des mesures appropri\u00e9es soient prises si les personnes identifi\u00e9es \u00e9taient reconnues coupables d&#8217;actes r\u00e9pr\u00e9hensibles, a pr\u00e9cis\u00e9 l&#8217;instance. La CAF examine \u00e9galement les images d&#8217;un incident impliquant des membres des m\u00e9dias qui auraient eu un comportement inappropri\u00e9 dans la zone mixte.&#8221;<\/p>\n<p>Un quart de finale sous haute tension<\/p>\n<p>\u00c0 la fin du match entre l&#8217;Alg\u00e9rie et le Nigeria, <a href=\"https:\/\/rmcsport.bfmtv.com\/football\/coupe-d-afrique-des-nations\/algerie-nigeria-luca-zidane-excede-arbitre-sous-escorte-echauffourees-en-tribunes-grosses-tensions-au-coup-de-sifflet-final_AV-202601100358.html\" title=\"Alg\u00e9rie-Nigeria: Luca Zidane exc\u00e9d\u00e9, arbitre sous escorte, \u00e9chauffour\u00e9es en tribunes... grosses tensions au coup de sifflet final\" class=\"internal_link\" rel=\"nofollow noopener\" target=\"_blank\">des \u00e9chauffour\u00e9es ont \u00e9clat\u00e9 sur le terrain<\/a> entre les joueurs, l&#8217;arbitre de la rencontre ayant d\u00fb \u00eatre escort\u00e9 par la s\u00e9curit\u00e9 pour quitter la pelouse. D&#8217;apr\u00e8s des vid\u00e9os largement relay\u00e9es sur les r\u00e9seaux sociaux, plusieurs joueurs alg\u00e9riens auraient \u00e9galement alpagu\u00e9 ouvertement l&#8217;arbitre dans le tunnel du stade pour lui faire savoir leur frustration concernant certaines de ses d\u00e9cisions.<\/p>\n<p>En tribune, quelques tensions ont \u00e9t\u00e9 aussi \u00e0 noter, avec des supporters des Fennecs qui auraient tent\u00e9 d&#8217;entrer sur la pelouse. <a href=\"https:\/\/rmcsport.bfmtv.com\/football\/coupe-d-afrique-des-nations\/algerie-nigeria-de-grosses-tensions-entre-journalistes-en-zone-mixte-apres-le-match-la-securite-obligee-d-intervenir_AV-202601100372.html\" title=\"Alg\u00e9rie-Nigeria: de grosses tensions entre journalistes en zone mixte apr\u00e8s le match, la s\u00e9curit\u00e9 oblig\u00e9e d&#039;intervenir\" class=\"internal_link\" rel=\"nofollow noopener\" target=\"_blank\">L&#8217;ambiance \u00e9tait toute aussi tendue en zone mixte<\/a>, puisque les forces de s\u00e9curit\u00e9 de la CAF ont m\u00eame \u00e9t\u00e9 forc\u00e9es d&#8217;intervenir. D&#8217;o\u00f9 le besoin d&#8217;explications de la CAF, <a href=\"https:\/\/rmcsport.bfmtv.com\/football\/coupe-d-afrique-des-nations\/can-2025-la-caf-va-enqueter-sur-les-incidents-autour-du-match-algerie-nigeria_AP-202601110329.html\" title=\"CAN 2025: la CAF va enqu\u00eater sur les incidents autour du match Alg\u00e9rie-Nigeria\" class=\"internal_link\" rel=\"nofollow noopener\" target=\"_blank\">comme l&#8217;avait annonc\u00e9 RMC Sport ce dimanche<\/a>.<\/p>\n<p>&#8220;La CAF condamne fermement tout comportement inappropri\u00e9 survenant pendant les matchs, en particulier ceux visant l&#8217;\u00e9quipe arbitrale ou les organisateurs, a-t-elle ajout\u00e9 dans son communiqu\u00e9. Des mesures appropri\u00e9es seront prises \u00e0 l&#8217;encontre de toute personne dont le comportement est contraire \u00e0 la d\u00e9ontologie lors des \u00e9v\u00e9nements de la CAF.&#8221;<\/p>\n<p>Sans aller aussi loin, le match Maroc-Cameroun a provoqu\u00e9 aussi la col\u00e8re des joueurs et dirigeants camerounais, reprochant \u00e0 l&#8217;arbitre de la rencontre, <a href=\"https:\/\/rmcsport.bfmtv.com\/football\/coupe-d-afrique-des-nations\/c-est-tres-tres-flagrant-mbeumo-ne-comprend-pas-le-penalty-non-siffle-pour-le-cameroun-face-au-maroc_AV-202601100158.html\" title=\"&quot;C\u2019est tr\u00e8s, tr\u00e8s flagrant&quot;: Mbeumo ne comprend pas le penalty non siffl\u00e9 pour le Cameroun face au Maroc\" class=\"internal_link\" rel=\"nofollow noopener\" target=\"_blank\">un p\u00e9nalty oubli\u00e9 apr\u00e8s une faute dans la surface sur Bryan Mbeumo<\/a>.<\/p>\n","protected":false},"excerpt":{"rendered":"Deux jours apr\u00e8s les diff\u00e9rents incidents en marge de Cameroun-Maroc et Alg\u00e9rie-Nigeria, la Conf\u00e9d\u00e9ration africaine de football (CAF)&hellip;\n","protected":false},"author":2,"featured_media":17711,"comment_status":"","ping_status":"","sticky":false,"template":"","format":"standard","meta":{"footnotes":""},"categories":[254],"tags":[255],"class_list":{"0":"post-18945","1":"post","2":"type-post","3":"status-publish","4":"format-standard","5":"has-post-thumbnail","7":"category-algerie","8":"tag-algerie"},"share_on_mastodon":{"url":"","error":""},"_links":{"self":[{"href":"https:\/\/www.europesays.com\/africa\/wp-json\/wp\/v2\/posts\/18945","targetHints":{"allow":["GET"]}}],"collection":[{"href":"https:\/\/www.europesays.com\/africa\/wp-json\/wp\/v2\/posts"}],"about":[{"href":"https:\/\/www.europesays.com\/africa\/wp-json\/wp\/v2\/types\/post"}],"author":[{"embeddable":true,"href":"https:\/\/www.europesays.com\/africa\/wp-json\/wp\/v2\/users\/2"}],"replies":[{"embeddable":true,"href":"https:\/\/www.europesays.com\/africa\/wp-json\/wp\/v2\/comments?post=18945"}],"version-history":[{"count":0,"href":"https:\/\/www.europesays.com\/africa\/wp-json\/wp\/v2\/posts\/18945\/revisions"}],"wp:featuredmedia":[{"embeddable":true,"href":"https:\/\/www.europesays.com\/africa\/wp-json\/wp\/v2\/media\/17711"}],"wp:attachment":[{"href":"https:\/\/www.europesays.com\/africa\/wp-json\/wp\/v2\/media?parent=18945"}],"wp:term":[{"taxonomy":"category","embeddable":true,"href":"https:\/\/www.europesays.com\/africa\/wp-json\/wp\/v2\/categories?post=18945"},{"taxonomy":"post_tag","embeddable":true,"href":"https:\/\/www.europesays.com\/africa\/wp-json\/wp\/v2\/tags?post=18945"}],"curies":[{"name":"wp","href":"https:\/\/api.w.org\/{rel}","templated":true}]}}