{"id":18946,"date":"2026-01-12T14:37:35","date_gmt":"2026-01-12T14:37:35","guid":{"rendered":"https:\/\/www.europesays.com\/africa\/18946\/"},"modified":"2026-01-12T14:37:35","modified_gmt":"2026-01-12T14:37:35","slug":"abdou-karim-gueye-alias-xrum-xax-vient-detre-arrete-voici-la-raison","status":"publish","type":"post","link":"https:\/\/www.europesays.com\/africa\/18946\/","title":{"rendered":"Abdou Karim Gu\u00e8ye alias Xrum Xax vient d&#8217;\u00eatre arr\u00eat\u00e9, voici la raison&#8230;"},"content":{"rendered":"<p class=\"firstp\">L\u2019activiste Abdou Karim Gu\u00e8ye, alias Xrum Xax, a \u00e9t\u00e9 interpell\u00e9 ce lundi par la police devant les locaux de l\u2019unit\u00e9 de la M\u00e9dina\u2013Centrale, rapporte Seneweb.<\/p>\n<p data-start=\"311\" data-end=\"455\">Selon les sources, l\u2019activiste s\u2019\u00e9tait rendu \u00e0 la police pour r\u00e9clamer la lib\u00e9ration de personnes en situation de handicap r\u00e9cemment arr\u00eat\u00e9es.\n<\/p>\n<p data-start=\"457\" data-end=\"689\">Rappelons que sa derni\u00e8re arrestation remonte \u00e0 d\u00e9but d\u00e9cembre 2025, lors d\u2019une distribution de flyers. Il avait \u00e9t\u00e9 lib\u00e9r\u00e9 quelques heures plus tard. L\u2019\u00e9volution de cette affaire sera suivie de pr\u00e8s et relay\u00e9e au fur et \u00e0 mesure.<\/p>\n","protected":false},"excerpt":{"rendered":"L\u2019activiste Abdou Karim Gu\u00e8ye, alias Xrum Xax, a \u00e9t\u00e9 interpell\u00e9 ce lundi par la police devant les locaux&hellip;\n","protected":false},"author":2,"featured_media":18947,"comment_status":"","ping_status":"","sticky":false,"template":"","format":"standard","meta":{"footnotes":""},"categories":[48],"tags":[12066,12067,159,163,239],"class_list":{"0":"post-18946","1":"post","2":"type-post","3":"status-publish","4":"format-standard","5":"has-post-thumbnail","7":"category-senegal","8":"tag-abdou-karim-gueye","9":"tag-alias-xrum-xax","10":"tag-senegal","11":"tag-senegal-actualites","12":"tag-societe"},"share_on_mastodon":{"url":"","error":""},"_links":{"self":[{"href":"https:\/\/www.europesays.com\/africa\/wp-json\/wp\/v2\/posts\/18946","targetHints":{"allow":["GET"]}}],"collection":[{"href":"https:\/\/www.europesays.com\/africa\/wp-json\/wp\/v2\/posts"}],"about":[{"href":"https:\/\/www.europesays.com\/africa\/wp-json\/wp\/v2\/types\/post"}],"author":[{"embeddable":true,"href":"https:\/\/www.europesays.com\/africa\/wp-json\/wp\/v2\/users\/2"}],"replies":[{"embeddable":true,"href":"https:\/\/www.europesays.com\/africa\/wp-json\/wp\/v2\/comments?post=18946"}],"version-history":[{"count":0,"href":"https:\/\/www.europesays.com\/africa\/wp-json\/wp\/v2\/posts\/18946\/revisions"}],"wp:featuredmedia":[{"embeddable":true,"href":"https:\/\/www.europesays.com\/africa\/wp-json\/wp\/v2\/media\/18947"}],"wp:attachment":[{"href":"https:\/\/www.europesays.com\/africa\/wp-json\/wp\/v2\/media?parent=18946"}],"wp:term":[{"taxonomy":"category","embeddable":true,"href":"https:\/\/www.europesays.com\/africa\/wp-json\/wp\/v2\/categories?post=18946"},{"taxonomy":"post_tag","embeddable":true,"href":"https:\/\/www.europesays.com\/africa\/wp-json\/wp\/v2\/tags?post=18946"}],"curies":[{"name":"wp","href":"https:\/\/api.w.org\/{rel}","templated":true}]}}