{"id":19015,"date":"2026-01-12T15:19:06","date_gmt":"2026-01-12T15:19:06","guid":{"rendered":"https:\/\/www.europesays.com\/africa\/19015\/"},"modified":"2026-01-12T15:19:06","modified_gmt":"2026-01-12T15:19:06","slug":"alger-appelle-les-migrants-clandestins-a-rentrer-au-pays","status":"publish","type":"post","link":"https:\/\/www.europesays.com\/africa\/19015\/","title":{"rendered":"Alger appelle les migrants clandestins \u00e0 rentrer au pays"},"content":{"rendered":"<p>Abdelmadjid Tebboune pr\u00f4ne le pardon pour les \u00ab\u00a0harraga\u00a0\u00bb. Ce dispositif de retour pourrait d\u00e9bloquer l\u2019impasse des OQTF avec Paris\u2026 s\u2019il n\u2019est pas qu\u2019un simple coup politique.<\/p>\n<p class=\"c-paragraph paywall\">Sous la ligne des actualit\u00e9s internationales, une \u00e9trange information maghr\u00e9bine retient l\u2019attention : le pr\u00e9sident alg\u00e9rien Abdelmadjid Tebboune appelle, depuis ce dimanche 11 janvier, les \u00ab harraga \u00bb, ces immigr\u00e9s clandestins alg\u00e9riens, \u00e0 rentrer au pays. Cette initiative, qui vise les Alg\u00e9riens en situation irr\u00e9guli\u00e8re \u00e0 l\u2019\u00e9tranger, est pr\u00e9sent\u00e9e \u00e0 Alger comme une mesure \u00ab humaine et responsable \u00bb, mais elle peut r\u00e9sonner en France comme une possible solution inesp\u00e9r\u00e9e pour une partie des <a href=\"https:\/\/www.lepoint.fr\/monde\/les-oqtf-le-nerf-de-la-guerre-dans-les-relations-franco-algeriennes-26-02-2025-2583436_24.php\" target=\"_self\" rel=\"nofollow noopener\" title=\"https:\/\/www.lepoint.fr\/monde\/les-oqtf-le-nerf-de-la-guerre-dans-les-relations-franco-algeriennes-26-02-2025-2583436_24.php\">personnes sous OQTF, que les autorit\u00e9s fran\u00e7aises peinent \u00e0 expulser<\/a> et \u00e0 reconduire vers l\u2019Alg\u00e9rie depuis des ann\u00e9es.<\/p>\n<p class=\"c-paragraph\">En 2024, les autorit\u00e9s fran\u00e7aises ont ainsi proc\u00e9d\u00e9 \u00e0 33 754 interpellations de ressortissants alg\u00e9riens en situation irr\u00e9guli\u00e8re et prononc\u00e9 22 426 obligations de quitter le territoire fran\u00e7ais (OQTF) \u00e0 leur encontre, dont seules 2 999 ont \u00e9t\u00e9 effectivement ex\u00e9cut\u00e9es, ce qui fait des Alg\u00e9riens la premi\u00e8re nationalit\u00e9 vis\u00e9e par ces mesures d\u2019\u00e9loignement.<\/p>\n<p class=\"c-paragraph\">Ce point a \u00e9t\u00e9 ajout\u00e9 au communiqu\u00e9 du dernier Conseil du gouvernement alg\u00e9rien, pr\u00e9sid\u00e9 par Abdelmadjid Tebboune, qui \u00e9tait initialement consacr\u00e9 \u00e0 divers dossiers \u00e9conomiques, dont la saison agricole, mais qui a surtout \u00e9t\u00e9 marqu\u00e9 par l\u2019annonce inattendue d\u2019un dispositif exceptionnel pour les jeunes Alg\u00e9riens en situation irr\u00e9guli\u00e8re \u00e0 l\u2019\u00e9tranger. Le texte officiel indique que le pr\u00e9sident \u00ab a lanc\u00e9 un appel aux jeunes Alg\u00e9riens se trouvant \u00e0 l\u2019\u00e9tranger en situation de pr\u00e9carit\u00e9 et irr\u00e9guli\u00e8re, ayant \u00e9t\u00e9 d\u00e9lib\u00e9r\u00e9ment induits en erreur par des individus qui se croyaient capables de nuire \u00e0 la cr\u00e9dibilit\u00e9 de l\u2019\u00c9tat en les instrumentalisant \u00e0 l\u2019\u00e9tranger contre leur pays \u00bb.<\/p>\n<p>55 % des arriv\u00e9es irr\u00e9guli\u00e8res sur les c\u00f4tes espagnoles<\/p>\n<p class=\"c-paragraph\">L\u2019\u00e9migration clandestine, la \u00ab harga \u00bb selon sa d\u00e9signation en Alg\u00e9rie (du verbe \u00ab br\u00fbler \u00bb, c\u2019est-\u00e0-dire se d\u00e9barrasser de ses papiers pour ne pas \u00eatre identifi\u00e9 et reconduit), est depuis des ann\u00e9es une des principales sources de crispation entre la France et l\u2019Alg\u00e9rie, notamment autour de la d\u00e9livrance des <a href=\"https:\/\/www.lepoint.fr\/societe\/exclusif-comment-l-algerie-freine-les-expulsions-depuis-les-centres-de-retention-francais-25-04-2025-2588164_23.php\" target=\"_self\" rel=\"nofollow noopener\" title=\"https:\/\/www.lepoint.fr\/societe\/exclusif-comment-l-algerie-freine-les-expulsions-depuis-les-centres-de-retention-francais-25-04-2025-2588164_23.php\">laissez\u2011passer consulaires n\u00e9cessaires aux expulsions<\/a>.<\/p>\n<p class=\"c-paragraph\">Alger a longtemps refus\u00e9 ou ralenti ces d\u00e9livrances, faisant de ce dossier un levier de pression diplomatique, tandis que Paris voit dans ces d\u00e9parts clandestins un probl\u00e8me de politique int\u00e9rieure nourrissant pol\u00e9miques et tensions \u00e9lectorales. Pour les autorit\u00e9s alg\u00e9riennes, cette \u00e9migration massive incarne \u00e0 la fois un instrument d\u2019expression vis\u2011\u00e0\u2011vis de la France et la preuve d\u2019un \u00e9chec \u00e0 retenir sa jeunesse, avec un co\u00fbt symbolique consid\u00e9rable.<\/p>\n<p class=\"c-paragraph\">Du c\u00f4t\u00e9 europ\u00e9en, les statistiques confirment la persistance du ph\u00e9nom\u00e8ne. Sur les huit premiers mois de 2020, 5 225 Alg\u00e9riens ont \u00e9t\u00e9 d\u00e9tect\u00e9s dans la route de la M\u00e9diterran\u00e9e occidentale et 865 autres sur celle de la M\u00e9diterran\u00e9e centrale. Cela repr\u00e9sentait alors pr\u00e8s de 55 % des arriv\u00e9es irr\u00e9guli\u00e8res sur les c\u00f4tes espagnoles.<\/p>\n<p>\u00ab Nuire \u00e0 la cr\u00e9dibilit\u00e9 de l\u2019\u00c9tat \u00bb<\/p>\n<p class=\"c-paragraph\">Apr\u00e8s des ann\u00e9es de r\u00e9ticence \u00e0 reprendre les personnes \u00ab reconduites \u00bb sur son territoire, Alger formule d\u00e9sormais les termes d\u2019une politique in\u00e9dite, plac\u00e9e sous le signe de \u00ab l\u2019amnistie et du pardon \u00bb. Le nouveau point de vue consiste \u00e0 reconna\u00eetre l\u2019ampleur du probl\u00e8me de l\u2019immigration ill\u00e9gale, tout en l\u2019inscrivant dans le cadre d\u2019une analyse de manipulation politique internationale. Les personnes qui tentent de traverser la M\u00e9diterran\u00e9e pour atteindre l\u2019Europe ne seraient pas seulement motiv\u00e9es par la qu\u00eate de succ\u00e8s d\u2019une vie meilleure, mais \u00e9galement par des r\u00e9seaux cherchant \u00e0 \u00ab nuire \u00e0 la cr\u00e9dibilit\u00e9 de l\u2019\u00c9tat \u00bb.<\/p>\n<p class=\"c-paragraph\">Pour d\u00e9tailler cette politique d\u2019auto\u2011reconduction, le communiqu\u00e9 pr\u00e9cise que \u00ab la plupart de ces jeunes n\u2019ont commis que des infractions l\u00e9g\u00e8res, comme la crainte d\u2019une simple convocation par la police ou la Gendarmerie nationale pour \u00eatre entendus sur des faits li\u00e9s \u00e0 l\u2019ordre public ou d\u2019autres motifs similaires \u00bb.<\/p>\n<p class=\"c-paragraph\">Les autorit\u00e9s affirment que les statistiques de la \u00ab harga \u00bb seraient exag\u00e9r\u00e9es et instrumentalis\u00e9es par des acteurs ext\u00e9rieurs dans une strat\u00e9gie de d\u00e9stabilisation, alors que les retours volontaires seraient, selon cette politique du \u00ab retour volontaire \u00bb, accompagn\u00e9s par les consulats alg\u00e9riens jusqu\u2019\u00e0 la r\u00e9installation au pays.<\/p>\n<p>La France, destination majeure des harraga<\/p>\n<p class=\"c-paragraph\">Concr\u00e8tement, les jeunes migrants clandestins sont invit\u00e9s au \u00ab retour \u00bb avec la promesse de ne subir aucune poursuite \u00e0 leur arriv\u00e9e, \u00e0 condition \u00ab qu\u2019ils s\u2019engagent \u00e0 ne pas r\u00e9cidiver \u00bb. En clair, comme le rel\u00e8vent plusieurs sources journalistiques alg\u00e9riennes, il s\u2019agit aussi de permettre la d\u00e9livrance massive de laissez\u2011passer consulaires pour les Alg\u00e9riens en situation irr\u00e9guli\u00e8re \u00e0 l\u2019\u00e9tranger, notamment en France, tout en encadrant politiquement cette op\u00e9ration. \u00ab Sont exclus de cette mesure les auteurs de crimes de sang, de trafic de drogue, de trafic d\u2019armes, ainsi que toute personne ayant collabor\u00e9 avec des services de s\u00e9curit\u00e9 \u00e9trangers dans le but de porter atteinte \u00e0 sa patrie l\u2019Alg\u00e9rie \u00bb, indique encore le communiqu\u00e9 alg\u00e9rien.<\/p>\n<p class=\"c-paragraph\">Si l\u2019on en d\u00e9duit que l\u2019immigration clandestine alg\u00e9rienne en France est l\u2019une des cibles centrales de cette proc\u00e9dure, ce pays restant une destination majeure des flux de harraga, le scepticisme demeure. Alger renoncera\u2011t\u2011il si facilement \u00e0 un levier de n\u00e9gociation et de pression dans la guerre hybride qu\u2019une partie de la classe politique fran\u00e7aise estime subir sur le terrain migratoire ? Les relations bilat\u00e9rales ont \u00e9t\u00e9 durablement d\u00e9t\u00e9rior\u00e9es par <a href=\"https:\/\/www.lepoint.fr\/politique\/que-contient-la-loi-criminalisant-la-colonisation-francaise-en-algerie-U2AD7ZEGXFECXGCGCNO23YB2RM\/\" target=\"_self\" rel=\"nofollow noopener\" title=\"https:\/\/www.lepoint.fr\/politique\/que-contient-la-loi-criminalisant-la-colonisation-francaise-en-algerie-U2AD7ZEGXFECXGCGCNO23YB2RM\/\">la criminalisation de la colonisation fran\u00e7aise dans le discours officiel alg\u00e9rien<\/a> et par la rupture des tentatives de r\u00e9conciliation politique entre Paris et Alger, ce qui rend cette ouverture sur le retour des migrants clandestins d\u2019autant plus surprenante.<\/p>\n<p class=\"c-paragraph\">Cette annonce soul\u00e8ve enfin une autre interrogation implicite : m\u00eame avec des garanties de retour sans poursuites en Alg\u00e9rie et avec des laissez\u2011passer consulaires d\u00e9livr\u00e9s et encourag\u00e9s par la France, reste la question de la volont\u00e9 des migrants clandestins eux\u2011m\u00eames. Apr\u00e8s avoir affront\u00e9 des dangers et subi des \u00e9preuves lors de leur voyage vers l\u2019Europe, accepteront-ils de rentrer volontairement, m\u00eame si une proc\u00e9dure d\u2019amnistie est propos\u00e9e ? Les r\u00e9actions attendues des principaux concern\u00e9s, ainsi que la mise en \u0153uvre concr\u00e8te de ces promesses par les administrations fran\u00e7aise et alg\u00e9rienne, diront si cette initiative reste un signal politique \u00e9ph\u00e9m\u00e8re, ou se traduit par un v\u00e9ritable mouvement de retour.<\/p>\n","protected":false},"excerpt":{"rendered":"Abdelmadjid Tebboune pr\u00f4ne le pardon pour les \u00ab\u00a0harraga\u00a0\u00bb. Ce dispositif de retour pourrait d\u00e9bloquer l\u2019impasse des OQTF avec&hellip;\n","protected":false},"author":2,"featured_media":19016,"comment_status":"","ping_status":"","sticky":false,"template":"","format":"standard","meta":{"footnotes":""},"categories":[254],"tags":[1834,255],"class_list":{"0":"post-19015","1":"post","2":"type-post","3":"status-publish","4":"format-standard","5":"has-post-thumbnail","7":"category-algerie","8":"tag-abdelmadjid-tebboune","9":"tag-algerie"},"share_on_mastodon":{"url":"","error":""},"_links":{"self":[{"href":"https:\/\/www.europesays.com\/africa\/wp-json\/wp\/v2\/posts\/19015","targetHints":{"allow":["GET"]}}],"collection":[{"href":"https:\/\/www.europesays.com\/africa\/wp-json\/wp\/v2\/posts"}],"about":[{"href":"https:\/\/www.europesays.com\/africa\/wp-json\/wp\/v2\/types\/post"}],"author":[{"embeddable":true,"href":"https:\/\/www.europesays.com\/africa\/wp-json\/wp\/v2\/users\/2"}],"replies":[{"embeddable":true,"href":"https:\/\/www.europesays.com\/africa\/wp-json\/wp\/v2\/comments?post=19015"}],"version-history":[{"count":0,"href":"https:\/\/www.europesays.com\/africa\/wp-json\/wp\/v2\/posts\/19015\/revisions"}],"wp:featuredmedia":[{"embeddable":true,"href":"https:\/\/www.europesays.com\/africa\/wp-json\/wp\/v2\/media\/19016"}],"wp:attachment":[{"href":"https:\/\/www.europesays.com\/africa\/wp-json\/wp\/v2\/media?parent=19015"}],"wp:term":[{"taxonomy":"category","embeddable":true,"href":"https:\/\/www.europesays.com\/africa\/wp-json\/wp\/v2\/categories?post=19015"},{"taxonomy":"post_tag","embeddable":true,"href":"https:\/\/www.europesays.com\/africa\/wp-json\/wp\/v2\/tags?post=19015"}],"curies":[{"name":"wp","href":"https:\/\/api.w.org\/{rel}","templated":true}]}}