{"id":19019,"date":"2026-01-12T15:21:07","date_gmt":"2026-01-12T15:21:07","guid":{"rendered":"https:\/\/www.europesays.com\/africa\/19019\/"},"modified":"2026-01-12T15:21:07","modified_gmt":"2026-01-12T15:21:07","slug":"hakimi-hakimi-quand-neymar-repond-a-lappel-dun-supporter-du-maroc-avant-les-demi-finales-de-la-can-2025","status":"publish","type":"post","link":"https:\/\/www.europesays.com\/africa\/19019\/","title":{"rendered":"\u00ab\u00a0Hakimi,\u00a0Hakimi ! \u00bb\u00a0: quand Neymar r\u00e9pond \u00e0 l\u2019appel d\u2019un supporter du Maroc avant les demi-finales de la CAN 2025"},"content":{"rendered":"<p class=\"paragraph text_align_left lp-f-body-02\">Un nouveau soutien de poids parmi les supporters des Lions de l\u2019Atlas ? Il semblerait que <a href=\"https:\/\/www.leparisien.fr\/sports\/football\/football-pour-15-million-deuros-neymar-soffre-la-replique-de-la-batmobile-de-la-trilogie-de-christopher-nolan-10-01-2026-LOSRQOM6DZGWDB326J74SNTRU4.php\" target=\"_blank\" rel=\"nofollow noopener\">Neymar<\/a> ne soit pas f\u00e2ch\u00e9 avec le <a href=\"https:\/\/www.leparisien.fr\/sports\/football\/maroc\/\" target=\"_self\" rel=\"nofollow noopener\">Maroc<\/a>, au regard d\u2019une vid\u00e9o circulant sur les r\u00e9seaux sociaux depuis dimanche soir. <\/p>\n<p class=\"\">Vendredi, les Marocains se sont qualifi\u00e9s pour le dernier carr\u00e9 de la <a href=\"https:\/\/www.leparisien.fr\/sports\/football\/coupe-d-afrique-des-nations\/\" target=\"_self\" rel=\"nofollow noopener\">Coupe d\u2019Afrique des nations 2025<\/a> \u00e0 la faveur de <a href=\"https:\/\/www.leparisien.fr\/sports\/football\/coupe-d-afrique-des-nations\/maroc-cameroun-2-0-au-rendez-vous-de-leur-can-les-marocains-montent-en-puissance-et-sont-en-demi-finales-09-01-2026-DQHXW265DRHSVDAZBTEN26OGYI.php\" target=\"_self\" rel=\"nofollow noopener\">leur victoire contre le Cameroun (2-0)<\/a>. <a href=\"https:\/\/www.leparisien.fr\/sports\/football\/psg\/merci-psg-neymar-remercie-paris-apres-avoir-recu-un-cadeau-pour-lui-et-toute-sa-famille-20-07-2025-3GGHJT35VBE7TMHGFOPDSUUJ2Y.php\" target=\"_blank\" rel=\"nofollow noopener\">Neymar<\/a>, lui, n\u2019\u00e9tait pas au stade Prince Moulay Abdallah de Rabat, mais il a \u00e9t\u00e9 interpell\u00e9 par un supporter marocain de l\u2019autre c\u00f4t\u00e9 de l\u2019Atlantique.<\/p>\n<p class=\"\">Effectivement, le capitaine de Santos \u00e9tait au Br\u00e9sil. Il \u00e9tait sur les lieux d\u2019une manche de la Coupe du monde de Kings League. Dans un couloir, l\u2019ancien joueur du <a href=\"https:\/\/www.leparisien.fr\/sports\/football\/psg\/\" target=\"_blank\" rel=\"nofollow noopener\">Paris Saint-Germain<\/a> tentait de se frayer un chemin dans la foule lorsqu\u2019il a entendu l\u2019appel d\u2019un fan marocain.<\/p>\n<p>Ancien partenaire d\u2019Hakimi<\/p>\n<p class=\"\">\u00ab Dima Wydad, Neymar, Dima Wydad \u00bb, a r\u00e9p\u00e9t\u00e9 celui-ci. Sous sa casquette, l\u2019international br\u00e9silien s\u2019est retourn\u00e9 pour retrouver l\u2019individu, probablement supporter du Wydad Casablanca. L\u2019ex-Barcelonais a serr\u00e9 la main de son interlocuteur avant de r\u00e9pondre \u00e0 son slogan. \u00ab Hakimi, Hakimi ! \u00bb, a prononc\u00e9 le footballeur de 33 ans.<\/p>\n<p lang=\"fr\" dir=\"ltr\">Neymar s\u2019arr\u00eate et fait \ud835\uddd7\ud835\uddd8\ud835\udde0\ud835\udddc-\ud835\udde7\ud835\udde2\ud835\udde8\ud835\udde5 lorsqu\u2019il entend un marocain scander Dima Wydad.<\/p>\n<p>\ud83d\udde3\ufe0f \u201c Dima Wydad ? \ud835\udde0\ud835\uddd4\ud835\udde5\ud835\udde2\ud835\uddd6, \ud835\udddb\ud835\uddd4\ud835\uddde\ud835\udddc\ud835\udde0\ud835\udddc !!!\u201d<\/p>\n<p>\ud83c\udde7\ud83c\uddf7\ud83c\uddf2\ud83c\udde6 <a href=\"https:\/\/t.co\/nJmgwsrTM6\" rel=\"nofollow\">pic.twitter.com\/nJmgwsrTM6<\/a><\/p>\n<p>\u2014 \u1d0d\u1d0f\u1d1c\u0274\u1d1b\u1d00\u1d0b\u029c\u1d00\u0299 \u0493\u1d0f\u1d0f\u1d1b \ud83c\uddf2\ud83c\udde6 (@MountakhabFoot) <a href=\"https:\/\/twitter.com\/MountakhabFoot\/status\/2010647825563210012?ref_src=twsrc%5Etfw\" rel=\"nofollow noopener\" target=\"_blank\">January 12, 2026<\/a><\/p>\n<p class=\"\">Neymar a c\u00f4toy\u00e9 Achraf Hakimi de l\u2019\u00e9t\u00e9 2021, date de l\u2019arriv\u00e9e du lat\u00e9ral, \u00e0 2023, lorsque le Br\u00e9silien a quitt\u00e9 la capitale fran\u00e7aise pour Al-Hilal et l\u2019Arabie saoudite. Visiblement, il conserve de bons souvenirs de son association avec le capitaine des Lions de l\u2019Atlas, contraint de rentrer pas \u00e0 pas dans cette CAN en raison d\u2019une entorse \u00e0 la cheville gauche survenue d\u00e9but novembre en Ligue des champions.<\/p>\n<p><script async src=\"https:\/\/platform.twitter.com\/widgets.js\" charset=\"utf-8\"><\/script><\/p>\n","protected":false},"excerpt":{"rendered":"Un nouveau soutien de poids parmi les supporters des Lions de l\u2019Atlas ? Il semblerait que Neymar ne&hellip;\n","protected":false},"author":2,"featured_media":19020,"comment_status":"","ping_status":"","sticky":false,"template":"","format":"standard","meta":{"footnotes":""},"categories":[41],"tags":[360,311,158,264],"class_list":{"0":"post-19019","1":"post","2":"type-post","3":"status-publish","4":"format-standard","5":"has-post-thumbnail","7":"category-maroc","8":"tag-can","9":"tag-football","10":"tag-maroc","11":"tag-sports"},"share_on_mastodon":{"url":"","error":""},"_links":{"self":[{"href":"https:\/\/www.europesays.com\/africa\/wp-json\/wp\/v2\/posts\/19019","targetHints":{"allow":["GET"]}}],"collection":[{"href":"https:\/\/www.europesays.com\/africa\/wp-json\/wp\/v2\/posts"}],"about":[{"href":"https:\/\/www.europesays.com\/africa\/wp-json\/wp\/v2\/types\/post"}],"author":[{"embeddable":true,"href":"https:\/\/www.europesays.com\/africa\/wp-json\/wp\/v2\/users\/2"}],"replies":[{"embeddable":true,"href":"https:\/\/www.europesays.com\/africa\/wp-json\/wp\/v2\/comments?post=19019"}],"version-history":[{"count":0,"href":"https:\/\/www.europesays.com\/africa\/wp-json\/wp\/v2\/posts\/19019\/revisions"}],"wp:featuredmedia":[{"embeddable":true,"href":"https:\/\/www.europesays.com\/africa\/wp-json\/wp\/v2\/media\/19020"}],"wp:attachment":[{"href":"https:\/\/www.europesays.com\/africa\/wp-json\/wp\/v2\/media?parent=19019"}],"wp:term":[{"taxonomy":"category","embeddable":true,"href":"https:\/\/www.europesays.com\/africa\/wp-json\/wp\/v2\/categories?post=19019"},{"taxonomy":"post_tag","embeddable":true,"href":"https:\/\/www.europesays.com\/africa\/wp-json\/wp\/v2\/tags?post=19019"}],"curies":[{"name":"wp","href":"https:\/\/api.w.org\/{rel}","templated":true}]}}