{"id":19040,"date":"2026-01-12T15:33:09","date_gmt":"2026-01-12T15:33:09","guid":{"rendered":"https:\/\/www.europesays.com\/africa\/19040\/"},"modified":"2026-01-12T15:33:09","modified_gmt":"2026-01-12T15:33:09","slug":"lalgerie-depose-une-plainte-pour-denoncer-larbitrage-apres-son-elimination-face-au-nigeria","status":"publish","type":"post","link":"https:\/\/www.europesays.com\/africa\/19040\/","title":{"rendered":"l\u2019Alg\u00e9rie d\u00e9pose une plainte pour d\u00e9noncer l\u2019arbitrage apr\u00e8s son \u00e9limination face au Nigeria"},"content":{"rendered":"<p>Deux jours apr\u00e8s l\u2019\u00e9limination de l\u2019Alg\u00e9rie en quart de finale de la CAN 2025 face au Nigeria, la F\u00e9d\u00e9ration alg\u00e9rienne annonce le d\u00e9p\u00f4t d\u2019une plainte aupr\u00e8s de la CAF et de la Fifa pour protester contre l\u2019arbitrage face aux Super Eagles et r\u00e9clamer une enqu\u00eate.<\/p>\n<p>Une \u00e9limination difficile \u00e0 dig\u00e9rer. L\u2019aventure de l\u2019Alg\u00e9rie \u00e0 la CAN 2025 s\u2019est termin\u00e9e au stade des quarts de finale samedi apr\u00e8s <a href=\"https:\/\/rmcsport.bfmtv.com\/football\/coupe-d-afrique-des-nations\/direct-algerie-nigeria-suivez-le-match-des-quarts-de-finale-de-la-can-2025-en-live_LS-202601100065.html\" title=\"Alg\u00e9rie-Nigeria: les Nig\u00e9rians dans le dernier carr\u00e9, les Alg\u00e9riens surclass\u00e9s\" class=\"internal_link\" rel=\"nofollow noopener\" target=\"_blank\">la d\u00e9faite contre le Nigeria<\/a> (2-0) \u00e0 Marrakech. Un revers logique mais qui laisse un go\u00fbt amer aux Fennecs, <a href=\"https:\/\/rmcsport.bfmtv.com\/football\/coupe-d-afrique-des-nations\/algerie-entre-un-ocean-de-mediocrite-et-des-interrogations-sur-l-arbitrage-la-presse-algerienne-depitee-apres-l-elimination-des-fennecs-a-la-can-2025_AV-202601110149.html\" title=\"Alg\u00e9rie: entre un &quot;oc\u00e9an de m\u00e9diocrit\u00e9&quot; et des &quot;interrogations sur l\u2019arbitrage&quot;, la presse alg\u00e9rienne d\u00e9pit\u00e9e apr\u00e8s l\u2019\u00e9limination des Fennecs \u00e0 la CAN 2025\" class=\"internal_link\" rel=\"nofollow noopener\" target=\"_blank\">pas du tout satisfaits des d\u00e9cisions de l\u2019arbitre s\u00e9n\u00e9galais Issa Sy<\/a>. Les Alg\u00e9riens pointent notamment une main non siffl\u00e9e de Junior Ajayi sur un centre de Far\u00e8s Cha\u00efbi. C\u2019est parce qu\u2019elle ne comprend pas ces d\u00e9cisions arbitrales que l\u2019Alg\u00e9rie a d\u00e9cid\u00e9 de ne pas rester inactive.<\/p>\n<p>&#8220;La F\u00e9d\u00e9ration alg\u00e9rienne de football ne peut ignorer les d\u00e9cisions arbitrales du dernier match, qui ont soulev\u00e9 des questions et provoqu\u00e9 un m\u00e9contentement g\u00e9n\u00e9ralis\u00e9, car elles ont port\u00e9 atteinte \u00e0 la cr\u00e9dibilit\u00e9 de l&#8217;arbitrage africain et ne servent pas l&#8217;image du football africain sur la sc\u00e8ne internationale, indique la FAF dans un communiqu\u00e9 publi\u00e9 lundi. En cons\u00e9quence, la F\u00e9d\u00e9ration alg\u00e9rienne de football a contact\u00e9 la Conf\u00e9d\u00e9ration africaine de football (CAF) ainsi que la F\u00e9d\u00e9ration internationale de football associations (Fifa) en d\u00e9posant une plainte officielle accompagn\u00e9e d&#8217;une demande d&#8217;ouverture d&#8217;enqu\u00eate, afin de clarifier les faits et de prendre les mesures appropri\u00e9es conform\u00e9ment \u00e0 la r\u00e9glementation en vigueur.&#8221; <a href=\"https:\/\/rmcsport.bfmtv.com\/football\/coupe-d-afrique-des-nations\/can-2025-la-caf-va-enqueter-sur-les-incidents-autour-du-match-algerie-nigeria_AP-202601110329.html\" title=\"CAN 2025: la CAF va enqu\u00eater sur les incidents autour du match Alg\u00e9rie-Nigeria\" class=\"internal_link\" rel=\"nofollow noopener\" target=\"_blank\">La CAF a bien ouvert une enqu\u00eate<\/a> mais elle porte sur les incidents en fin de match et &#8220;le comportement inacceptable des joueurs et des officiels.&#8221;<\/p>\n<p>La FAF r\u00e9clame &#8220;l&#8217;unit\u00e9 collective&#8221; avant la Coupe du monde<\/p>\n<p>En d\u00e9pit des critiques, la F\u00e9d\u00e9ration alg\u00e9rienne maintient par ailleurs sa confiance en son s\u00e9lectionneur <a href=\"https:\/\/rmcsport.bfmtv.com\/replay-emissions\/after-foot\/elton-et-robert-malm-ne-pensent-pas-que-se-separer-de-petkovic-serait-une-bonne-idee-avec-le-delai-court-avant-la-cdm-samir-supporter-de-l-algerie-fustige-les-choix-du-selectionneur-des-fennecs-et-dit-stop-a-mahrez-10-01_EN-202601110047.html\" title=\"Elton et Robert Malm ne pensent pas que se s\u00e9parer de Petkovic serait une bonne id\u00e9e avec le d\u00e9lai court avant la CDM. Samir, supporter de l&#039;Alg\u00e9rie fustige les choix du s\u00e9lectionneur des Fennecs et dit stop \u00e0 Mahrez \u2013 10\/01\" class=\"internal_link\" rel=\"nofollow noopener\" target=\"_blank\">Vladimir Petkovic<\/a> qui devrait donc \u00eatre sur le banc des Fennecs l\u2019\u00e9t\u00e9 prochain lors de la Coupe du monde. &#8220;Les joueurs et les membres du staff technique ont fait preuve d&#8217;engagement et de s\u00e9rieux tout au long de la comp\u00e9tition, ce qui m\u00e9rite l&#8217;appr\u00e9ciation et les encouragements de toute la famille du football national&#8221;, souligne la FAF qui r\u00e9clame &#8220;l\u2019unit\u00e9 collective, le calme et le soutien de tous&#8221; \u00e0 l\u2019approche du Mondial en Am\u00e9rique du Nord. L\u2019Alg\u00e9rie d\u00e9fiera successivement l\u2019Argentine, la Jordanie et l\u2019Autriche dans le groupe J.<\/p>\n","protected":false},"excerpt":{"rendered":"Deux jours apr\u00e8s l\u2019\u00e9limination de l\u2019Alg\u00e9rie en quart de finale de la CAN 2025 face au Nigeria, la&hellip;\n","protected":false},"author":2,"featured_media":19041,"comment_status":"","ping_status":"","sticky":false,"template":"","format":"standard","meta":{"footnotes":""},"categories":[254],"tags":[255],"class_list":{"0":"post-19040","1":"post","2":"type-post","3":"status-publish","4":"format-standard","5":"has-post-thumbnail","7":"category-algerie","8":"tag-algerie"},"share_on_mastodon":{"url":"","error":""},"_links":{"self":[{"href":"https:\/\/www.europesays.com\/africa\/wp-json\/wp\/v2\/posts\/19040","targetHints":{"allow":["GET"]}}],"collection":[{"href":"https:\/\/www.europesays.com\/africa\/wp-json\/wp\/v2\/posts"}],"about":[{"href":"https:\/\/www.europesays.com\/africa\/wp-json\/wp\/v2\/types\/post"}],"author":[{"embeddable":true,"href":"https:\/\/www.europesays.com\/africa\/wp-json\/wp\/v2\/users\/2"}],"replies":[{"embeddable":true,"href":"https:\/\/www.europesays.com\/africa\/wp-json\/wp\/v2\/comments?post=19040"}],"version-history":[{"count":0,"href":"https:\/\/www.europesays.com\/africa\/wp-json\/wp\/v2\/posts\/19040\/revisions"}],"wp:featuredmedia":[{"embeddable":true,"href":"https:\/\/www.europesays.com\/africa\/wp-json\/wp\/v2\/media\/19041"}],"wp:attachment":[{"href":"https:\/\/www.europesays.com\/africa\/wp-json\/wp\/v2\/media?parent=19040"}],"wp:term":[{"taxonomy":"category","embeddable":true,"href":"https:\/\/www.europesays.com\/africa\/wp-json\/wp\/v2\/categories?post=19040"},{"taxonomy":"post_tag","embeddable":true,"href":"https:\/\/www.europesays.com\/africa\/wp-json\/wp\/v2\/tags?post=19040"}],"curies":[{"name":"wp","href":"https:\/\/api.w.org\/{rel}","templated":true}]}}