{"id":19042,"date":"2026-01-12T15:34:53","date_gmt":"2026-01-12T15:34:53","guid":{"rendered":"https:\/\/www.europesays.com\/africa\/19042\/"},"modified":"2026-01-12T15:34:53","modified_gmt":"2026-01-12T15:34:53","slug":"une-enquete-ouverte-apres-le-deces-de-mamadou-sylla","status":"publish","type":"post","link":"https:\/\/www.europesays.com\/africa\/19042\/","title":{"rendered":"une enqu\u00eate ouverte apr\u00e8s le d\u00e9c\u00e8s de Mamadou Sylla"},"content":{"rendered":"<p>\n\t\t\t\t\t Les circonstances de la mort de Mamadou Sylla, p\u00eacheur de 40 ans domicili\u00e9 au quartier Boucotte Sindian \u00e0 Ziguinchor, demeurent floues et suscitent de nombreuses interrogations. Selon les informations rapport\u00e9es par le quotidien Lib\u00e9ration, une enqu\u00eate polici\u00e8re a \u00e9t\u00e9 ouverte afin de faire toute la lumi\u00e8re sur ce d\u00e9c\u00e8s survenu dans des conditions jug\u00e9es suspectes. <br \/>\u00a0 <br \/>D\u2019apr\u00e8s Lib\u00e9ration, le poste de police de Yamatogne a \u00e9t\u00e9 saisi le 8 janvier d\u2019une r\u00e9quisition \u00e9manant du docteur K. Diouf, m\u00e9decin g\u00e9n\u00e9raliste aux urgences de l\u2019h\u00f4pital r\u00e9gional de Ziguinchor. Cette demande visait \u00e0 proc\u00e9der \u00e0 des constatations externes sur le corps sans vie de Mamadou Sylla, d\u00e9c\u00e9d\u00e9 la veille, le 7 janvier, peu apr\u00e8s son admission aux urgences. <br \/>\u00a0 <br \/>Une \u00e9vacuation en urgence suivie d\u2019un d\u00e9c\u00e8s rapide <br \/>\u00a0 <br \/>Selon le r\u00e9cit de Lib\u00e9ration, Mamadou Sylla avait \u00e9t\u00e9 \u00e9vacu\u00e9 vers l\u2019h\u00f4pital r\u00e9gional de Ziguinchor le 7 janvier aux environs de 13 heures, \u00e0 la suite d\u2019un appel au secours. Pris en charge par les sapeurs-pompiers, il a \u00e9t\u00e9 admis aux urgences mais est d\u00e9c\u00e9d\u00e9 \u00e0 13 heures 40, soit moins d\u2019une heure apr\u00e8s son arriv\u00e9e. <br \/>\u00a0 <br \/>Le rapport m\u00e9dical \u00e9tabli par le m\u00e9decin requ\u00e9rant fait \u00e9tat de signes cliniques inqui\u00e9tants. \u00c0 l\u2019examen, la victime pr\u00e9sentait des convulsions, une plaie punctiforme au niveau de la tempe gauche, ainsi qu\u2019une plaie linguale, accompagn\u00e9es d\u2019une forte odeur d\u2019alcool, pr\u00e9cise Lib\u00e9ration. <br \/>\u00a0 <br \/>Tentatives de r\u00e9animation infructueuses <br \/>\u00a0 <br \/>Toujours selon le m\u00e9decin cit\u00e9 par Lib\u00e9ration, Mamadou Sylla a \u00e9t\u00e9 mis sous surveillance et a pr\u00e9sent\u00e9 un arr\u00eat cardiorespiratoire cinq minutes apr\u00e8s la consultation. Une man\u0153uvre de r\u00e9animation, comprenant un massage cardiaque de dix minutes, a permis de le ramener momentan\u00e9ment \u00e0 la vie. Mais peu apr\u00e8s, il a subi un nouvel arr\u00eat cardiaque, cette fois fatal, malgr\u00e9 les efforts de l\u2019\u00e9quipe m\u00e9dicale. <br \/>\u00a0 <br \/>Les policiers, proc\u00e9dant \u00e0 un examen minutieux du corps, ont relev\u00e9 la pr\u00e9sence d\u2019une blessure apparente \u00e0 la t\u00eate, accompagn\u00e9e de saignements, renfor\u00e7ant les doutes autour des causes r\u00e9elles du d\u00e9c\u00e8s. <br \/>\u00a0 <br \/>Le t\u00e9moignage troublant d\u2019une voisine <br \/>\u00a0 <br \/>Entendue par les enqu\u00eateurs, M. Diatta, une dame qui partageait la m\u00eame maison que le d\u00e9funt, a livr\u00e9 un t\u00e9moignage cl\u00e9. Selon Lib\u00e9ration, elle a d\u00e9clar\u00e9 avoir d\u00e9couvert Mamadou Sylla dans un \u00e9tat d\u00e9plorable au petit matin, alors qu\u2019elle balayait la devanture de son domicile. C\u2019est elle qui aurait alert\u00e9 le voisinage, avant qu\u2019un appel aux secours ne soit lanc\u00e9. <br \/>\u00a0 <br \/>Les sapeurs-pompiers sont ensuite intervenus pour transporter la victime vers l\u2019h\u00f4pital, o\u00f9 il a finalement rendu l\u2019\u00e2me quelques minutes apr\u00e8s son admission. <br \/>\u00a0 <br \/>Une enqu\u00eate pour lever les zones d\u2019ombre <br \/>\u00a0 <br \/>Face \u00e0 ces \u00e9l\u00e9ments troublants \u2014 blessures visibles, convulsions, d\u00e9c\u00e8s rapide et circonstances encore impr\u00e9cises \u2014 les autorit\u00e9s ont d\u00e9cid\u00e9 d\u2019ouvrir une enqu\u00eate afin de d\u00e9terminer les causes exactes de la mort de Mamadou Sylla et d\u2019\u00e9tablir d\u2019\u00e9ventuelles responsabilit\u00e9s.\n\t\t\t\t <\/p>\n","protected":false},"excerpt":{"rendered":"Les circonstances de la mort de Mamadou Sylla, p\u00eacheur de 40 ans domicili\u00e9 au quartier Boucotte Sindian \u00e0&hellip;\n","protected":false},"author":2,"featured_media":19043,"comment_status":"","ping_status":"","sticky":false,"template":"","format":"standard","meta":{"footnotes":""},"categories":[48],"tags":[64,274,279,273,277,278,271,281,283,272,280,276,275,159,282],"class_list":{"0":"post-19042","1":"post","2":"type-post","3":"status-publish","4":"format-standard","5":"has-post-thumbnail","7":"category-senegal","8":"tag-afrique","9":"tag-aliou-cisse","10":"tag-amadou-ba","11":"tag-apr","12":"tag-bassirou-diomaye-faye","13":"tag-bathelemy-dias","14":"tag-dakar","15":"tag-el-malick-ndiaye","16":"tag-guy-marius-sagna","17":"tag-macky-sall","18":"tag-madiambal-diagne","19":"tag-ousmane-sonko","20":"tag-pastef","21":"tag-senegal","22":"tag-ziguinchor"},"share_on_mastodon":{"url":"","error":""},"_links":{"self":[{"href":"https:\/\/www.europesays.com\/africa\/wp-json\/wp\/v2\/posts\/19042","targetHints":{"allow":["GET"]}}],"collection":[{"href":"https:\/\/www.europesays.com\/africa\/wp-json\/wp\/v2\/posts"}],"about":[{"href":"https:\/\/www.europesays.com\/africa\/wp-json\/wp\/v2\/types\/post"}],"author":[{"embeddable":true,"href":"https:\/\/www.europesays.com\/africa\/wp-json\/wp\/v2\/users\/2"}],"replies":[{"embeddable":true,"href":"https:\/\/www.europesays.com\/africa\/wp-json\/wp\/v2\/comments?post=19042"}],"version-history":[{"count":0,"href":"https:\/\/www.europesays.com\/africa\/wp-json\/wp\/v2\/posts\/19042\/revisions"}],"wp:featuredmedia":[{"embeddable":true,"href":"https:\/\/www.europesays.com\/africa\/wp-json\/wp\/v2\/media\/19043"}],"wp:attachment":[{"href":"https:\/\/www.europesays.com\/africa\/wp-json\/wp\/v2\/media?parent=19042"}],"wp:term":[{"taxonomy":"category","embeddable":true,"href":"https:\/\/www.europesays.com\/africa\/wp-json\/wp\/v2\/categories?post=19042"},{"taxonomy":"post_tag","embeddable":true,"href":"https:\/\/www.europesays.com\/africa\/wp-json\/wp\/v2\/tags?post=19042"}],"curies":[{"name":"wp","href":"https:\/\/api.w.org\/{rel}","templated":true}]}}