{"id":19129,"date":"2026-01-12T16:29:06","date_gmt":"2026-01-12T16:29:06","guid":{"rendered":"https:\/\/www.europesays.com\/africa\/19129\/"},"modified":"2026-01-12T16:29:06","modified_gmt":"2026-01-12T16:29:06","slug":"emmanuel-macron-deplore-le-vide-laisse-par-les-banques-francaises-en-afrique","status":"publish","type":"post","link":"https:\/\/www.europesays.com\/africa\/19129\/","title":{"rendered":"Emmanuel Macron d\u00e9plore le vide laiss\u00e9 par les banques fran\u00e7aises en Afrique"},"content":{"rendered":"<p>Dans un discours d\u2019une franchise inhabituelle prononc\u00e9 ce 8 janvier devant les ambassadeurs \u00e0 l\u2019\u00c9lys\u00e9e, Emmanuel Macron a pr\u00e9sent\u00e9 sa perception de la pr\u00e9sence fran\u00e7aise en Afrique, notamment sur le plan \u00e9conomique. Selon lui, la France a manqu\u00e9 le virage \u00e9conomique du continent. Alors que l\u2019ex\u00e9cutif s\u2019effor\u00e7ait depuis plusieurs ann\u00e9es de renouveler le logiciel diplomatique et militaire, notamment en mettant fin \u00e0 certaines pr\u00e9sences militaires inutiles, le Pr\u00e9sident a d\u00e9plor\u00e9 un mouvement inverse de la part des acteurs \u00e9conomiques. Il a soulign\u00e9 le paradoxe d&#8217;une France qui pr\u00f4ne un partenariat d&#8217;\u00e9gal \u00e0 \u00e9gal tout en voyant ses grands groupes, et singuli\u00e8rement ses banques, d\u00e9serter le terrain. \u00ab Il y a 15 ans, nous \u00e9tions une puissance bancaire et financi\u00e8re en Afrique. Tout le monde a vendu \u00bb, a-t-il regrett\u00e9, pointant du doigt la responsabilit\u00e9 des r\u00e9glementations europ\u00e9ennes qu&#8217;il a qualifi\u00e9es sans d\u00e9tour d&#8217;\u00ab idiotes \u00bb si elles conduisent \u00e0 c\u00e9der la place \u00e0 la concurrence internationale.<\/p>\n<p>Ce retrait strat\u00e9gique, souvent justifi\u00e9 par les contraintes de conformit\u00e9 et une aversion au risque, a laiss\u00e9 le champ libre \u00e0 d&#8217;autres puissances comme la Chine, la Turquie ou les pays du Golfe, qui occupent d\u00e9sormais l&#8217;espace financier et commercial d\u00e9laiss\u00e9 par les \u00e9tablissements fran\u00e7ais. Pour le chef de l\u2019\u00c9tat, cette \u00ab pusillanimit\u00e9 \u00bb n&#8217;est plus compr\u00e9hensible alors m\u00eame que la France tente de b\u00e2tir une nouvelle cr\u00e9dibilit\u00e9 sur le continent. Le diagnostic pr\u00e9sidentiel acte ainsi la non-r\u00e9ussite d&#8217;une strat\u00e9gie dans laquelle la refonte politique n&#8217;a pas \u00e9t\u00e9 suivie d&#8217;effets \u00e9conomiques tangibles, cr\u00e9ant un d\u00e9calage pr\u00e9judiciable \u00e0 l&#8217;influence fran\u00e7aise. Face \u00e0 ce vide, Emmanuel Macron appelle \u00e0 une mobilisation g\u00e9n\u00e9rale pour inverser la tendance avant que la d\u00e9sindustrialisation et la perte de parts de march\u00e9 ne deviennent irr\u00e9versibles.<\/p>\n<p>Appel \u00e0 un changement de paradigme pour \u00e9viter l\u2019effacement&#13;\n<\/p>\n<p>Pour op\u00e9rer cette reconqu\u00eate, le pr\u00e9sident fran\u00e7ais a pr\u00e9sent\u00e9 une nouvelle m\u00e9thode qui privil\u00e9gie d\u00e9sormais les acteurs de terrain audacieux plut\u00f4t que les rentiers institutionnels. Il a explicitement demand\u00e9 de soutenir les entreprises \u00ab ceux qui ont faim \u00bb, citant les PME, les start-up et les ETI pr\u00eates \u00e0 travailler dans un esprit de respect et de partenariat, tout en \u00e9cartant les entreprises qui \u00ab ne se comportent pas bien \u00bb. Cette nouvelle approche, qui se veut plus agile et moins arrogante, devra s&#8217;appuyer sur des coalitions in\u00e9dites pour contourner les limites du bilat\u00e9ralisme classique. C\u2019est tout l\u2019enjeu du prochain sommet Afrique-France pr\u00e9vu \u00e0 Nairobi en mai 2026, o\u00f9 Emmanuel Macron a symboliquement invit\u00e9 le Premier ministre indien Narendra Modi et le chancelier allemand Friedrich Merz \u00e0 ses c\u00f4t\u00e9s. Ce choix d&#8217;une diplomatie \u00e9conomique multipolaire vise \u00e0 mutualiser les risques et \u00e0 proposer une offre plus robuste face aux g\u00e9ants asiatiques.<\/p>\n<p>Cependant, cette volont\u00e9 politique se heurtera in\u00e9vitablement aux r\u00e9alit\u00e9s op\u00e9rationnelles si les leviers financiers ne sont pas r\u00e9activ\u00e9s. Le chef de l&#8217;\u00c9tat a ainsi enjoint son gouvernement et l&#8217;administration \u00e0 revoir en profondeur les m\u00e9canismes de soutien et de faire preuve de plus d&#8217;offensivit\u00e9, notamment via une diplomatie \u00e9conomique &#8220;pays-secteur&#8221; plus cibl\u00e9e. Si des acteurs comme Business France ou le Medef International multiplient d\u00e9j\u00e0 les initiatives, le succ\u00e8s de ce virage d\u00e9pendra de la capacit\u00e9 de la France \u00e0 recr\u00e9er un \u00e9cosyst\u00e8me bancaire et assurantiel capable de soutenir ces entrepreneurs \u00ab qui ont faim \u00bb.<\/p>\n","protected":false},"excerpt":{"rendered":"Dans un discours d\u2019une franchise inhabituelle prononc\u00e9 ce 8 janvier devant les ambassadeurs \u00e0 l\u2019\u00c9lys\u00e9e, Emmanuel Macron a&hellip;\n","protected":false},"author":2,"featured_media":19130,"comment_status":"","ping_status":"","sticky":false,"template":"","format":"standard","meta":{"footnotes":""},"categories":[62],"tags":[97,64,12136,12133,9276,6525,5012,12135,7521,12134],"class_list":{"0":"post-19129","1":"post","2":"type-post","3":"status-publish","4":"format-standard","5":"has-post-thumbnail","7":"category-afrique","8":"tag-97","9":"tag-afrique","10":"tag-banques","11":"tag-deplore","12":"tag-emmanuel","13":"tag-francaises","14":"tag-la-tribune-afrique","15":"tag-laisse","16":"tag-macron","17":"tag-vide"},"share_on_mastodon":{"url":"","error":""},"_links":{"self":[{"href":"https:\/\/www.europesays.com\/africa\/wp-json\/wp\/v2\/posts\/19129","targetHints":{"allow":["GET"]}}],"collection":[{"href":"https:\/\/www.europesays.com\/africa\/wp-json\/wp\/v2\/posts"}],"about":[{"href":"https:\/\/www.europesays.com\/africa\/wp-json\/wp\/v2\/types\/post"}],"author":[{"embeddable":true,"href":"https:\/\/www.europesays.com\/africa\/wp-json\/wp\/v2\/users\/2"}],"replies":[{"embeddable":true,"href":"https:\/\/www.europesays.com\/africa\/wp-json\/wp\/v2\/comments?post=19129"}],"version-history":[{"count":0,"href":"https:\/\/www.europesays.com\/africa\/wp-json\/wp\/v2\/posts\/19129\/revisions"}],"wp:featuredmedia":[{"embeddable":true,"href":"https:\/\/www.europesays.com\/africa\/wp-json\/wp\/v2\/media\/19130"}],"wp:attachment":[{"href":"https:\/\/www.europesays.com\/africa\/wp-json\/wp\/v2\/media?parent=19129"}],"wp:term":[{"taxonomy":"category","embeddable":true,"href":"https:\/\/www.europesays.com\/africa\/wp-json\/wp\/v2\/categories?post=19129"},{"taxonomy":"post_tag","embeddable":true,"href":"https:\/\/www.europesays.com\/africa\/wp-json\/wp\/v2\/tags?post=19129"}],"curies":[{"name":"wp","href":"https:\/\/api.w.org\/{rel}","templated":true}]}}