{"id":19157,"date":"2026-01-12T16:47:20","date_gmt":"2026-01-12T16:47:20","guid":{"rendered":"https:\/\/www.europesays.com\/africa\/19157\/"},"modified":"2026-01-12T16:47:20","modified_gmt":"2026-01-12T16:47:20","slug":"le-maroc-a-lhonneur-au-16%e1%b5%89-festival-du-theatre-arabe-au-caire","status":"publish","type":"post","link":"https:\/\/www.europesays.com\/africa\/19157\/","title":{"rendered":"Le Maroc \u00e0 l\u2019honneur au 16\u1d49 Festival du Th\u00e9\u00e2tre arabe au Caire"},"content":{"rendered":"<p>Le Maroc participe \u00e0 la 16\u1d49 \u00e9dition du Festival du Th\u00e9\u00e2tre arabe, organis\u00e9e du 10 au 16 janvier au Caire, \u00e0 travers deux \u0153uvres th\u00e9\u00e2trales qui illustrent la vitalit\u00e9 de la sc\u00e8ne nationale et la diversit\u00e9 des d\u00e9marches esth\u00e9tiques et intellectuelles de ses cr\u00e9ateurs.<\/p>\n<p>Deux \u0153uvres marocaines en comp\u00e9tition<\/p>\n<p>La participation marocaine est port\u00e9e par Widows F, de la troupe Art Friends, \u00e9crite et mise en sc\u00e8ne par Ahmed Amine Sahel, et Citoyen \u00e9conomique du Mohtaraf El Feddane de Th\u00e9\u00e2tre, \u00e9crite par Ahmed Sebia et mise en sc\u00e8ne par Mahmoud Chahdi. Deux propositions artistiques qui conjuguent recherche formelle et interrogation sur les enjeux soci\u00e9taux contemporains.<\/p>\n<p>Cette pr\u00e9sence s\u2019accompagne \u00e9galement d\u2019une participation remarqu\u00e9e de critiques marocains aux colloques intellectuels programm\u00e9s dans le cadre du festival.<\/p>\n<p>Un th\u00e9\u00e2tre des marges et de l\u2019exp\u00e9rimentation<\/p>\n<p>Dans une d\u00e9claration \u00e0 la MAP, Ahmed Amine Sahel explique que Widows F s\u2019inscrit dans un \u00ab th\u00e9\u00e2tre des marges \u00bb, fond\u00e9 sur l\u2019exp\u00e9rimentation esth\u00e9tique et l\u2019exploration de questions existentielles et sociales actuelles. La pi\u00e8ce plonge symboliquement dans l\u2019univers f\u00e9minin \u00e0 travers un espace carc\u00e9ral virtuel, en mobilisant un langage sc\u00e9nique innovant m\u00ealant parole et musique.<\/p>\n<p>Citoyennet\u00e9, art et responsabilit\u00e9 collective<\/p>\n<p>De son c\u00f4t\u00e9, Mahmoud Chahdi souligne que Citoyen \u00e9conomique, qui marque sa troisi\u00e8me participation au Festival du Th\u00e9\u00e2tre arabe apr\u00e8s Doha et Casablanca, interroge les appartenances politiques de certains artistes et leur rapport aux symboles nationaux. L\u2019\u0153uvre met en lumi\u00e8re l\u2019importance de l\u2019engagement citoyen et des responsabilit\u00e9s collectives, dans une forme dramatique con\u00e7ue pour susciter la r\u00e9flexion.<\/p>\n<p>Une d\u00e9l\u00e9gation marocaine plurielle<\/p>\n<p>La directrice de l\u2019Institut Sup\u00e9rieur d\u2019Art Dramatique et d\u2019Animation Culturelle (ISADAC), Latifa Ahrar, pr\u00e9cise que la d\u00e9l\u00e9gation marocaine r\u00e9unit des sensibilit\u00e9s artistiques diverses, alliant jeunes talents et figures confirm\u00e9es. Elle comprend \u00e9galement des acteurs de la critique th\u00e9\u00e2trale, de la recherche, de la mise en sc\u00e8ne, de l\u2019interpr\u00e9tation et de la sc\u00e9nographie.<\/p>\n<p>Un rendez-vous majeur du th\u00e9\u00e2tre arabe<\/p>\n<p>Outre le Maroc, cette 16\u1d49 \u00e9dition rassemble des spectacles issus de dix pays arabes, dans le cadre d\u2019un programme articul\u00e9 autour d\u2019un parcours comp\u00e9titif de quinze \u0153uvres, de rencontres intellectuelles et d\u2019un forum d\u00e9di\u00e9 aux arts de la marionnette.<\/p>\n<p>Le festival s\u2019ach\u00e8vera le 16 janvier avec l\u2019annonce du laur\u00e9at du Prix Cheikh Dr Sultan bin Mohammed Al Qasimi du meilleur spectacle th\u00e9\u00e2tral, l\u2019une des distinctions majeures de la sc\u00e8ne th\u00e9\u00e2trale arabe.<\/p>\n<p>&gt;&gt; Lire aussi :\u00a0<a href=\"https:\/\/www.lecourrierdelatlas.com\/le-theatre-marocain-brille-sur-la-scene-internationale\/\" rel=\"nofollow noopener\" target=\"_blank\">Le th\u00e9\u00e2tre marocain brille sur la sc\u00e8ne internationale<\/a><\/p>\n<p>\u00a0<\/p>\n","protected":false},"excerpt":{"rendered":"Le Maroc participe \u00e0 la 16\u1d49 \u00e9dition du Festival du Th\u00e9\u00e2tre arabe, organis\u00e9e du 10 au 16 janvier&hellip;\n","protected":false},"author":2,"featured_media":19158,"comment_status":"","ping_status":"","sticky":false,"template":"","format":"standard","meta":{"footnotes":""},"categories":[41],"tags":[12145,2427,158,12146],"class_list":{"0":"post-19157","1":"post","2":"type-post","3":"status-publish","4":"format-standard","5":"has-post-thumbnail","7":"category-maroc","8":"tag-caire","9":"tag-festival","10":"tag-maroc","11":"tag-theatre-arabe"},"share_on_mastodon":{"url":"","error":""},"_links":{"self":[{"href":"https:\/\/www.europesays.com\/africa\/wp-json\/wp\/v2\/posts\/19157","targetHints":{"allow":["GET"]}}],"collection":[{"href":"https:\/\/www.europesays.com\/africa\/wp-json\/wp\/v2\/posts"}],"about":[{"href":"https:\/\/www.europesays.com\/africa\/wp-json\/wp\/v2\/types\/post"}],"author":[{"embeddable":true,"href":"https:\/\/www.europesays.com\/africa\/wp-json\/wp\/v2\/users\/2"}],"replies":[{"embeddable":true,"href":"https:\/\/www.europesays.com\/africa\/wp-json\/wp\/v2\/comments?post=19157"}],"version-history":[{"count":0,"href":"https:\/\/www.europesays.com\/africa\/wp-json\/wp\/v2\/posts\/19157\/revisions"}],"wp:featuredmedia":[{"embeddable":true,"href":"https:\/\/www.europesays.com\/africa\/wp-json\/wp\/v2\/media\/19158"}],"wp:attachment":[{"href":"https:\/\/www.europesays.com\/africa\/wp-json\/wp\/v2\/media?parent=19157"}],"wp:term":[{"taxonomy":"category","embeddable":true,"href":"https:\/\/www.europesays.com\/africa\/wp-json\/wp\/v2\/categories?post=19157"},{"taxonomy":"post_tag","embeddable":true,"href":"https:\/\/www.europesays.com\/africa\/wp-json\/wp\/v2\/tags?post=19157"}],"curies":[{"name":"wp","href":"https:\/\/api.w.org\/{rel}","templated":true}]}}