{"id":19199,"date":"2026-01-12T17:13:18","date_gmt":"2026-01-12T17:13:18","guid":{"rendered":"https:\/\/www.europesays.com\/africa\/19199\/"},"modified":"2026-01-12T17:13:18","modified_gmt":"2026-01-12T17:13:18","slug":"afrique-lethiopie-et-le-kenya-appeles-a-tirer-la-croissance-africaine-en-2026-selon-lonu","status":"publish","type":"post","link":"https:\/\/www.europesays.com\/africa\/19199\/","title":{"rendered":"Afrique: L&#8217;\u00c9thiopie et le Kenya appel\u00e9s \u00e0 tirer la croissance africaine en 2026, selon l&#8217;ONU"},"content":{"rendered":"<p class=\"story-body-text\" data-para-word-count=\"44\">Addis-Abeba \u2014 Selon le rapport des Nations Unies intitul\u00e9 \u00ab Situation et perspectives de l&#8217;\u00e9conomie mondiale 2026 \u00bb, l&#8217;\u00c9thiopie et le Kenya devraient jouer un r\u00f4le moteur dans la croissance \u00e9conomique du continent africain en 2026, faisant de l&#8217;Afrique de l&#8217;Est la r\u00e9gion la plus dynamique.<\/p>\n<p class=\"story-body-text\" data-para-word-count=\"36\">L&#8217;ONU anticipe une croissance \u00e9conomique africaine de 4,0 % en 2026 et de 4,1 % en 2027, en nette am\u00e9lioration par rapport aux taux de 3,5 % enregistr\u00e9s en 2024 et de 3,9 % en 2025.<\/p>\n<p class=\"story-body-text\" data-para-word-count=\"26\">Cette progression est largement port\u00e9e par les performances robustes de l&#8217;\u00c9thiopie et du Kenya, soutenues notamment par les efforts d&#8217;int\u00e9gration r\u00e9gionale et l&#8217;expansion des \u00e9nergies renouvelables.<\/p>\n<p class=\"story-body-text\" style=\"text-align: center;\">\n<p>Suivez-nous sur <a href=\"https:\/\/whatsapp.com\/channel\/0029Vae09IP4inotqC0BUQ2V\" target=\"_blank\" rel=\"nofollow noopener\">WhatsApp<\/a> | <a href=\"https:\/\/www.linkedin.com\/company\/allafrica\/\" target=\"_blank\" rel=\"nofollow noopener\">LinkedIn<\/a> pour les derniers titres<\/p>\n<p class=\"story-body-text\" data-para-word-count=\"28\">L&#8217;Afrique de l&#8217;Est devrait ainsi afficher une croissance de 5,8 % en 2026, contre 5,4 % en 2025, consolidant sa position de sous-r\u00e9gion la plus dynamique du continent.<\/p>\n<p class=\"story-body-text\" data-para-word-count=\"21\">Le rapport souligne que cette acc\u00e9l\u00e9ration r\u00e9sulte \u00e9galement d&#8217;une am\u00e9lioration de la stabilit\u00e9 macro\u00e9conomique dans plusieurs \u00e9conomies majeures de la r\u00e9gion.<\/p>\n<p class=\"story-body-text\" data-para-word-count=\"33\">Toutefois, l&#8217;ONU alerte sur des d\u00e9fis persistants, notamment le poids \u00e9lev\u00e9 du service de la dette, les marges budg\u00e9taires restreintes et l&#8217;inflation alimentaire durable, qui freinent les perspectives d&#8217;un d\u00e9veloppement inclusif et soutenable.<\/p>\n<p class=\"story-body-text\" data-para-word-count=\"46\">Le document met aussi en \u00e9vidence les risques li\u00e9s aux tensions commerciales mondiales, \u00e0 l&#8217;incertitude entourant l&#8217;avenir de la Loi sur la croissance et les opportunit\u00e9s en Afrique (AGOA), ainsi qu&#8217;au rythme lent de la mise en oeuvre de la Zone de libre-\u00e9change continentale africaine (ZLECAf).<\/p>\n<p class=\"story-body-text\" data-para-word-count=\"65\">Les perspectives de croissance varient selon les autres sous-r\u00e9gions. L&#8217;Afrique du Nord devrait conna\u00eetre un l\u00e9ger ralentissement \u00e0 4,1 % en 2026, contre 4,3 % en 2025, tandis que l&#8217;Afrique de l&#8217;Ouest verrait sa croissance reculer \u00e0 4,4 %, contre 4,6 %. \u00c0 l&#8217;inverse, l&#8217;Afrique centrale devrait progresser \u00e0 3,0 %, contre 2,8 %, et l&#8217;Afrique australe atteindre 2,0 %, apr\u00e8s 1,6 % en 2025.<\/p>\n<p class=\"story-body-text\" data-para-word-count=\"33\">L&#8217;ONU estime par ailleurs que le ratio moyen de la dette publique par rapport au PIB africain atteindra 63 % en 2025, les paiements d&#8217;int\u00e9r\u00eats absorbant pr\u00e8s de 15 % des recettes publiques.<\/p>\n<p class=\"story-body-text\" data-para-word-count=\"42\">Malgr\u00e9 le retour de certains pays sur les march\u00e9s financiers internationaux, environ 40 % des \u00c9tats africains demeurent confront\u00e9s \u00e0 un risque \u00e9lev\u00e9 de surendettement, poussant plusieurs d&#8217;entre eux \u00e0 solliciter une restructuration de leur dette dans le cadre commun du G20.<\/p>\n<p class=\"story-body-text\" data-para-word-count=\"35\">Bien que le commerce africain ait progress\u00e9 en 2025, soutenu par des exportations accrues de m\u00e9taux pr\u00e9cieux et de produits agricoles ainsi que par une hausse des importations de mat\u00e9riel de transport, des fragilit\u00e9s subsistent.<\/p>\n<p class=\"story-body-text\" data-para-word-count=\"37\">La diversification des partenaires commerciaux et certaines exemptions tarifaires ont permis d&#8217;att\u00e9nuer l&#8217;impact des tensions commerciales mondiales, mais l&#8217;\u00e9ventuelle expiration de l&#8217;AGOA et l&#8217;introduction de nouvelles barri\u00e8res douani\u00e8res constituent des menaces, notamment pour le secteur de l&#8217;habillement.<\/p>\n<p class=\"story-body-text\" data-para-word-count=\"23\">La mise en oeuvre in\u00e9gale et lente de la ZLECAf continue \u00e9galement de limiter son potentiel en mati\u00e8re de stimulation du commerce intra-africain.<\/p>\n<p class=\"story-body-text\" data-para-word-count=\"34\">\u00c0 l&#8217;\u00e9chelle mondiale, la croissance \u00e9conomique devrait atteindre 2,7 % en 2026, l\u00e9g\u00e8rement en retrait par rapport aux 2,8 % estim\u00e9s pour 2025 et bien en dessous de la moyenne pr\u00e9-pand\u00e9mique de 3,2 %.<\/p>\n<p class=\"story-body-text\" data-para-word-count=\"52\">Face aux mutations du commerce mondial, aux pressions inflationnistes et aux chocs climatiques, l&#8217;ONU plaide pour une coordination internationale renforc\u00e9e et un engagement renouvel\u00e9 en faveur d&#8217;un syst\u00e8me commercial multilat\u00e9ral ouvert et fond\u00e9 sur des r\u00e8gles, dans un contexte marqu\u00e9 par des tensions g\u00e9opolitiques croissantes et un affaiblissement de la coop\u00e9ration multilat\u00e9rale.<\/p>\n","protected":false},"excerpt":{"rendered":"Addis-Abeba \u2014 Selon le rapport des Nations Unies intitul\u00e9 \u00ab Situation et perspectives de l&#8217;\u00e9conomie mondiale 2026 \u00bb,&hellip;\n","protected":false},"author":2,"featured_media":19200,"comment_status":"","ping_status":"","sticky":false,"template":"","format":"standard","meta":{"footnotes":""},"categories":[62],"tags":[63,64,83,269,265,321,262,65,649,653,80,96,261,264,263,266],"class_list":{"0":"post-19199","1":"post","2":"type-post","3":"status-publish","4":"format-standard","5":"has-post-thumbnail","7":"category-afrique","8":"tag-africa","9":"tag-afrique","10":"tag-business","11":"tag-business-and-finance","12":"tag-current-events","13":"tag-east-africa","14":"tag-economy","15":"tag-ethiopia","16":"tag-external-relations","17":"tag-international-organizations-and-africa","18":"tag-kenya","19":"tag-news","20":"tag-politics","21":"tag-sports","22":"tag-trade","23":"tag-travel"},"share_on_mastodon":{"url":"","error":""},"_links":{"self":[{"href":"https:\/\/www.europesays.com\/africa\/wp-json\/wp\/v2\/posts\/19199","targetHints":{"allow":["GET"]}}],"collection":[{"href":"https:\/\/www.europesays.com\/africa\/wp-json\/wp\/v2\/posts"}],"about":[{"href":"https:\/\/www.europesays.com\/africa\/wp-json\/wp\/v2\/types\/post"}],"author":[{"embeddable":true,"href":"https:\/\/www.europesays.com\/africa\/wp-json\/wp\/v2\/users\/2"}],"replies":[{"embeddable":true,"href":"https:\/\/www.europesays.com\/africa\/wp-json\/wp\/v2\/comments?post=19199"}],"version-history":[{"count":0,"href":"https:\/\/www.europesays.com\/africa\/wp-json\/wp\/v2\/posts\/19199\/revisions"}],"wp:featuredmedia":[{"embeddable":true,"href":"https:\/\/www.europesays.com\/africa\/wp-json\/wp\/v2\/media\/19200"}],"wp:attachment":[{"href":"https:\/\/www.europesays.com\/africa\/wp-json\/wp\/v2\/media?parent=19199"}],"wp:term":[{"taxonomy":"category","embeddable":true,"href":"https:\/\/www.europesays.com\/africa\/wp-json\/wp\/v2\/categories?post=19199"},{"taxonomy":"post_tag","embeddable":true,"href":"https:\/\/www.europesays.com\/africa\/wp-json\/wp\/v2\/tags?post=19199"}],"curies":[{"name":"wp","href":"https:\/\/api.w.org\/{rel}","templated":true}]}}