{"id":19205,"date":"2026-01-12T17:16:06","date_gmt":"2026-01-12T17:16:06","guid":{"rendered":"https:\/\/www.europesays.com\/africa\/19205\/"},"modified":"2026-01-12T17:16:06","modified_gmt":"2026-01-12T17:16:06","slug":"un-laveur-condamne-avec-sursis-pour-le-vol-dun-million-de-fcfa-dans-un-vehicule","status":"publish","type":"post","link":"https:\/\/www.europesays.com\/africa\/19205\/","title":{"rendered":"Un laveur condamn\u00e9 avec sursis pour le vol d\u2019un million de FCFA dans un v\u00e9hicule"},"content":{"rendered":"<p class=\"firstp\">Le tribunal d\u2019instance de Thi\u00e8s a condamn\u00e9 P. Sow, 21 ans, \u00e0 six mois de prison avec sursis pour le vol d\u2019un million de francs CFA au pr\u00e9judice de A. Gadio.<\/p>\n<p>Les faits remontent \u00e0 un passage de la plaignante chez un m\u00e9canicien, o\u00f9 elle avait confi\u00e9 son v\u00e9hicule au jeune laveur. Se rappelant avoir laiss\u00e9 \u00e0 l\u2019int\u00e9rieur une somme de 1 800 000 francs CFA, elle est revenue r\u00e9cup\u00e9rer l\u2019argent, avant de constater la disparition d\u2019un million.\n<\/p>\n<p>Alert\u00e9e, la police a ouvert une enqu\u00eate qui a permis de retrouver 900 000 francs CFA dissimul\u00e9s dans des ordures, \u00e0 proximit\u00e9 de l\u2019atelier de P. Sow. Interpell\u00e9, le mis en cause a \u00e9t\u00e9 plac\u00e9 sous mandat de d\u00e9p\u00f4t.<\/p>\n<p>\u00c0 la barre, le pr\u00e9venu a reconnu les faits. Il a expliqu\u00e9 avoir utilis\u00e9 100 000 francs CFA pour assurer des soins m\u00e9dicaux \u00e0 sa m\u00e8re malade. Le parquet ayant requis l\u2019application stricte de la loi, le tribunal l\u2019a finalement reconnu coupable tout en faisant preuve de cl\u00e9mence, en pronon\u00e7ant une peine assortie de sursis.<\/p>\n","protected":false},"excerpt":{"rendered":"Le tribunal d\u2019instance de Thi\u00e8s a condamn\u00e9 P. Sow, 21 ans, \u00e0 six mois de prison avec sursis&hellip;\n","protected":false},"author":2,"featured_media":19206,"comment_status":"","ping_status":"","sticky":false,"template":"","format":"standard","meta":{"footnotes":""},"categories":[48],"tags":[12160,159,163,239],"class_list":{"0":"post-19205","1":"post","2":"type-post","3":"status-publish","4":"format-standard","5":"has-post-thumbnail","7":"category-senegal","8":"tag-laveur-de-vehicules","9":"tag-senegal","10":"tag-senegal-actualites","11":"tag-societe"},"share_on_mastodon":{"url":"","error":""},"_links":{"self":[{"href":"https:\/\/www.europesays.com\/africa\/wp-json\/wp\/v2\/posts\/19205","targetHints":{"allow":["GET"]}}],"collection":[{"href":"https:\/\/www.europesays.com\/africa\/wp-json\/wp\/v2\/posts"}],"about":[{"href":"https:\/\/www.europesays.com\/africa\/wp-json\/wp\/v2\/types\/post"}],"author":[{"embeddable":true,"href":"https:\/\/www.europesays.com\/africa\/wp-json\/wp\/v2\/users\/2"}],"replies":[{"embeddable":true,"href":"https:\/\/www.europesays.com\/africa\/wp-json\/wp\/v2\/comments?post=19205"}],"version-history":[{"count":0,"href":"https:\/\/www.europesays.com\/africa\/wp-json\/wp\/v2\/posts\/19205\/revisions"}],"wp:featuredmedia":[{"embeddable":true,"href":"https:\/\/www.europesays.com\/africa\/wp-json\/wp\/v2\/media\/19206"}],"wp:attachment":[{"href":"https:\/\/www.europesays.com\/africa\/wp-json\/wp\/v2\/media?parent=19205"}],"wp:term":[{"taxonomy":"category","embeddable":true,"href":"https:\/\/www.europesays.com\/africa\/wp-json\/wp\/v2\/categories?post=19205"},{"taxonomy":"post_tag","embeddable":true,"href":"https:\/\/www.europesays.com\/africa\/wp-json\/wp\/v2\/tags?post=19205"}],"curies":[{"name":"wp","href":"https:\/\/api.w.org\/{rel}","templated":true}]}}