{"id":19225,"date":"2026-01-12T17:27:18","date_gmt":"2026-01-12T17:27:18","guid":{"rendered":"https:\/\/www.europesays.com\/africa\/19225\/"},"modified":"2026-01-12T17:27:18","modified_gmt":"2026-01-12T17:27:18","slug":"afrique-revue-de-presse-de-lafrique-francophone-du-12-janvier-2026","status":"publish","type":"post","link":"https:\/\/www.europesays.com\/africa\/19225\/","title":{"rendered":"Afrique: Revue de presse de l&#8217;Afrique francophone du 12 janvier 2026"},"content":{"rendered":"<p class=\"story-body-text\" data-para-word-count=\"10\">\u00c9gypte: Les partis proches du pouvoir gagnent les l\u00e9gislatives <\/p>\n<p class=\"story-body-text\" data-para-word-count=\"27\">Les partis proches du pouvoir en Egypte ont remport\u00e9 la quasi-totalit\u00e9 des si\u00e8ges \u00e0 l\u2019Assembl\u00e9e nationale, selon les r\u00e9sultats d\u00e9finitifs annonc\u00e9s samedi 10 janvier par l\u2019Autorit\u00e9 \u00e9lectorale.<\/p>\n<p class=\"story-body-text\" data-para-word-count=\"38\">L\u2019Autorit\u00e9 nationale des \u00e9lections d\u2019\u00c9gypte a d\u00e9voil\u00e9 samedi les r\u00e9sultats des 49 derniers si\u00e8ges d\u2019un scrutin parlementaire d\u00e9but\u00e9 il y a plus de trois mois, offrant au pr\u00e9sident Abdel Fattah al-Sissi la super-majorit\u00e9 n\u00e9cessaire pour amender la constitution.<\/p>\n<p class=\"story-body-text\" style=\"text-align: center;\">\n<p>Suivez-nous sur <a href=\"https:\/\/whatsapp.com\/channel\/0029Vae09IP4inotqC0BUQ2V\" target=\"_blank\" rel=\"nofollow noopener\">WhatsApp<\/a> | <a href=\"https:\/\/www.linkedin.com\/company\/allafrica\/\" target=\"_blank\" rel=\"nofollow noopener\">LinkedIn<\/a> pour les derniers titres<\/p>\n<p class=\"story-body-text\" data-para-word-count=\"28\">La proclamation des r\u00e9sultats finaux avait \u00e9t\u00e9 retard\u00e9e en raison de la tenue de nouveaux scrutins dans certaines circonscriptions o\u00f9 les r\u00e9sultats initiaux avaient \u00e9t\u00e9 annul\u00e9s. (Source Apanews)<\/p>\n<p class=\"story-body-text\" data-para-word-count=\"9\">L\u2019\u00c9thiopie lance la construction du plus grand a\u00e9roport d\u2019Afrique<\/p>\n<p class=\"story-body-text\" data-para-word-count=\"27\">L\u2019\u00c9thiopie voit grand, tr\u00e8s grand. Samedi, le pays a lanc\u00e9 la construction de ce qui sera, selon le Premier ministre Abiy Ahmed, le plus grand a\u00e9roport d\u2019Afrique.<\/p>\n<p class=\"story-body-text\" data-para-word-count=\"84\">Un m\u00e9gaprojet de 12,7 milliards de dollars, destin\u00e9 \u00e0 faire de l\u2019\u00c9thiopie une plaque tournante mondiale du transport a\u00e9rien. Situ\u00e9 \u00e0 Bishoftu, \u00e0 40 kilom\u00e8tres d\u2019Addis-Abeba, ce futur hub s\u2019\u00e9tendra sur 35 kilom\u00e8tres carr\u00e9s et pourra accueillir jusqu\u2019\u00e0 110 millions de passagers par an, soit pr\u00e8s de cinq fois la capacit\u00e9 actuelle de l\u2019a\u00e9roport Bole. La construction, qui doit durer cinq ans, comprendra aussi une autoroute \u00e0 plusieurs voies et une ligne ferroviaire \u00e0 grande vitesse reliant le site \u00e0 la capitale. (Source Africanews)<\/p>\n<p class=\"story-body-text\" data-para-word-count=\"8\">Soudan\u00a0: Le gouvernement annonce son retour \u00e0 Khartoum<\/p>\n<p class=\"story-body-text\" data-para-word-count=\"37\">Le Premier ministre soudanais a annonc\u00e9 dimanche 11 janvier le retour dans la capitale Khartoum du gouvernement qui en avait \u00e9t\u00e9 chass\u00e9 en 2023 par la guerre et avait \u00e9t\u00e9 transf\u00e9r\u00e9 \u00e0 Port-Soudan, dans l\u2019est du pays.<\/p>\n<p class=\"story-body-text\" data-para-word-count=\"34\">\u00ab Nous sommes de retour aujourd\u2019hui (\u2026) le gouvernement de l\u2019espoir revient dans la capitale nationale \u00bb, a d\u00e9clar\u00e9 Kamel Idris aux journalistes \u00e0 Khartoum, promettant de \u00ab meilleurs services \u00bb pour les habitants.<\/p>\n<p class=\"story-body-text\" data-para-word-count=\"35\">Plus de 3,7 millions de personnes avaient fui la capitale d\u00e8s les premiers mois du conflit, d\u00e9clench\u00e9 en avril 2023, lorsque les paramilitaires des Forces de soutien rapide (FSR) s\u2019en \u00e9taient empar\u00e9s. (Source African Manager)<\/p>\n<p class=\"story-body-text\" data-para-word-count=\"8\">Demi-finales CAN 2025 &#8211; Les favoris au rendez-vous<\/p>\n<p class=\"story-body-text\" data-para-word-count=\"39\">Le Maroc, le S\u00e9n\u00e9gal, l&#8217;Egypte et le Nig\u00e9ria, poursuivent leur aventure \u00e0 la 35e \u00e9dition de la CAN, Maroc 2025, apr\u00e8s des matchs de quarts de finale \u00e2prement disput\u00e9s. Les demi-finales, mercredi 14 janvier prochain, s&#8217;annoncent tout aussi palpitantes.<\/p>\n<p class=\"story-body-text\" data-para-word-count=\"64\">Le dernier carr\u00e9 de la CAN Maroc 2025 est connu depuis le 10 janvier 2025 et il ne reste plus que quatre pr\u00e9tendants qui lorgnent dame coupe. Le S\u00e9n\u00e9gal, le Maroc, le Nig\u00e9ria et l&#8217;Egypte ont, en effet, compost\u00e9 leur ticket pour les demi-finales \u00e0 l&#8217;issue des quarts de finale, au vu du tableau, que certains observateurs ont qualifi\u00e9 des plus relev\u00e9s de l&#8217;histoire.<\/p>\n<p class=\"story-body-text\" data-para-word-count=\"30\">Cette assertion peut \u00eatre qualifi\u00e9e de subjective par d&#8217;autres, mais ce qui est s\u00fbr ces quatre rencontres disput\u00e9es les 9 et 10 janvier dernier ont offert du spectacle. (Source Sidwaya)<\/p>\n<p class=\"story-body-text\" data-para-word-count=\"8\">L\u00e9gislatives au Benin &#8211; Un scrutin sans suspense<\/p>\n<p class=\"story-body-text\" data-para-word-count=\"43\">Les B\u00e9ninois \u00e9taient appel\u00e9s, le 11 janvier 2026, aux urnes pour \u00e9lire leurs d\u00e9put\u00e9s et leurs conseillers communaux. Cinq partis dont trois de la mouvance pr\u00e9sidentielle et deux de l&#8217;opposition, se disputent les 109 si\u00e8ges au parlement et 1 800 au niveau local.<\/p>\n<p class=\"story-body-text\" data-para-word-count=\"68\">Les heureux \u00e9lus auront un mandat de sept ans au lieu de cinq et ce, gr\u00e2ce \u00e0 la r\u00e9cente modification de la Constitution. Ce double scrutin aurait pu ne pas se tenir si le r\u00e9cent coup de force de Pascal Tigri avait r\u00e9ussi. Mais en travaillant \u00e0 pr\u00e9server l&#8217;int\u00e9grit\u00e9 des institutions et \u00e0 respecter ce rendez-vous \u00e9lectoral, les B\u00e9ninois montrent leur attachement \u00e0 la d\u00e9mocratie. (Source Le Pays)<\/p>\n<p class=\"story-body-text\" data-para-word-count=\"16\">Gabon: Retour du d\u00e9bat sur la peine de mort apr\u00e8s la m\u00e9diatisation de plusieurs crimes rituels<\/p>\n<p class=\"story-body-text\" data-para-word-count=\"48\">Au Gabon, de nombreuses r\u00e9actions, depuis le jeudi 8 janvier apr\u00e8s l&#8217;\u00e9vocation d&#8217;une \u00e9ventuelle r\u00e9introduction de la peine de mort. Le d\u00e9bat a \u00e9t\u00e9 rouvert par les autorit\u00e9s dans un contexte de forte \u00e9motion de la population suite \u00e0 plusieurs cas m\u00e9diatis\u00e9s de crimes rituels et de sang.<\/p>\n<p class=\"story-body-text\" data-para-word-count=\"43\">Lors de ces voeux \u00e0 l&#8217;administration, le pr\u00e9sident Oligui Nguema n&#8217;a pas \u00e9cart\u00e9 la possibilit\u00e9 d&#8217;un retour de la peine capitale, abolie en 2010. La derni\u00e8re ex\u00e9cution avait eu lieu en 1985. Il a renvoy\u00e9 le sujet \u00e0 une consultation populaire. (Source RFI)<\/p>\n<p class=\"story-body-text\" data-para-word-count=\"10\">Conflit des Grands Lacs : Un rendez-vous d\u00e9cisif \u00e0 Lom\u00e9<\/p>\n<p class=\"story-body-text\" data-para-word-count=\"38\">Un accord de paix a \u00e9t\u00e9 sign\u00e9 fin 2025 entre la RDC et le Rwanda \u00e0 l&#8217;initiative du pr\u00e9sident am\u00e9ricain Donald Trump. D&#8217;autres acteurs ont jou\u00e9 un r\u00f4le d\u00e9terminant, parmi lesquels le Togo au nom de l&#8217;Union africaine.<\/p>\n<p class=\"story-body-text\" data-para-word-count=\"47\">Sur le terrain, les affrontements se poursuivent entre l&#8217;arm\u00e9e congolaise et les milices du M23, qui seraient soutenues par Kigali. Cette poursuite des hostilit\u00e9s malgr\u00e9 l&#8217;accord sign\u00e9 t\u00e9moigne de la fragilit\u00e9 du processus de paix et de la n\u00e9cessit\u00e9 d&#8217;une mise en \u0153uvre rigoureuse des engagements pris.<\/p>\n<p class=\"story-body-text\" data-para-word-count=\"49\">Afin de tenter de ramener une paix v\u00e9ritable, un sommet de haut niveau est pr\u00e9vu \u00e0 Lom\u00e9 le 17 janvier. Cette rencontre s&#8217;appuie sur les efforts pr\u00e9c\u00e9dents, notamment la d\u00e9claration am\u00e9ricaine issue de la r\u00e9union du M\u00e9canisme conjoint de coordination de la s\u00e9curit\u00e9 du 20 novembre 2025. (Source Togonews)<\/p>\n<p class=\"story-body-text\" data-para-word-count=\"11\">Guin\u00e9e-Bissau : La junte et la Cedeao discutent d\u2019une transition politique<\/p>\n<p class=\"story-body-text\" data-para-word-count=\"34\">Plus d\u2019un mois apr\u00e8s le coup d\u2019\u00c9tat militaire ayant suspendu le processus \u00e9lectoral, la junte estime d\u00e9sormais qu\u2019une ann\u00e9e de transition est insuffisante. Plusieurs opposants, dont Domingos Sim\u00f5es Pereira, sont toujours derri\u00e8re les barreaux.<\/p>\n<p class=\"story-body-text\" data-para-word-count=\"48\">Le pr\u00e9sident de la Sierra Leone, Julius Maada Bio, qui assure la pr\u00e9sidence tournante de la Cedeao, et son homologue s\u00e9n\u00e9galais Bassirou Diomaye Faye ont men\u00e9 des discussions samedi 10 janvier avec la junte au pouvoir en Guin\u00e9e-Bissau sur une transition politique et la possible lib\u00e9ration de prisonniers.<\/p>\n<p class=\"story-body-text\" data-para-word-count=\"39\">Ils ont surtout tent\u00e9 d\u2019acc\u00e9l\u00e9rer la mise en place d\u2019une transition aupr\u00e8s des membres de la junte, dirig\u00e9e par le g\u00e9n\u00e9ral Horta N\u2019Tam. Les m\u00e9diateurs plaident pour une transition courte et transparente pour r\u00e9tablir l\u2019ordre constitutionnel. (Source Jeune Afrique)<\/p>\n<p class=\"story-body-text\" data-para-word-count=\"12\">Cameroun : Une requ\u00eate in\u00e9dite pour la destitution de Paul Biya d\u00e9pos\u00e9e<\/p>\n<p class=\"story-body-text\" data-para-word-count=\"68\">Une onde de choc traverse la sc\u00e8ne politique camerounaise. Le professeur Olivier Bile, pr\u00e9sident du parti Les Lib\u00e9rateurs, a franchi un pas sans pr\u00e9c\u00e9dent en saisissant officiellement le Conseil constitutionnel pour exiger la destitution du pr\u00e9sident Paul Biya. Cette d\u00e9marche, fond\u00e9e sur l&#8217;article 55 de la loi organique de 2004, accuse le chef de l&#8217;\u00c9tat, au pouvoir depuis plus de quatre d\u00e9cennies, d&#8217;une incapacit\u00e9 \u00e0 assumer ses fonctions.<\/p>\n<p class=\"story-body-text\" data-para-word-count=\"64\">La requ\u00eate, rigoureusement d\u00e9pos\u00e9e au greffe et adress\u00e9e au secr\u00e9taire g\u00e9n\u00e9ral de l&#8217;institution, Olivier Bile, invoque un silence assourdissant du pr\u00e9sident face aux crises multiformes du pays. Le professeur Bile d\u00e9nonce une gouvernance d\u00e9connect\u00e9e et une paralysie institutionnelle chronique. Son geste audacieux s&#8217;appuie sur des pr\u00e9c\u00e9dents internationaux de destitution pour incapacit\u00e9 manifeste, appelant les juges \u00e0 un acte de courage r\u00e9publicain. (Source Camer be)<\/p>\n<p class=\"story-body-text\" data-para-word-count=\"15\">Madagascar : Exportation &#8211; La fili\u00e8re vanille menac\u00e9e par le dumping et le blanchiment d&#8217;argent<\/p>\n<p class=\"story-body-text\" data-para-word-count=\"34\">La Refondation accuse un succ\u00e8s au niveau de la fili\u00e8re vanille, qui commence \u00e0 se relever. Une relance malheureusement menac\u00e9e par le dumping pratiqu\u00e9 par des acteurs qui s&#8217;adonnent visiblement \u00e0 du blanchiment d&#8217;argent.<\/p>\n<p class=\"story-body-text\" data-para-word-count=\"38\">Des op\u00e9rateurs de la fili\u00e8re vanille r\u00e9v\u00e8lent en effet que certains exportateurs proposent actuellement des offres \u00e0 10 dollars le kilo de vanille de la vari\u00e9t\u00e9 Cuts, d&#8217;un taux de vanilline de 1% \u00e0 1,4%. (Source MidiMadagasikara)<a href=\"https:\/\/fr.allafrica.com\/#facebook\" target=\"_blank\" rel=\"nofollow noopener\"><br \/><\/a><\/p>\n","protected":false},"excerpt":{"rendered":"\u00c9gypte: Les partis proches du pouvoir gagnent les l\u00e9gislatives Les partis proches du pouvoir en Egypte ont remport\u00e9&hellip;\n","protected":false},"author":2,"featured_media":198,"comment_status":"","ping_status":"","sticky":false,"template":"","format":"standard","meta":{"footnotes":""},"categories":[62],"tags":[63,64,2289,5963,654,83,269,143,657,1165,265,321,262,1982,65,532,268,8540,910,362,4285,165,96,122,322,1166,261,159,264,324,6402,263,266,325],"class_list":{"0":"post-19225","1":"post","2":"type-post","3":"status-publish","4":"format-standard","5":"has-post-thumbnail","7":"category-afrique","8":"tag-africa","9":"tag-afrique","10":"tag-agribusiness","11":"tag-arms-and-military-affairs","12":"tag-benin","13":"tag-business","14":"tag-business-and-finance","15":"tag-cameroon","16":"tag-central-africa","17":"tag-conflict","18":"tag-current-events","19":"tag-east-africa","20":"tag-economy","21":"tag-egypt","22":"tag-ethiopia","23":"tag-gabon","24":"tag-governance","25":"tag-guinea-bissau","26":"tag-industry-and-infrastructure","27":"tag-legal-and-judicial-affairs","28":"tag-madagascar","29":"tag-morocco","30":"tag-news","31":"tag-nigeria","32":"tag-north-africa","33":"tag-peace-and-security","34":"tag-politics","35":"tag-senegal","36":"tag-sports","37":"tag-sudan","38":"tag-togo","39":"tag-trade","40":"tag-travel","41":"tag-west-africa"},"share_on_mastodon":{"url":"","error":""},"_links":{"self":[{"href":"https:\/\/www.europesays.com\/africa\/wp-json\/wp\/v2\/posts\/19225","targetHints":{"allow":["GET"]}}],"collection":[{"href":"https:\/\/www.europesays.com\/africa\/wp-json\/wp\/v2\/posts"}],"about":[{"href":"https:\/\/www.europesays.com\/africa\/wp-json\/wp\/v2\/types\/post"}],"author":[{"embeddable":true,"href":"https:\/\/www.europesays.com\/africa\/wp-json\/wp\/v2\/users\/2"}],"replies":[{"embeddable":true,"href":"https:\/\/www.europesays.com\/africa\/wp-json\/wp\/v2\/comments?post=19225"}],"version-history":[{"count":0,"href":"https:\/\/www.europesays.com\/africa\/wp-json\/wp\/v2\/posts\/19225\/revisions"}],"wp:featuredmedia":[{"embeddable":true,"href":"https:\/\/www.europesays.com\/africa\/wp-json\/wp\/v2\/media\/198"}],"wp:attachment":[{"href":"https:\/\/www.europesays.com\/africa\/wp-json\/wp\/v2\/media?parent=19225"}],"wp:term":[{"taxonomy":"category","embeddable":true,"href":"https:\/\/www.europesays.com\/africa\/wp-json\/wp\/v2\/categories?post=19225"},{"taxonomy":"post_tag","embeddable":true,"href":"https:\/\/www.europesays.com\/africa\/wp-json\/wp\/v2\/tags?post=19225"}],"curies":[{"name":"wp","href":"https:\/\/api.w.org\/{rel}","templated":true}]}}