{"id":19293,"date":"2026-01-12T18:13:10","date_gmt":"2026-01-12T18:13:10","guid":{"rendered":"https:\/\/www.europesays.com\/africa\/19293\/"},"modified":"2026-01-12T18:13:10","modified_gmt":"2026-01-12T18:13:10","slug":"pourquoi-le-senegal-va-gagner-la-can-2025","status":"publish","type":"post","link":"https:\/\/www.europesays.com\/africa\/19293\/","title":{"rendered":"Pourquoi le S\u00e9n\u00e9gal va gagner la CAN 2025"},"content":{"rendered":"<p>Un parcours s\u00e9n\u00e9galais \u00e0 la CAN 2025 qui impose le respect<\/p>\n<p>Depuis le d\u00e9but du tournoi, le S\u00e9n\u00e9gal affiche un visage conqu\u00e9rant. En phase de groupes, les Lions ont d\u2019abord balay\u00e9 le Botswana sur un score net de 3-0. Une entr\u00e9e en mati\u00e8re sans appel, marqu\u00e9e par la rigueur d\u00e9fensive et l\u2019efficacit\u00e9 offensive. Face \u00e0 la RDC, le S\u00e9n\u00e9gal a conc\u00e9d\u00e9 un nul 1-1, seul match o\u00f9 l\u2019\u00e9quipe a \u00e9t\u00e9 v\u00e9ritablement pouss\u00e9e dans ses retranchements. Une piq\u00fbre de rappel vite corrig\u00e9e avec un nouveau succ\u00e8s 3-0 contre le B\u00e9nin.<\/p>\n<p>En phase \u00e0 \u00e9limination directe, le S\u00e9n\u00e9gal a hauss\u00e9 encore le niveau. Le huiti\u00e8me de finale face au Soudan a \u00e9t\u00e9 ma\u00eetris\u00e9 avec une victoire 3-1 En quart de finale, face au Mali, les Lions ont livr\u00e9 un match plus ferm\u00e9, plus tactique. Une victoire 0-1, construite dans la patience et la solidit\u00e9. Ce parcours prouve une chose. Le S\u00e9n\u00e9gal sait gagner large, mais sait aussi gagner serr\u00e9. Une qualit\u00e9 indispensable pour aller au bout.<\/p>\n<p>L\u2019\u00c9gypte, un rendez-vous familier vers la finale<\/p>\n<p>La demi-finale contre l\u2019\u00c9gypte ressemble \u00e0 un air de d\u00e9j\u00e0-vu. Depuis 2022, les deux nations se connaissent parfaitement. En finale de la CAN 2021, le S\u00e9n\u00e9gal avait pris le dessus aux tirs au but apr\u00e8s un match intense conclu sur un score de parit\u00e9. Quelques semaine plus tard, les deux \u00e9quipes se retrouvaient en barrage de la Coupe du monde. Une victoire partout, puis une qualification s\u00e9n\u00e9galaise aux d\u00e9pens de l\u2019\u00c9gypte de Mohamed Salah.<\/p>\n<p>Ces confrontations ont forg\u00e9 une certitude. Le S\u00e9n\u00e9gal ne craint pas l\u2019\u00c9gypte. Au contraire, les Lions semblent souvent mieux g\u00e9rer ces rendez-vous \u00e0 haute pression. Sadio Man\u00e9 et ses partenaires ont appris \u00e0 contr\u00f4ler les temps faibles et \u00e0 frapper au moment juste. Cette demi-finale appara\u00eet donc comme une \u00e9tape naturelle vers une nouvelle finale. Et quel que soit l\u2019adversaire ensuite, Nigeria ou Maroc, le S\u00e9n\u00e9gal poss\u00e8de les armes pour s\u2019imposer.<\/p>\n<p>Un effectif du S\u00e9n\u00e9gal profond et \u00e9quilibr\u00e9 \u00e0 tous les postes<\/p>\n<p>Peu d\u2019\u00e9quipes peuvent se targuer d\u2019une telle richesse humaine. Le S\u00e9n\u00e9gal dispose d\u2019un effectif o\u00f9 chaque poste est doubl\u00e9, parfois m\u00eame tripl\u00e9. Dans les buts, Edouard Mendy apporte son v\u00e9cu des grandes comp\u00e9titions. En d\u00e9fense, Kalidou Koulibaly reste le patron incontest\u00e9. Au milieu, Idrissa Gana Gueye incarne l\u2019exp\u00e9rience et l\u2019intelligence tactique. Devant, Sadio Man\u00e9 demeure le leader technique et mental.<\/p>\n<p>Autour de ces cadres, une nouvelle g\u00e9n\u00e9ration s\u2019impose sans complexe. Ibrahim Mbaye, Lamine Camara ou encore Nicolas Jackson incarnent le futur, mais brillent d\u00e9j\u00e0 au pr\u00e9sent. Cette compl\u00e9mentarit\u00e9 entre exp\u00e9rience et jeunesse donne au S\u00e9n\u00e9gal une longueur d\u2019avance. La concurrence interne \u00e9l\u00e8ve le niveau g\u00e9n\u00e9ral et permet au staff d\u2019adapter ses choix selon l\u2019adversaire. Dans ce contexte, aucun sc\u00e9nario ne semble effrayer les Lions.<\/p>\n<p>La faim d\u2019un groupe de Lions marqu\u00e9 par le pass\u00e9 r\u00e9cent<\/p>\n<p>Cette CAN 2025 est aussi une affaire de revanche. L\u2019\u00e9limination pr\u00e9coce lors de la CAN 2023, d\u00e8s les huiti\u00e8mes de finale face \u00e0 la C\u00f4te d\u2019Ivoire, reste un souvenir douloureux. Ce revers a laiss\u00e9 des traces, mais il a surtout nourri une d\u00e9termination nouvelle. Le S\u00e9n\u00e9gal veut r\u00e9affirmer son statut de r\u00e9f\u00e9rence africaine.<\/p>\n<p>Cette soif de revanche est partag\u00e9e par le s\u00e9lectionneur. \u00ab Avant de dormir, je pense toujours \u00e0 remporter la CAN \u00bb, a confi\u00e9 Pape Thiaw. Cette d\u00e9claration r\u00e9sume l\u2019\u00e9tat d\u2019esprit du groupe. Rien n\u2019est laiss\u00e9 au hasard. Chaque match est abord\u00e9 comme une finale. \u00c0 deux rencontres du titre, le S\u00e9n\u00e9gal semble aligner tous les param\u00e8tres. L\u2019exp\u00e9rience, le talent, la motivation et la m\u00e9moire de l\u2019\u00e9chec. Tout converge vers une issue claire. Les Lions de la Teranga sont pr\u00eats \u00e0 reprendre leur couronne.<\/p>\n<p>   Partagez cette info avec vos amis et vos proches en cliquant ici<br \/> Pour r\u00e9sumer<\/p>\n<p>Solide, exp\u00e9riment\u00e9 et revanchard, le S\u00e9n\u00e9gal impressionne \u00e0 la CAN 2025. Capable de gagner large ou serr\u00e9, arm\u00e9 d\u2019un effectif profond et mentalement pr\u00eat, il aborde les derniers tours avec ma\u00eetrise, ambition et une faim de reconqu\u00eate qui en fait un favori cr\u00e9dible au sacre.<\/p>\n<p>R\u00e9dacteur<\/p>\n<p><img decoding=\"async\" width=\"76\" height=\"76\" loading=\"lazy\" src=\"https:\/\/www.europesays.com\/africa\/wp-content\/uploads\/2026\/01\/avatar-onze.webp.webp\" alt=\"Faudel Amoussou\"\/><\/p>\n","protected":false},"excerpt":{"rendered":"Un parcours s\u00e9n\u00e9galais \u00e0 la CAN 2025 qui impose le respect Depuis le d\u00e9but du tournoi, le S\u00e9n\u00e9gal&hellip;\n","protected":false},"author":2,"featured_media":19294,"comment_status":"","ping_status":"","sticky":false,"template":"","format":"standard","meta":{"footnotes":""},"categories":[48],"tags":[360,159],"class_list":{"0":"post-19293","1":"post","2":"type-post","3":"status-publish","4":"format-standard","5":"has-post-thumbnail","7":"category-senegal","8":"tag-can","9":"tag-senegal"},"share_on_mastodon":{"url":"","error":""},"_links":{"self":[{"href":"https:\/\/www.europesays.com\/africa\/wp-json\/wp\/v2\/posts\/19293","targetHints":{"allow":["GET"]}}],"collection":[{"href":"https:\/\/www.europesays.com\/africa\/wp-json\/wp\/v2\/posts"}],"about":[{"href":"https:\/\/www.europesays.com\/africa\/wp-json\/wp\/v2\/types\/post"}],"author":[{"embeddable":true,"href":"https:\/\/www.europesays.com\/africa\/wp-json\/wp\/v2\/users\/2"}],"replies":[{"embeddable":true,"href":"https:\/\/www.europesays.com\/africa\/wp-json\/wp\/v2\/comments?post=19293"}],"version-history":[{"count":0,"href":"https:\/\/www.europesays.com\/africa\/wp-json\/wp\/v2\/posts\/19293\/revisions"}],"wp:featuredmedia":[{"embeddable":true,"href":"https:\/\/www.europesays.com\/africa\/wp-json\/wp\/v2\/media\/19294"}],"wp:attachment":[{"href":"https:\/\/www.europesays.com\/africa\/wp-json\/wp\/v2\/media?parent=19293"}],"wp:term":[{"taxonomy":"category","embeddable":true,"href":"https:\/\/www.europesays.com\/africa\/wp-json\/wp\/v2\/categories?post=19293"},{"taxonomy":"post_tag","embeddable":true,"href":"https:\/\/www.europesays.com\/africa\/wp-json\/wp\/v2\/tags?post=19293"}],"curies":[{"name":"wp","href":"https:\/\/api.w.org\/{rel}","templated":true}]}}