{"id":19295,"date":"2026-01-12T18:14:09","date_gmt":"2026-01-12T18:14:09","guid":{"rendered":"https:\/\/www.europesays.com\/africa\/19295\/"},"modified":"2026-01-12T18:14:09","modified_gmt":"2026-01-12T18:14:09","slug":"le-maroc-declare-la-fin-de-sept-annees-de-secheresse-apres-des-pluies-hivernales-abondantes","status":"publish","type":"post","link":"https:\/\/www.europesays.com\/africa\/19295\/","title":{"rendered":"Le Maroc d\u00e9clare la fin de sept ann\u00e9es de s\u00e9cheresse apr\u00e8s des pluies hivernales abondantes"},"content":{"rendered":"<p>                    La s\u00e9cheresse qui frappait le Maroc depuis sept ans a pris fin gr\u00e2ce \u00e0 des pr\u00e9cipitations abondantes cet hiver, a annonc\u00e9 lundi le ministre de l&#8217;Eau, Nizar Baraka.<\/p>\n<p>Le niveau des pr\u00e9cipitations enregistr\u00e9 jusqu&#8217;\u00e0 pr\u00e9sent cet hiver est en hausse de 95% par rapport \u00e0 l&#8217;ann\u00e9e pr\u00e9c\u00e9dente et de 17% sup\u00e9rieur \u00e0 la moyenne saisonni\u00e8re, a indiqu\u00e9 Baraka devant les membres du Parlement.<\/p>\n<p>Le taux moyen de remplissage des barrages a atteint 46%, plusieurs r\u00e9servoirs cl\u00e9s affichant d\u00e9sormais une capacit\u00e9 maximale, selon les donn\u00e9es officielles.<\/p>\n<p>Ces pluies ont apport\u00e9 un soulagement au secteur agricole apr\u00e8s des ann\u00e9es de restrictions d&#8217;eau.<br \/>Sept ann\u00e9es de s\u00e9cheresse avaient \u00e9puis\u00e9 les r\u00e9serves des barrages marocains, r\u00e9duit la r\u00e9colte de bl\u00e9, diminu\u00e9 le cheptel national, entra\u00een\u00e9 d&#8217;importantes pertes d&#8217;emplois agricoles et pouss\u00e9 le pays \u00e0 acc\u00e9l\u00e9rer ses projets de dessalement.<br \/>Le Maroc vise \u00e0 fournir 60% de son eau potable \u00e0 partir d&#8217;eau de mer trait\u00e9e d&#8217;ici 2030, contre 25% auparavant, tout en r\u00e9servant l&#8217;eau des barrages aux r\u00e9gions int\u00e9rieures du pays, a expliqu\u00e9 Baraka \u00e0 Reuters en d\u00e9cembre.<br \/>(Reportage de Menna Alaa El-Din et Ahmed El Jechtimi)<\/p>\n","protected":false},"excerpt":{"rendered":"La s\u00e9cheresse qui frappait le Maroc depuis sept ans a pris fin gr\u00e2ce \u00e0 des pr\u00e9cipitations abondantes cet&hellip;\n","protected":false},"author":2,"featured_media":19296,"comment_status":"","ping_status":"","sticky":false,"template":"","format":"standard","meta":{"footnotes":""},"categories":[41],"tags":[5921,158],"class_list":{"0":"post-19295","1":"post","2":"type-post","3":"status-publish","4":"format-standard","5":"has-post-thumbnail","7":"category-maroc","8":"tag-bourse","9":"tag-maroc"},"share_on_mastodon":{"url":"","error":""},"_links":{"self":[{"href":"https:\/\/www.europesays.com\/africa\/wp-json\/wp\/v2\/posts\/19295","targetHints":{"allow":["GET"]}}],"collection":[{"href":"https:\/\/www.europesays.com\/africa\/wp-json\/wp\/v2\/posts"}],"about":[{"href":"https:\/\/www.europesays.com\/africa\/wp-json\/wp\/v2\/types\/post"}],"author":[{"embeddable":true,"href":"https:\/\/www.europesays.com\/africa\/wp-json\/wp\/v2\/users\/2"}],"replies":[{"embeddable":true,"href":"https:\/\/www.europesays.com\/africa\/wp-json\/wp\/v2\/comments?post=19295"}],"version-history":[{"count":0,"href":"https:\/\/www.europesays.com\/africa\/wp-json\/wp\/v2\/posts\/19295\/revisions"}],"wp:featuredmedia":[{"embeddable":true,"href":"https:\/\/www.europesays.com\/africa\/wp-json\/wp\/v2\/media\/19296"}],"wp:attachment":[{"href":"https:\/\/www.europesays.com\/africa\/wp-json\/wp\/v2\/media?parent=19295"}],"wp:term":[{"taxonomy":"category","embeddable":true,"href":"https:\/\/www.europesays.com\/africa\/wp-json\/wp\/v2\/categories?post=19295"},{"taxonomy":"post_tag","embeddable":true,"href":"https:\/\/www.europesays.com\/africa\/wp-json\/wp\/v2\/tags?post=19295"}],"curies":[{"name":"wp","href":"https:\/\/api.w.org\/{rel}","templated":true}]}}