{"id":19331,"date":"2026-01-12T18:38:21","date_gmt":"2026-01-12T18:38:21","guid":{"rendered":"https:\/\/www.europesays.com\/africa\/19331\/"},"modified":"2026-01-12T18:38:21","modified_gmt":"2026-01-12T18:38:21","slug":"afrique-can-tik-tok-reseaux-sociaux-influenceurs-commentateurs-le-continent-en-mondiovision","status":"publish","type":"post","link":"https:\/\/www.europesays.com\/africa\/19331\/","title":{"rendered":"Afrique: CAN, Tik-Tok, r\u00e9seaux sociaux, influenceurs, commentateurs &#8211; Le continent en mondiovision"},"content":{"rendered":"<p class=\"story-body-text\" data-para-word-count=\"52\">La CAN 2026 au Maroc aura assur\u00e9ment mis le monde en \u00e9bullition. Pour la premi\u00e8re fois depuis l&#8217;av\u00e8nement des nouvelles technologies de l&#8217;information et de la communication, une comp\u00e9tition sportive aura suscit\u00e9 autant de passions et d&#8217;\u00e9nergie mettant en transes des milliers d&#8217;hommes et de femmes pris dans le tourbillon du football.<\/p>\n<p class=\"story-body-text\" data-para-word-count=\"36\">La CAN du Maroc n&#8217;est pas une simple comp\u00e9tition de football entre des \u00e9quipes nationales, elle est le barom\u00e8tre d&#8217;une Afrique entr\u00e9e dans la mondialisation d&#8217;une communication sociale que seuls Internet et ses d\u00e9riv\u00e9s peuvent autoriser.<\/p>\n<p class=\"story-body-text\" data-para-word-count=\"55\">\u00c9picentre de tout ce d\u00e9luge d&#8217;\u00e9nergies, les stades marocains continuent de r\u00e9v\u00e9ler une Afrique arc en ciel, multiforme, multicolore, plurielle. Un continent o\u00f9 la pression et la passion ne dispensent pas de la joie et de la communion. Elle ne se contente pas d&#8217;\u00eatre un tournoi de football ; elle marque l&#8217;av\u00e8nement d&#8217;une Afrique hyper-connect\u00e9e.<\/p>\n<p class=\"story-body-text\" data-para-word-count=\"6\">La CAN du \u00ab Tout-Num\u00e9rique \u00bb<\/p>\n<p class=\"story-body-text\" style=\"text-align: center;\">\n<p>Restez inform\u00e9 des derniers gros titres sur <a href=\"https:\/\/whatsapp.com\/channel\/0029Vae09IP4inotqC0BUQ2V\" target=\"_blank\" rel=\"nofollow noopener\">WhatsApp<\/a> | <a href=\"https:\/\/www.linkedin.com\/company\/allafrica\/\" target=\"_blank\" rel=\"nofollow noopener\">LinkedIn<\/a><\/p>\n<p class=\"story-body-text\" data-para-word-count=\"66\">Jamais une \u00e9dition n&#8217;avait g\u00e9n\u00e9r\u00e9 autant de flux sur TikTok et Instagram. Influenceurs et Cr\u00e9ateurs : Pour la premi\u00e8re fois, la CAF et le pays h\u00f4te ont int\u00e9gr\u00e9 les influenceurs comme des vecteurs officiels (et parfois officieux) de communication. Des vlogs en immersion aux analyses tactiques sur le vif, l&#8217;information ne passe plus seulement par les journalistes accr\u00e9dit\u00e9s, mais par le regard de milliers de fans-cr\u00e9ateurs.<\/p>\n<p class=\"story-body-text\" data-para-word-count=\"31\">Chaque geste technique, chaque communion dans les tribunes et m\u00eame les pol\u00e9miques se propagent en quelques secondes, faisant de cette CAN un \u00e9v\u00e9nement global suivi bien au-del\u00e0 des fronti\u00e8res du continent.<\/p>\n<p class=\"story-body-text\" data-para-word-count=\"5\">Le Maroc, vitrine de modernit\u00e9<\/p>\n<p class=\"story-body-text\" data-para-word-count=\"48\">Le choix du Maroc comme h\u00f4te n&#8217;est pas anodin. Le pays a mis\u00e9 sur une infrastructure de communication de pointe (5G g\u00e9n\u00e9ralis\u00e9e dans les stades, plateformes de billetterie num\u00e9rique, connectivit\u00e9 Inwi d\u00e9di\u00e9e). Cela a permis de transformer le stade en un immense studio de diffusion \u00e0 ciel ouvert.<\/p>\n<p class=\"story-body-text\" data-para-word-count=\"2\">L&#8217;Afrique Arc-en-Ciel<\/p>\n<p class=\"story-body-text\" data-para-word-count=\"58\">Au-del\u00e0 des \u00e9crans, les stades de Rabat, Tanger, Agadir, Casablanca ou Marrakech sont devenus le th\u00e9\u00e2tre d&#8217;une communion physique qui rompt l&#8217;isolement num\u00e9rique et place l&#8217;Afrique au centre de la connectivit\u00e9. C&#8217;est le paradoxe r\u00e9ussi de cette \u00e9dition : le virtuel amplifie la passion, mais le r\u00e9el (la f\u00eate dans les tribunes) reste le coeur battant du spectacle.<\/p>\n<p class=\"story-body-text\" data-para-word-count=\"5\">Un Barom\u00e8tre de la Mondialisation<\/p>\n<p class=\"story-body-text\" data-para-word-count=\"36\">Cette CAN montre que l&#8217;Afrique ne consomme plus seulement la mondialisation num\u00e9rique, elle la produit. Les codes visuels, les musiques virales et les tendances sociales n\u00e9s dans les stades marocains s&#8217;exportent d\u00e9sormais partout dans le monde.<\/p>\n","protected":false},"excerpt":{"rendered":"La CAN 2026 au Maroc aura assur\u00e9ment mis le monde en \u00e9bullition. Pour la premi\u00e8re fois depuis l&#8217;av\u00e8nement&hellip;\n","protected":false},"author":2,"featured_media":19332,"comment_status":"","ping_status":"","sticky":false,"template":"","format":"standard","meta":{"footnotes":""},"categories":[62],"tags":[63,64,83,269,265,262,1072,96,261,323,310,264,1073,263,266],"class_list":{"0":"post-19331","1":"post","2":"type-post","3":"status-publish","4":"format-standard","5":"has-post-thumbnail","7":"category-afrique","8":"tag-africa","9":"tag-afrique","10":"tag-business","11":"tag-business-and-finance","12":"tag-current-events","13":"tag-economy","14":"tag-ict-and-telecom","15":"tag-news","16":"tag-politics","17":"tag-soccer","18":"tag-sport","19":"tag-sports","20":"tag-technology","21":"tag-trade","22":"tag-travel"},"share_on_mastodon":{"url":"","error":""},"_links":{"self":[{"href":"https:\/\/www.europesays.com\/africa\/wp-json\/wp\/v2\/posts\/19331","targetHints":{"allow":["GET"]}}],"collection":[{"href":"https:\/\/www.europesays.com\/africa\/wp-json\/wp\/v2\/posts"}],"about":[{"href":"https:\/\/www.europesays.com\/africa\/wp-json\/wp\/v2\/types\/post"}],"author":[{"embeddable":true,"href":"https:\/\/www.europesays.com\/africa\/wp-json\/wp\/v2\/users\/2"}],"replies":[{"embeddable":true,"href":"https:\/\/www.europesays.com\/africa\/wp-json\/wp\/v2\/comments?post=19331"}],"version-history":[{"count":0,"href":"https:\/\/www.europesays.com\/africa\/wp-json\/wp\/v2\/posts\/19331\/revisions"}],"wp:featuredmedia":[{"embeddable":true,"href":"https:\/\/www.europesays.com\/africa\/wp-json\/wp\/v2\/media\/19332"}],"wp:attachment":[{"href":"https:\/\/www.europesays.com\/africa\/wp-json\/wp\/v2\/media?parent=19331"}],"wp:term":[{"taxonomy":"category","embeddable":true,"href":"https:\/\/www.europesays.com\/africa\/wp-json\/wp\/v2\/categories?post=19331"},{"taxonomy":"post_tag","embeddable":true,"href":"https:\/\/www.europesays.com\/africa\/wp-json\/wp\/v2\/tags?post=19331"}],"curies":[{"name":"wp","href":"https:\/\/api.w.org\/{rel}","templated":true}]}}