{"id":19360,"date":"2026-01-12T18:56:08","date_gmt":"2026-01-12T18:56:08","guid":{"rendered":"https:\/\/www.europesays.com\/africa\/19360\/"},"modified":"2026-01-12T18:56:08","modified_gmt":"2026-01-12T18:56:08","slug":"berrid-recoit-le-sous-secretaire-adjoint-a-la-guerre-des-etats-unis-charge-des-affaires-africaines","status":"publish","type":"post","link":"https:\/\/www.europesays.com\/africa\/19360\/","title":{"rendered":"Berrid re\u00e7oit le sous-secr\u00e9taire Adjoint \u00e0 la guerre des \u00c9tats-Unis, charg\u00e9 des affaires africaines"},"content":{"rendered":"<p>Sur Hautes Instructions de Sa Majest\u00e9 le Roi, Chef Supr\u00eame et Chef d\u2019Etat-Major G\u00e9n\u00e9ral des Forces Arm\u00e9es Royales, le G\u00e9n\u00e9ral de Corps d\u2019Arm\u00e9e Mohammed Berrid, Inspecteur G\u00e9n\u00e9ral des FAR et Commandant la Zone Sud, a re\u00e7u, lundi au si\u00e8ge de l\u2019\u00c9tat-Major G\u00e9n\u00e9ral des FAR, M. Bryan J. Ellis, Sous-Secr\u00e9taire Adjoint \u00e0 la guerre des \u00c9tats-Unis d\u2019Am\u00e9rique, charg\u00e9 des Affaires africaines, en visite au Royaume du Maroc du 11 au 13 janvier, accompagn\u00e9 d\u2019une d\u00e9l\u00e9gation officielle de haut niveau.<\/p>\n<p>L\u2019Inspecteur G\u00e9n\u00e9ral des FAR et le Sous-Secr\u00e9taire Adjoint \u00e0 la guerre des \u00c9tats-Unis d\u2019Am\u00e9rique, charg\u00e9 des Affaires africaines ont principalement abord\u00e9 les sujets et axes de coop\u00e9ration militaire qui seront examin\u00e9s lors de la prochaine R\u00e9union du Comit\u00e9 Consultatif de D\u00e9fense, qui aura lieu en 2026 \u00e0 Washington DC, indique un communiqu\u00e9 de l\u2019Etat-Major G\u00e9n\u00e9ral des Forces Arm\u00e9es Royales.<\/p>\n","protected":false},"excerpt":{"rendered":"Sur Hautes Instructions de Sa Majest\u00e9 le Roi, Chef Supr\u00eame et Chef d\u2019Etat-Major G\u00e9n\u00e9ral des Forces Arm\u00e9es Royales,&hellip;\n","protected":false},"author":2,"featured_media":19361,"comment_status":"","ping_status":"","sticky":false,"template":"","format":"standard","meta":{"footnotes":""},"categories":[41],"tags":[3869,3874,3873,3870,3872,158,3871],"class_list":{"0":"post-19360","1":"post","2":"type-post","3":"status-publish","4":"format-standard","5":"has-post-thumbnail","7":"category-maroc","8":"tag-actualite-maroc","9":"tag-akhbar","10":"tag-journal","11":"tag-journal-maroc","12":"tag-lavieeco","13":"tag-maroc","14":"tag-press-maroc"},"share_on_mastodon":{"url":"","error":""},"_links":{"self":[{"href":"https:\/\/www.europesays.com\/africa\/wp-json\/wp\/v2\/posts\/19360","targetHints":{"allow":["GET"]}}],"collection":[{"href":"https:\/\/www.europesays.com\/africa\/wp-json\/wp\/v2\/posts"}],"about":[{"href":"https:\/\/www.europesays.com\/africa\/wp-json\/wp\/v2\/types\/post"}],"author":[{"embeddable":true,"href":"https:\/\/www.europesays.com\/africa\/wp-json\/wp\/v2\/users\/2"}],"replies":[{"embeddable":true,"href":"https:\/\/www.europesays.com\/africa\/wp-json\/wp\/v2\/comments?post=19360"}],"version-history":[{"count":0,"href":"https:\/\/www.europesays.com\/africa\/wp-json\/wp\/v2\/posts\/19360\/revisions"}],"wp:featuredmedia":[{"embeddable":true,"href":"https:\/\/www.europesays.com\/africa\/wp-json\/wp\/v2\/media\/19361"}],"wp:attachment":[{"href":"https:\/\/www.europesays.com\/africa\/wp-json\/wp\/v2\/media?parent=19360"}],"wp:term":[{"taxonomy":"category","embeddable":true,"href":"https:\/\/www.europesays.com\/africa\/wp-json\/wp\/v2\/categories?post=19360"},{"taxonomy":"post_tag","embeddable":true,"href":"https:\/\/www.europesays.com\/africa\/wp-json\/wp\/v2\/tags?post=19360"}],"curies":[{"name":"wp","href":"https:\/\/api.w.org\/{rel}","templated":true}]}}