{"id":1938,"date":"2026-01-04T04:29:07","date_gmt":"2026-01-04T04:29:07","guid":{"rendered":"https:\/\/www.europesays.com\/africa\/1938\/"},"modified":"2026-01-04T04:29:07","modified_gmt":"2026-01-04T04:29:07","slug":"lexpatriation-et-le-marche-de-lemploi-en-suede-vivre-ailleurs","status":"publish","type":"post","link":"https:\/\/www.europesays.com\/africa\/1938\/","title":{"rendered":"L&#8217;expatriation et le march\u00e9 de l&#8217;emploi en Su\u00e8de &#8211; Vivre ailleurs"},"content":{"rendered":"<p class=\"t-content__chapo\">\n                                                La Su\u00e8de a besoin de travailleurs expatri\u00e9s pour pallier ses p\u00e9nuries de main-d\u2019\u0153uvre dans divers secteurs. Originaire du S\u00e9n\u00e9gal, Banna Thioubou travaille au service gouvernemental de l\u2019emploi \u00e0 Kalmar, au bord de la mer Baltique, dans le sud-est de la Su\u00e8de. Elle vient de participer \u00e0 l\u2019\u00e9dition 2025 du Salon \u00ab\u00a0S\u2019expatrier, Mode d\u2019Emploi\u00a0\u00bb, \u00e0 Paris. (Rediffusion du 27 avril 2025)                    <\/p>\n<p><img decoding=\"async\" fetchpriority=\"low\" src=\"https:\/\/www.europesays.com\/africa\/wp-content\/uploads\/2026\/01\/GettyImages-2086033410.jpg\"   width=\"1024\" height=\"576\" alt=\"La ville de Kalmar, sur la c\u00f4te de la mer Baltique, en Su\u00e8de.\" loading=\"eager\" class=\"a-img \"\/><\/p>\n<p>                La ville de Kalmar, sur la c\u00f4te de la mer Baltique, en Su\u00e8de.                Getty Images &#8211; Marcus Lindstrom            <\/p>\n<p>\u00a0<\/p>\n<p class=\"a-read-more\">\u00c0 lire aussi<a target=\"_self\" href=\"https:\/\/www.rfi.fr\/fr\/podcasts\/vivre-ailleurs\/20251220-se-prot\u00e9ger-des-contrats-de-travail-abusifs-\u00e0-l-\u00e9tranger\" class=\"a-read-more__link\" rel=\"nofollow noopener\">Se prot\u00e9ger des contrats de travail abusifs \u00e0 l&#8217;\u00e9tranger<\/a><\/p>\n","protected":false},"excerpt":{"rendered":"La Su\u00e8de a besoin de travailleurs expatri\u00e9s pour pallier ses p\u00e9nuries de main-d\u2019\u0153uvre dans divers secteurs. Originaire du&hellip;\n","protected":false},"author":2,"featured_media":1939,"comment_status":"","ping_status":"","sticky":false,"template":"","format":"standard","meta":{"footnotes":""},"categories":[48],"tags":[2011,159,2010,2009],"class_list":{"0":"post-1938","1":"post","2":"type-post","3":"status-publish","4":"format-standard","5":"has-post-thumbnail","7":"category-senegal","8":"tag-emploi-et-travail","9":"tag-senegal","10":"tag-suede","11":"tag-vivre-ailleurs"},"share_on_mastodon":{"url":"","error":""},"_links":{"self":[{"href":"https:\/\/www.europesays.com\/africa\/wp-json\/wp\/v2\/posts\/1938","targetHints":{"allow":["GET"]}}],"collection":[{"href":"https:\/\/www.europesays.com\/africa\/wp-json\/wp\/v2\/posts"}],"about":[{"href":"https:\/\/www.europesays.com\/africa\/wp-json\/wp\/v2\/types\/post"}],"author":[{"embeddable":true,"href":"https:\/\/www.europesays.com\/africa\/wp-json\/wp\/v2\/users\/2"}],"replies":[{"embeddable":true,"href":"https:\/\/www.europesays.com\/africa\/wp-json\/wp\/v2\/comments?post=1938"}],"version-history":[{"count":0,"href":"https:\/\/www.europesays.com\/africa\/wp-json\/wp\/v2\/posts\/1938\/revisions"}],"wp:featuredmedia":[{"embeddable":true,"href":"https:\/\/www.europesays.com\/africa\/wp-json\/wp\/v2\/media\/1939"}],"wp:attachment":[{"href":"https:\/\/www.europesays.com\/africa\/wp-json\/wp\/v2\/media?parent=1938"}],"wp:term":[{"taxonomy":"category","embeddable":true,"href":"https:\/\/www.europesays.com\/africa\/wp-json\/wp\/v2\/categories?post=1938"},{"taxonomy":"post_tag","embeddable":true,"href":"https:\/\/www.europesays.com\/africa\/wp-json\/wp\/v2\/tags?post=1938"}],"curies":[{"name":"wp","href":"https:\/\/api.w.org\/{rel}","templated":true}]}}