{"id":194,"date":"2026-01-03T12:02:13","date_gmt":"2026-01-03T12:02:13","guid":{"rendered":"https:\/\/www.europesays.com\/africa\/194\/"},"modified":"2026-01-03T12:02:13","modified_gmt":"2026-01-03T12:02:13","slug":"berkane-mauvaise-fortune-et-bon-coeur","status":"publish","type":"post","link":"https:\/\/www.europesays.com\/africa\/194\/","title":{"rendered":"Berkane, mauvaise fortune et bon c\u0153ur"},"content":{"rendered":"<p style=\"text-align: justify;\">Il est le seul joueur de champ, avec le gardien Oussama Benbot, \u00e0 ne pas avoir encore foul\u00e9 la pelouse depuis le d\u00e9but de la CAN 2025. Une situation toujours d\u00e9licate \u00e0 vivre pour un international, a fortiori lorsqu\u2019il s\u2019agit d\u2019une premi\u00e8re convocation avec l\u2019\u00e9quipe A. Pourtant, Redouane Berkane accueille cette r\u00e9alit\u00e9 avec un calme et une lucidit\u00e9 qui en disent long sur son \u00e9tat d\u2019esprit.<\/p>\n<p style=\"text-align: justify;\">Vladimir Petkovic a pourtant fait tourner son effectif lors de la victoire face \u00e0 la Guin\u00e9e \u00e9quatoriale (3-1). Mais le sc\u00e9nario de la rencontre et les choix op\u00e9r\u00e9s par le s\u00e9lectionneur national ont maintenu l\u2019attaquant d\u2019Al Wakrah sur le banc, tandis que Bekrar, peu inspir\u00e9, allait au terme de la partie. Un choix qui aurait pu nourrir des regrets, voire une forme d\u2019amertume. Berkane, lui, a pr\u00e9f\u00e9r\u00e9 y voir autre chose.<\/p>\n<p style=\"text-align: justify;\">Jeudi, \u00e0 Rabat, en marge du quartier g\u00e9n\u00e9ral accord\u00e9 aux Verts, le natif de Tazmalt a livr\u00e9 un discours empreint d\u2019altruisme \u00e0 des supporters venus \u00e0 sa rencontre. Le collectif d\u2019abord, et une pointe de philosophie pour faire, s\u2019il en est, de mauvaise fortune bon c\u0153ur. \u00ab Peut-\u00eatre que si j\u2019avais jou\u00e9, je me serais bless\u00e9 \u00bb, a-t-il gliss\u00e9.<\/p>\n<p style=\"text-align: justify;\">Il faut dire que l\u2019attaquant d\u00e9couvre \u00e0 peine l\u2019univers des A. Jamais encore il n\u2019avait port\u00e9 le maillot de la s\u00e9lection premi\u00e8re avant cette CAN. Son ticket pour la comp\u00e9tition, il l\u2019a compost\u00e9 gr\u00e2ce \u00e0 une prestation remarqu\u00e9e lors de la Coupe Arabe FIFA Qatar 2025 avec l\u2019EN A\u2019, o\u00f9 il avait su se distinguer par son impact et sa g\u00e9n\u00e9rosit\u00e9 dans l\u2019effort. Un passage r\u00e9ussi qui lui a ouvert les portes du groupe de Petkovic, au dernier moment, mais aussi d\u2019une concurrence autrement plus relev\u00e9e.<\/p>\n<p style=\"text-align: justify;\">Pour autant, son absence de temps de jeu n\u2019efface pas la curiosit\u00e9 qu\u2019il suscite. Athl\u00e9tique, technique, encore perfectible, l\u2019ancien buteur de la JS Kabylie conserve une cote intacte aupr\u00e8s de nombreux observateurs, qui estiment que son profil pourrait offrir une alternative int\u00e9ressante en attaque.<\/p>\n<p style=\"text-align: justify;\">En attendant, Redouane Berkane patiente. Sans bruit, sans plainte. Dans une posture altruiste, alliage de recul et de solidarit\u00e9, il incarne cette id\u00e9e simple qui veut que m\u00eame depuis le banc, on peut servir la s\u00e9lection. Et parfois, accepter de ne pas jouer est une autre mani\u00e8re de jouer le jeu. Et \u00e0 ce jeu-l\u00e0, on ne perd presque jamais\u2026<\/p>\n<p>LIRE EGALEMENT : <a href=\"https:\/\/lagazettedufennec.com\/can-2025-algerie-hitman-abdelli\/\" rel=\"nofollow noopener\" target=\"_blank\">CAN 2025\/Alg\u00e9rie : Hitman Abdelli<\/a><\/p>\n","protected":false},"excerpt":{"rendered":"Il est le seul joueur de champ, avec le gardien Oussama Benbot, \u00e0 ne pas avoir encore foul\u00e9&hellip;\n","protected":false},"author":2,"featured_media":195,"comment_status":"","ping_status":"","sticky":false,"template":"","format":"standard","meta":{"footnotes":""},"categories":[254],"tags":[255,256,257,258,259,260],"class_list":{"0":"post-194","1":"post","2":"type-post","3":"status-publish","4":"format-standard","5":"has-post-thumbnail","7":"category-algerie","8":"tag-algerie","9":"tag-algu00e9rie-can","10":"tag-berkane","11":"tag-berkane-algu00e9rie","12":"tag-berkane-can-2025","13":"tag-redouane-berkane"},"share_on_mastodon":{"url":"","error":""},"_links":{"self":[{"href":"https:\/\/www.europesays.com\/africa\/wp-json\/wp\/v2\/posts\/194","targetHints":{"allow":["GET"]}}],"collection":[{"href":"https:\/\/www.europesays.com\/africa\/wp-json\/wp\/v2\/posts"}],"about":[{"href":"https:\/\/www.europesays.com\/africa\/wp-json\/wp\/v2\/types\/post"}],"author":[{"embeddable":true,"href":"https:\/\/www.europesays.com\/africa\/wp-json\/wp\/v2\/users\/2"}],"replies":[{"embeddable":true,"href":"https:\/\/www.europesays.com\/africa\/wp-json\/wp\/v2\/comments?post=194"}],"version-history":[{"count":0,"href":"https:\/\/www.europesays.com\/africa\/wp-json\/wp\/v2\/posts\/194\/revisions"}],"wp:featuredmedia":[{"embeddable":true,"href":"https:\/\/www.europesays.com\/africa\/wp-json\/wp\/v2\/media\/195"}],"wp:attachment":[{"href":"https:\/\/www.europesays.com\/africa\/wp-json\/wp\/v2\/media?parent=194"}],"wp:term":[{"taxonomy":"category","embeddable":true,"href":"https:\/\/www.europesays.com\/africa\/wp-json\/wp\/v2\/categories?post=194"},{"taxonomy":"post_tag","embeddable":true,"href":"https:\/\/www.europesays.com\/africa\/wp-json\/wp\/v2\/tags?post=194"}],"curies":[{"name":"wp","href":"https:\/\/api.w.org\/{rel}","templated":true}]}}