{"id":19504,"date":"2026-01-12T20:33:08","date_gmt":"2026-01-12T20:33:08","guid":{"rendered":"https:\/\/www.europesays.com\/africa\/19504\/"},"modified":"2026-01-12T20:33:08","modified_gmt":"2026-01-12T20:33:08","slug":"1940-1943-quelle-algerie-francaise-debatdoc","status":"publish","type":"post","link":"https:\/\/www.europesays.com\/africa\/19504\/","title":{"rendered":"1940-1943 : Quelle Alg\u00e9rie Fran\u00e7aise ? &#8211; D\u00e9batDoc"},"content":{"rendered":"<p>Que s&#8217;est-il pass\u00e9 entre l&#8217;\u00e9t\u00e9 1940 et l&#8217;\u00e9t\u00e9 1943 en Alg\u00e9rie fran\u00e7aise ? \u00c0 l&#8217;\u00e9poque, Philippe P\u00e9tain entend restaurer l&#8217;ordre colonial et mettre au pas les populations qualifi\u00e9es d&#8217;\u00ab indig\u00e8nes \u00bb. Le d\u00e9cret Cr\u00e9mieux, qui accordait aux juifs d&#8217;Alg\u00e9rie la citoyennet\u00e9 fran\u00e7aise, est abrog\u00e9 en 1940. Cependant, l&#8217;arriv\u00e9e des alli\u00e9s \u00e0 Alger en novembre 1942 ne marque pas un tournant politique&#8230; &#13;&#13;Pour en discuter, Jean-Pierre Gratien re\u00e7oit le co-auteur du documentaire, Jacques Attali, et l&#8217;historienne, Alya Aglan.&#13;&#13;LCP fait la part belle \u00e0 l&#8217;\u00e9criture documentaire en prime time. Ce rendez-vous offre une approche diff\u00e9renci\u00e9e des r\u00e9alit\u00e9s politiques, \u00e9conomiques, sociales ou mondiales&#8230;.autant de th\u00e9matiques qui invitent \u00e0 prolonger le documentaire \u00e0 l&#8217;occasion d&#8217;un d\u00e9bat anim\u00e9 par Jean-Pierre Gratien, en pr\u00e9sence de parlementaires, acteurs de notre soci\u00e9t\u00e9 et experts.<\/p>\n<p>plus<\/p>\n","protected":false},"excerpt":{"rendered":"Que s&#8217;est-il pass\u00e9 entre l&#8217;\u00e9t\u00e9 1940 et l&#8217;\u00e9t\u00e9 1943 en Alg\u00e9rie fran\u00e7aise ? \u00c0 l&#8217;\u00e9poque, Philippe P\u00e9tain entend&hellip;\n","protected":false},"author":2,"featured_media":19505,"comment_status":"","ping_status":"","sticky":false,"template":"","format":"standard","meta":{"footnotes":""},"categories":[254],"tags":[255,12258,12262,12263,12259,12271,12275,12267,12270,12274,12266,12256,12260,12261,12257,12268,12269,12272,12273,12264,12265],"class_list":{"0":"post-19504","1":"post","2":"type-post","3":"status-publish","4":"format-standard","5":"has-post-thumbnail","7":"category-algerie","8":"tag-algerie","9":"tag-debatdoc","10":"tag-debatdoc-episode","11":"tag-debatdoc-episode-la-chaine-parlementaire","12":"tag-debatdoc-la-chaine-parlementaire","13":"tag-debatdoc-la-chaine-parlementaire-streaming","14":"tag-debatdoc-la-chaine-parlementaire-streaming-gratuit","15":"tag-debatdoc-la-chaine-parlementaire-video","16":"tag-debatdoc-streaming","17":"tag-debatdoc-streaming-gratuit","18":"tag-debatdoc-video","19":"tag-episode","20":"tag-episode-debatdoc","21":"tag-episode-debatdoc-la-chaine-parlementaire","22":"tag-episode-la-chaine-parlementaire","23":"tag-streaming-debatdoc","24":"tag-streaming-debatdoc-la-chaine-parlementaire","25":"tag-streaming-gratuit-debatdoc","26":"tag-streaming-gratuit-debatdoc-la-chaine-parlementaire","27":"tag-video-debatdoc","28":"tag-video-debatdoc-la-chaine-parlementaire"},"share_on_mastodon":{"url":"","error":""},"_links":{"self":[{"href":"https:\/\/www.europesays.com\/africa\/wp-json\/wp\/v2\/posts\/19504","targetHints":{"allow":["GET"]}}],"collection":[{"href":"https:\/\/www.europesays.com\/africa\/wp-json\/wp\/v2\/posts"}],"about":[{"href":"https:\/\/www.europesays.com\/africa\/wp-json\/wp\/v2\/types\/post"}],"author":[{"embeddable":true,"href":"https:\/\/www.europesays.com\/africa\/wp-json\/wp\/v2\/users\/2"}],"replies":[{"embeddable":true,"href":"https:\/\/www.europesays.com\/africa\/wp-json\/wp\/v2\/comments?post=19504"}],"version-history":[{"count":0,"href":"https:\/\/www.europesays.com\/africa\/wp-json\/wp\/v2\/posts\/19504\/revisions"}],"wp:featuredmedia":[{"embeddable":true,"href":"https:\/\/www.europesays.com\/africa\/wp-json\/wp\/v2\/media\/19505"}],"wp:attachment":[{"href":"https:\/\/www.europesays.com\/africa\/wp-json\/wp\/v2\/media?parent=19504"}],"wp:term":[{"taxonomy":"category","embeddable":true,"href":"https:\/\/www.europesays.com\/africa\/wp-json\/wp\/v2\/categories?post=19504"},{"taxonomy":"post_tag","embeddable":true,"href":"https:\/\/www.europesays.com\/africa\/wp-json\/wp\/v2\/tags?post=19504"}],"curies":[{"name":"wp","href":"https:\/\/api.w.org\/{rel}","templated":true}]}}